{"id":8085,"date":"2017-07-05T16:31:44","date_gmt":"2017-07-05T19:31:44","guid":{"rendered":"http:\/\/172.16.0.7\/site-antigo\/?p=8085"},"modified":"2024-10-08T09:14:50","modified_gmt":"2024-10-08T12:14:50","slug":"saude-licita-instituicao-para-realizacao-de-concurso","status":"publish","type":"post","link":"http:\/\/www.apucarana.pr.gov.br\/site\/saude-licita-instituicao-para-realizacao-de-concurso\/","title":{"rendered":"Sa\u00fade licita institui\u00e7\u00e3o para realiza\u00e7\u00e3o de concurso"},"content":{"rendered":"<p style=\"text-align: justify;line-height: 17.55pt;background: white;vertical-align: baseline;margin: 0cm 0cm 11.25pt 0cm\"><span style=\"font-size: 13.5pt;font-family: 'Helvetica','sans-serif';color: #333333\">J\u00e1 com o projeto de lei aprovado na C\u00e2mara Municipal, o concurso p\u00fablico da Autarquia Municipal de Sa\u00fade, anunciado no dia 14 de junho pelo prefeito Beto Preto, entrou na fase de licita\u00e7\u00e3o para contrata\u00e7\u00e3o da institui\u00e7\u00e3o respons\u00e1vel pela organiza\u00e7\u00e3o do certame. Segundo o vice-presidente da AMS, Em\u00eddio Bachiega, a previs\u00e3o \u00e9 de o processo licitat\u00f3rio seja conclu\u00eddo na pr\u00f3xima semana.<\/span><\/p>\n<p style=\"text-align: justify;line-height: 17.55pt;background: white;vertical-align: baseline;margin: 0cm 0cm 11.25pt 0cm\"><span style=\"font-size: 13.5pt;font-family: 'Helvetica','sans-serif';color: #333333\">\u201cNa sequ\u00eancia ser\u00e1 elaborado o edital do concurso, cujas provas est\u00e3o previstas para acontecer no final de agosto ou come\u00e7o de setembro\u201d, informa Bachiega. A AMS vai realizar concurso p\u00fablico para contrata\u00e7\u00e3o de mais m\u00e9dicos (6 vagas), dentista (1 vaga), enfermeiros (3 vagas) e t\u00e9cnicos em enfermagem (3 vagas). <\/span><\/p>\n","protected":false},"excerpt":{"rendered":"<p>S\u00e3o oferecidas 13 vagas, para m\u00e9dicos, dentista, enfermeiros e t\u00e9cnicos em enfermagem <\/p>\n","protected":false},"author":4,"featured_media":8086,"comment_status":"closed","ping_status":"open","sticky":false,"template":"","format":"standard","meta":{"footnotes":""},"categories":[24],"tags":[],"class_list":["post-8085","post","type-post","status-publish","format-standard","has-post-thumbnail","hentry","category-noticias"],"acf":[],"_links":{"self":[{"href":"http:\/\/www.apucarana.pr.gov.br\/site\/wp-json\/wp\/v2\/posts\/8085","targetHints":{"allow":["GET"]}}],"collection":[{"href":"http:\/\/www.apucarana.pr.gov.br\/site\/wp-json\/wp\/v2\/posts"}],"about":[{"href":"http:\/\/www.apucarana.pr.gov.br\/site\/wp-json\/wp\/v2\/types\/post"}],"author":[{"embeddable":true,"href":"http:\/\/www.apucarana.pr.gov.br\/site\/wp-json\/wp\/v2\/users\/4"}],"replies":[{"embeddable":true,"href":"http:\/\/www.apucarana.pr.gov.br\/site\/wp-json\/wp\/v2\/comments?post=8085"}],"version-history":[{"count":1,"href":"http:\/\/www.apucarana.pr.gov.br\/site\/wp-json\/wp\/v2\/posts\/8085\/revisions"}],"predecessor-version":[{"id":102245,"href":"http:\/\/www.apucarana.pr.gov.br\/site\/wp-json\/wp\/v2\/posts\/8085\/revisions\/102245"}],"wp:featuredmedia":[{"embeddable":true,"href":"http:\/\/www.apucarana.pr.gov.br\/site\/wp-json\/"}],"wp:attachment":[{"href":"http:\/\/www.apucarana.pr.gov.br\/site\/wp-json\/wp\/v2\/media?parent=8085"}],"wp:term":[{"taxonomy":"category","embeddable":true,"href":"http:\/\/www.apucarana.pr.gov.br\/site\/wp-json\/wp\/v2\/categories?post=8085"},{"taxonomy":"post_tag","embeddable":true,"href":"http:\/\/www.apucarana.pr.gov.br\/site\/wp-json\/wp\/v2\/tags?post=8085"}],"curies":[{"name":"wp","href":"https:\/\/api.w.org\/{rel}","templated":true}]}}