{"id":80708,"date":"2023-05-10T11:41:46","date_gmt":"2023-05-10T14:41:46","guid":{"rendered":"http:\/\/www.apucarana.pr.gov.br\/site\/?p=80708"},"modified":"2024-10-08T09:30:05","modified_gmt":"2024-10-08T12:30:05","slug":"apucarana-conquista-o-primeiro-lugar-na-etapa-estadual-do-concurso-de-redacao-de-cartas-dos-correios","status":"publish","type":"post","link":"http:\/\/www.apucarana.pr.gov.br\/site\/apucarana-conquista-o-primeiro-lugar-na-etapa-estadual-do-concurso-de-redacao-de-cartas-dos-correios\/","title":{"rendered":"Apucarana conquista o primeiro lugar na etapa estadual do concurso de reda\u00e7\u00e3o de cartas dos Correios"},"content":{"rendered":"\n\t\t<!-- MasterSlider -->\n\t\t<div id=\"P_MS69f5786168ae0\" class=\"master-slider-parent master-slider-gallery   ms-parent-id-0\" style=\"\" >\n\n\t\t\t\n\t\t\t<!-- MasterSlider Main -->\n\t\t\t<div id=\"MS69f5786168ae0\" class=\"master-slider ms-skin-default\" >\n\t\t\t\t \t\t\t\t \n\t\t\t<div  class=\"ms-slide\" data-delay=\"3\"    >\n\t\t\t\t\t<img decoding=\"async\" src=\"http:\/\/www.apucarana.pr.gov.br\/site\/wp-content\/plugins\/masterslider\/public\/assets\/css\/blank.gif\" alt=\"IMG_5366\" title=\"IMG_5366\" data-src=\"http:\/\/www.apucarana.pr.gov.br\/site\/wp-content\/uploads\/2023\/05\/IMG_5366-1024x683.jpg\" \/>\n\t<a href=\"http:\/\/www.apucarana.pr.gov.br\/site\/wp-content\/uploads\/2023\/05\/IMG_5366-1024x683.jpg\" target=\"_self\"    >IMG_5366<\/a>\n\n\n\t<img decoding=\"async\" class=\"ms-thumb\" src=\"http:\/\/www.apucarana.pr.gov.br\/site\/wp-content\/uploads\/2023\/05\/IMG_5366-1024x683-140x80.jpg\" alt=\"IMG_5366\" \/>\n\t\t\t\t<\/div>\n\t\t\t<div  class=\"ms-slide\" data-delay=\"3\"    >\n\t\t\t\t\t<img decoding=\"async\" src=\"http:\/\/www.apucarana.pr.gov.br\/site\/wp-content\/plugins\/masterslider\/public\/assets\/css\/blank.gif\" alt=\"IMG_5372\" title=\"IMG_5372\" data-src=\"http:\/\/www.apucarana.pr.gov.br\/site\/wp-content\/uploads\/2023\/05\/IMG_5372-1024x683.jpg\" \/>\n\t<a href=\"http:\/\/www.apucarana.pr.gov.br\/site\/wp-content\/uploads\/2023\/05\/IMG_5372-1024x683.jpg\" target=\"_self\"    >IMG_5372<\/a>\n\n\n\t<img decoding=\"async\" class=\"ms-thumb\" src=\"http:\/\/www.apucarana.pr.gov.br\/site\/wp-content\/uploads\/2023\/05\/IMG_5372-1024x683-140x80.jpg\" alt=\"IMG_5372\" \/>\n\t\t\t\t<\/div>\n\t\t\t<div  class=\"ms-slide\" data-delay=\"3\"    >\n\t\t\t\t\t<img decoding=\"async\" src=\"http:\/\/www.apucarana.pr.gov.br\/site\/wp-content\/plugins\/masterslider\/public\/assets\/css\/blank.gif\" alt=\"IMG_5373\" title=\"IMG_5373\" data-src=\"http:\/\/www.apucarana.pr.gov.br\/site\/wp-content\/uploads\/2023\/05\/IMG_5373-1024x683.jpg\" \/>\n\t<a href=\"http:\/\/www.apucarana.pr.gov.br\/site\/wp-content\/uploads\/2023\/05\/IMG_5373-1024x683.jpg\" target=\"_self\"    >IMG_5373<\/a>\n\n\n\t<img decoding=\"async\" class=\"ms-thumb\" src=\"http:\/\/www.apucarana.pr.gov.br\/site\/wp-content\/uploads\/2023\/05\/IMG_5373-1024x683-140x80.jpg\" alt=\"IMG_5373\" \/>\n\t\t\t\t<\/div>\n\t\t\t<div  class=\"ms-slide\" data-delay=\"3\"    >\n\t\t\t\t\t<img decoding=\"async\" src=\"http:\/\/www.apucarana.pr.gov.br\/site\/wp-content\/plugins\/masterslider\/public\/assets\/css\/blank.gif\" alt=\"IMG_5376\" title=\"IMG_5376\" data-src=\"http:\/\/www.apucarana.pr.gov.br\/site\/wp-content\/uploads\/2023\/05\/IMG_5376-1024x683.jpg\" \/>\n\t<a href=\"http:\/\/www.apucarana.pr.gov.br\/site\/wp-content\/uploads\/2023\/05\/IMG_5376-1024x683.jpg\" target=\"_self\"    >IMG_5376<\/a>\n\n\n\t<img decoding=\"async\" class=\"ms-thumb\" src=\"http:\/\/www.apucarana.pr.gov.br\/site\/wp-content\/uploads\/2023\/05\/IMG_5376-1024x683-140x80.jpg\" alt=\"IMG_5376\" \/>\n\t\t\t\t<\/div>\n\t\t\t<div  class=\"ms-slide\" data-delay=\"3\"    >\n\t\t\t\t\t<img decoding=\"async\" src=\"http:\/\/www.apucarana.pr.gov.br\/site\/wp-content\/plugins\/masterslider\/public\/assets\/css\/blank.gif\" alt=\"IMG_5379\" title=\"IMG_5379\" data-src=\"http:\/\/www.apucarana.pr.gov.br\/site\/wp-content\/uploads\/2023\/05\/IMG_5379-1024x645.jpg\" \/>\n\t<a href=\"http:\/\/www.apucarana.pr.gov.br\/site\/wp-content\/uploads\/2023\/05\/IMG_5379-1024x645.jpg\" target=\"_self\"    >IMG_5379<\/a>\n\n\n\t<img decoding=\"async\" class=\"ms-thumb\" src=\"http:\/\/www.apucarana.pr.gov.br\/site\/wp-content\/uploads\/2023\/05\/IMG_5379-1024x645-140x80.jpg\" alt=\"IMG_5379\" \/>\n\t\t\t\t<\/div>\n\n\t\t\t<\/div>\n\t\t\t<!-- END MasterSlider Main -->\n\n\t\t\t \n\t\t<\/div>\n\t\t<!-- END MasterSlider -->\n\n\t\t<script>\n\t\t( window.MSReady = window.MSReady || [] ).push( function( $ ) {\n\n\t\t\t\"use strict\";\n\t\t\tvar masterslider_8ae0 = new MasterSlider();\n\n\t\t\t\/\/ slider controls\n\t\t\tmasterslider_8ae0.control('arrows'     ,{ autohide:true, overVideo:true  });\n\t\t\tmasterslider_8ae0.control('thumblist'  ,{ autohide:false, overVideo:true, dir:'h', speed:17, inset:false, arrows:false, hover:false, customClass:'', align:'bottom',type:'thumbs', margin:2, width:140, height:80, space:2, fillMode:'fill'  });\n\t\t\t\/\/ slider setup\n\t\t\tmasterslider_8ae0.setup(\"MS69f5786168ae0\", {\n\t\t\t\twidth           : 960,\n\t\t\t\theight          : 540,\n\t\t\t\tminHeight       : 0,\n\t\t\t\tspace           : 0,\n\t\t\t\tstart           : 1,\n\t\t\t\tgrabCursor      : true,\n\t\t\t\tswipe           : true,\n\t\t\t\tmouse           : true,\n\t\t\t\tkeyboard        : false,\n\t\t\t\tlayout          : \"fillwidth\",\n\t\t\t\twheel           : false,\n\t\t\t\tautoplay        : true,\n                instantStartLayers:false,\n\t\t\t\tmobileBGVideo:false,\n\t\t\t\tloop            : true,\n\t\t\t\tshuffle         : false,\n\t\t\t\tpreload         : 3,\n\t\t\t\theightLimit     : false,\n\t\t\t\tautoHeight      : false,\n\t\t\t\tsmoothHeight    : true,\n\t\t\t\tendPause        : false,\n\t\t\t\toverPause       : false,\n\t\t\t\tfillMode        : \"fill\",\n\t\t\t\tcenterControls  : true,\n\t\t\t\tstartOnAppear   : false,\n\t\t\t\tlayersMode      : \"center\",\n\t\t\t\tautofillTarget  : \"\",\n\t\t\t\thideLayers      : false,\n\t\t\t\tfullscreenMargin: 0,\n\t\t\t\tspeed           : 17,\n\t\t\t\tdir             : \"h\",\n\t\t\t\tresponsive      : true,\n\t\t\t\ttabletWidth     : 768,\n\t\t\t\ttabletHeight    : null,\n\t\t\t\tphoneWidth      : 480,\n\t\t\t\tphoneHeight    : null,\n\t\t\t\tsizingReference : window,\n\t\t\t\tparallaxMode    : 'swipe',\n\t\t\t\tview            : \"basic\"\n\t\t\t});\n\n\t\t\t\n\t\t\twindow.masterslider_instances = window.masterslider_instances || [];\n\t\t\twindow.masterslider_instances.push( masterslider_8ae0 );\n\t\t});\n\t\t<\/script>\n\n\n<p>A Escola Municipal Monsenhor Arnaldo Beltrami, no Jardim Colonial, recebeu ontem (9\/5) a visita do superintendente de opera\u00e7\u00f5es dos Correios no Paran\u00e1, Marcos Paulo Paim. Ele veio at\u00e9 o munic\u00edpio para conhecer a estudante Vit\u00f3ria de Souza Ribeiro, do 5\u00ba Ano, que conquistou recentemente o primeiro lugar na etapa estadual do 52\u00ba Concurso Internacional de Reda\u00e7\u00e3o de Cartas.<\/p>\n<p>O Concurso Internacional de Reda\u00e7\u00e3o de Cartas \u00e9 promovido anualmente pela Uni\u00e3o Postal Universal (UPU), sediada em Berna, na Su\u00ed\u00e7a, com o objetivo de fomentar a alfabetiza\u00e7\u00e3o, a escrita, a express\u00e3o da criatividade e o desenvolvimento dos conhecimentos lingu\u00edsticos de crian\u00e7as e jovens atrav\u00e9s da arte epistolar. No Brasil, a realiza\u00e7\u00e3o da atividade fica a cargo dos Correios.<\/p>\n<p>Em 2023, o concurso abordou o seguinte tema: Imagine que voc\u00ea \u00e9 um super-her\u00f3i e sua miss\u00e3o \u00e9 tornar as estradas do mundo mais seguras para as crian\u00e7as. Escreva uma carta para algu\u00e9m explicando quais superpoderes voc\u00ea precisaria para cumprir sua miss\u00e3o.<\/p>\n<p>A secret\u00e1ria de educa\u00e7\u00e3o, Marli Fernandes, destacou que aulas sobre seguran\u00e7a no tr\u00e2nsito fazem parte do curr\u00edculo da rede municipal de ensino de Apucarana. \u201cPor meio de um projeto desenvolvido em parceria com a Guarda Civil Municipal, os nossos estudantes aprendem sobre as principais regras para um tr\u00e2nsito seguro e harmonioso, como a import\u00e2ncia do uso do capacete e do cinto e da obedi\u00eancia \u00e0 sinaliza\u00e7\u00e3o. Eu acredito que isso contribuiu para que a Vit\u00f3ria compusesse uma carta bastante informativa e coesa,\u201d disse.<\/p>\n<p>\u201cEu li a carta escrita pela Vit\u00f3ria e fiquei impressionado com a criatividade dela. Como estava cumprindo agenda na regi\u00e3o, resolvi passar aqui para cumprimentar pessoalmente a estudante, a professora, as coordenadoras e a diretora escolar pelo belo trabalho desenvolvido,\u201d congratulou o superintendente estadual de opera\u00e7\u00f5es dos Correios, Marcos Paulo Paim.<\/p>\n<p>O prefeito Junior da Femac recebeu com alegria a not\u00edcia da premia\u00e7\u00e3o da menina da Escola Municipal Monsenhor Arnaldo Beltrami. \u201cA nossa aluna estava concorrendo com centenas de estudantes, das redes p\u00fablica e privada, de todas as regi\u00f5es do Paran\u00e1. E conquistou o primeiro lugar! Isso demonstra que estamos no caminho certo, ofertando educa\u00e7\u00e3o de qualidade e com oportunidades iguais de aprendizado \u00e0s crian\u00e7as de Apucarana,\u201d afirmou.<\/p>\n<p>Vit\u00f3ria de Souza Ribeiro aproveitou para dar algumas dicas aos colegas que desejam se sobressair em concursos de reda\u00e7\u00e3o. \u201cTem que prestar aten\u00e7\u00e3o nas aulas, ler bastante e ter muita criatividade para escrever uma carta como essa,\u201d falou.<\/p>\n<p>Participaram tamb\u00e9m da visita \u00e0 Escola Municipal Monsenhor Arnaldo Beltrami, o coordenador de opera\u00e7\u00f5es dos Correios, Rodilso de Moraes; o gerente de distribui\u00e7\u00e3o dos Correios, Ailton Olino de Abreu; e o assessor t\u00e9cnico dos Correios, Fernando dos Santos Silva. A cerim\u00f4nia de premia\u00e7\u00e3o da estudante deve ser realizada em breve.<\/p>\n","protected":false},"excerpt":{"rendered":"<p>A Escola Municipal Monsenhor Arnaldo Beltrami, no Jardim Colonial, recebeu ontem (9\/5) a visita do superintendente de opera&ccedil;&otilde;es dos Correios no Paran&aacute;, Marcos Paulo Paim. Ele veio at&eacute; o munic&iacute;pio para conhecer a estudante Vit&oacute;ria de Souza Ribeiro, do 5&ordm; Ano, que conquistou recentemente o primeiro lugar na etapa estadual do 52&ordm; Concurso Internacional de [&hellip;]<\/p>\n","protected":false},"author":8,"featured_media":80713,"comment_status":"closed","ping_status":"closed","sticky":false,"template":"","format":"standard","meta":{"footnotes":""},"categories":[24],"tags":[101,53,218,39,100],"class_list":["post-80708","post","type-post","status-publish","format-standard","has-post-thumbnail","hentry","category-noticias","tag-concurso-de-redacao","tag-educacao","tag-fe-esperanca-e-trabalho","tag-prefeitura-de-apucarana","tag-premiacao"],"acf":[],"_links":{"self":[{"href":"http:\/\/www.apucarana.pr.gov.br\/site\/wp-json\/wp\/v2\/posts\/80708","targetHints":{"allow":["GET"]}}],"collection":[{"href":"http:\/\/www.apucarana.pr.gov.br\/site\/wp-json\/wp\/v2\/posts"}],"about":[{"href":"http:\/\/www.apucarana.pr.gov.br\/site\/wp-json\/wp\/v2\/types\/post"}],"author":[{"embeddable":true,"href":"http:\/\/www.apucarana.pr.gov.br\/site\/wp-json\/wp\/v2\/users\/8"}],"replies":[{"embeddable":true,"href":"http:\/\/www.apucarana.pr.gov.br\/site\/wp-json\/wp\/v2\/comments?post=80708"}],"version-history":[{"count":1,"href":"http:\/\/www.apucarana.pr.gov.br\/site\/wp-json\/wp\/v2\/posts\/80708\/revisions"}],"predecessor-version":[{"id":80714,"href":"http:\/\/www.apucarana.pr.gov.br\/site\/wp-json\/wp\/v2\/posts\/80708\/revisions\/80714"}],"wp:featuredmedia":[{"embeddable":true,"href":"http:\/\/www.apucarana.pr.gov.br\/site\/wp-json\/wp\/v2\/media\/80713"}],"wp:attachment":[{"href":"http:\/\/www.apucarana.pr.gov.br\/site\/wp-json\/wp\/v2\/media?parent=80708"}],"wp:term":[{"taxonomy":"category","embeddable":true,"href":"http:\/\/www.apucarana.pr.gov.br\/site\/wp-json\/wp\/v2\/categories?post=80708"},{"taxonomy":"post_tag","embeddable":true,"href":"http:\/\/www.apucarana.pr.gov.br\/site\/wp-json\/wp\/v2\/tags?post=80708"}],"curies":[{"name":"wp","href":"https:\/\/api.w.org\/{rel}","templated":true}]}}