{"id":80638,"date":"2023-05-09T09:27:31","date_gmt":"2023-05-09T12:27:31","guid":{"rendered":"http:\/\/www.apucarana.pr.gov.br\/site\/?p=80638"},"modified":"2024-10-08T09:30:06","modified_gmt":"2024-10-08T12:30:06","slug":"seguem-abertas-as-inscricoes-para-o-mba-em-gestao-publica-e-inovacao","status":"publish","type":"post","link":"http:\/\/www.apucarana.pr.gov.br\/site\/seguem-abertas-as-inscricoes-para-o-mba-em-gestao-publica-e-inovacao\/","title":{"rendered":"Seguem abertas as inscri\u00e7\u00f5es para o MBA em Gest\u00e3o P\u00fablica e Inova\u00e7\u00e3o"},"content":{"rendered":"\n\t\t<!-- MasterSlider -->\n\t\t<div id=\"P_MS69f57958157c4\" class=\"master-slider-parent master-slider-gallery   ms-parent-id-0\" style=\"\" >\n\n\t\t\t\n\t\t\t<!-- MasterSlider Main -->\n\t\t\t<div id=\"MS69f57958157c4\" class=\"master-slider ms-skin-default\" >\n\t\t\t\t \t\t\t\t \n\t\t\t<div  class=\"ms-slide\" data-delay=\"3\"    >\n\t\t\t\t\t<img decoding=\"async\" src=\"http:\/\/www.apucarana.pr.gov.br\/site\/wp-content\/plugins\/masterslider\/public\/assets\/css\/blank.gif\" alt=\"MBA em Gest\u00e3o P\u00fablica e Inova\u00e7\u00e3o - 1\" title=\"MBA em Gest\u00e3o P\u00fablica e Inova\u00e7\u00e3o - 1\" data-src=\"http:\/\/www.apucarana.pr.gov.br\/site\/wp-content\/uploads\/2023\/05\/MBA-em-Gestao-Publica-e-Inovacao-1-1024x1024.jpg\" \/>\n\t<a href=\"http:\/\/www.apucarana.pr.gov.br\/site\/wp-content\/uploads\/2023\/05\/MBA-em-Gestao-Publica-e-Inovacao-1-1024x1024.jpg\" target=\"_self\"    >MBA em Gest\u00e3o P\u00fablica e Inova\u00e7\u00e3o - 1<\/a>\n\n\n\t<img decoding=\"async\" class=\"ms-thumb\" src=\"http:\/\/www.apucarana.pr.gov.br\/site\/wp-content\/uploads\/2023\/05\/MBA-em-Gestao-Publica-e-Inovacao-1-1024x1024-140x80.jpg\" alt=\"MBA em Gest\u00e3o P\u00fablica e Inova\u00e7\u00e3o - 1\" \/>\n\t\t\t\t<\/div>\n\t\t\t<div  class=\"ms-slide\" data-delay=\"3\"    >\n\t\t\t\t\t<img decoding=\"async\" src=\"http:\/\/www.apucarana.pr.gov.br\/site\/wp-content\/plugins\/masterslider\/public\/assets\/css\/blank.gif\" alt=\"MBA em Gest\u00e3o P\u00fablica e Inova\u00e7\u00e3o - 2\" title=\"MBA em Gest\u00e3o P\u00fablica e Inova\u00e7\u00e3o - 2\" data-src=\"http:\/\/www.apucarana.pr.gov.br\/site\/wp-content\/uploads\/2023\/05\/MBA-em-Gestao-Publica-e-Inovacao-2.jpg\" \/>\n\t<a href=\"http:\/\/www.apucarana.pr.gov.br\/site\/wp-content\/uploads\/2023\/05\/MBA-em-Gestao-Publica-e-Inovacao-2.jpg\" target=\"_self\"    >MBA em Gest\u00e3o P\u00fablica e Inova\u00e7\u00e3o - 2<\/a>\n\n\n\t<img decoding=\"async\" class=\"ms-thumb\" src=\"http:\/\/www.apucarana.pr.gov.br\/site\/wp-content\/uploads\/2023\/05\/MBA-em-Gestao-Publica-e-Inovacao-2-140x80.jpg\" alt=\"MBA em Gest\u00e3o P\u00fablica e Inova\u00e7\u00e3o - 2\" \/>\n\t\t\t\t<\/div>\n\t\t\t<div  class=\"ms-slide\" data-delay=\"3\"    >\n\t\t\t\t\t<img decoding=\"async\" src=\"http:\/\/www.apucarana.pr.gov.br\/site\/wp-content\/plugins\/masterslider\/public\/assets\/css\/blank.gif\" alt=\"MBA em Gest\u00e3o P\u00fablica e Inova\u00e7\u00e3o - 3\" title=\"MBA em Gest\u00e3o P\u00fablica e Inova\u00e7\u00e3o - 3\" data-src=\"http:\/\/www.apucarana.pr.gov.br\/site\/wp-content\/uploads\/2023\/05\/MBA-em-Gestao-Publica-e-Inovacao-3-768x1024.jpeg\" \/>\n\t<a href=\"http:\/\/www.apucarana.pr.gov.br\/site\/wp-content\/uploads\/2023\/05\/MBA-em-Gestao-Publica-e-Inovacao-3-768x1024.jpeg\" target=\"_self\"    >MBA em Gest\u00e3o P\u00fablica e Inova\u00e7\u00e3o - 3<\/a>\n\n\n\t<img decoding=\"async\" class=\"ms-thumb\" src=\"http:\/\/www.apucarana.pr.gov.br\/site\/wp-content\/uploads\/2023\/05\/MBA-em-Gestao-Publica-e-Inovacao-3-768x1024-140x80.jpeg\" alt=\"MBA em Gest\u00e3o P\u00fablica e Inova\u00e7\u00e3o - 3\" \/>\n\t\t\t\t<\/div>\n\n\t\t\t<\/div>\n\t\t\t<!-- END MasterSlider Main -->\n\n\t\t\t \n\t\t<\/div>\n\t\t<!-- END MasterSlider -->\n\n\t\t<script>\n\t\t( window.MSReady = window.MSReady || [] ).push( function( $ ) {\n\n\t\t\t\"use strict\";\n\t\t\tvar masterslider_57c4 = new MasterSlider();\n\n\t\t\t\/\/ slider controls\n\t\t\tmasterslider_57c4.control('arrows'     ,{ autohide:true, overVideo:true  });\n\t\t\tmasterslider_57c4.control('thumblist'  ,{ autohide:false, overVideo:true, dir:'h', speed:17, inset:false, arrows:false, hover:false, customClass:'', align:'bottom',type:'thumbs', margin:2, width:140, height:80, space:2, fillMode:'fill'  });\n\t\t\t\/\/ slider setup\n\t\t\tmasterslider_57c4.setup(\"MS69f57958157c4\", {\n\t\t\t\twidth           : 960,\n\t\t\t\theight          : 540,\n\t\t\t\tminHeight       : 0,\n\t\t\t\tspace           : 0,\n\t\t\t\tstart           : 1,\n\t\t\t\tgrabCursor      : true,\n\t\t\t\tswipe           : true,\n\t\t\t\tmouse           : true,\n\t\t\t\tkeyboard        : false,\n\t\t\t\tlayout          : \"fillwidth\",\n\t\t\t\twheel           : false,\n\t\t\t\tautoplay        : true,\n                instantStartLayers:false,\n\t\t\t\tmobileBGVideo:false,\n\t\t\t\tloop            : true,\n\t\t\t\tshuffle         : false,\n\t\t\t\tpreload         : 3,\n\t\t\t\theightLimit     : false,\n\t\t\t\tautoHeight      : false,\n\t\t\t\tsmoothHeight    : true,\n\t\t\t\tendPause        : false,\n\t\t\t\toverPause       : false,\n\t\t\t\tfillMode        : \"fill\",\n\t\t\t\tcenterControls  : true,\n\t\t\t\tstartOnAppear   : false,\n\t\t\t\tlayersMode      : \"center\",\n\t\t\t\tautofillTarget  : \"\",\n\t\t\t\thideLayers      : false,\n\t\t\t\tfullscreenMargin: 0,\n\t\t\t\tspeed           : 17,\n\t\t\t\tdir             : \"h\",\n\t\t\t\tresponsive      : true,\n\t\t\t\ttabletWidth     : 768,\n\t\t\t\ttabletHeight    : null,\n\t\t\t\tphoneWidth      : 480,\n\t\t\t\tphoneHeight    : null,\n\t\t\t\tsizingReference : window,\n\t\t\t\tparallaxMode    : 'swipe',\n\t\t\t\tview            : \"basic\"\n\t\t\t});\n\n\t\t\t\n\t\t\twindow.masterslider_instances = window.masterslider_instances || [];\n\t\t\twindow.masterslider_instances.push( masterslider_57c4 );\n\t\t});\n\t\t<\/script>\n\n\n<p>Seguem abertas as inscri\u00e7\u00f5es para a forma\u00e7\u00e3o de uma nova turma do curso de Especializa\u00e7\u00e3o Lato Sensu MBA em Gest\u00e3o P\u00fablica e Inova\u00e7\u00e3o. A p\u00f3s-gradua\u00e7\u00e3o ser\u00e1 ofertada na modalidade de educa\u00e7\u00e3o a dist\u00e2ncia pela Universidade Estadual do Centro-Oeste (Unicentro), em conv\u00eanio com a Superintend\u00eancia de Ci\u00eancia, Tecnologia e Ensino Superior (SETI), por meio da Universidade Virtual do Paran\u00e1 e da Unidade Executiva do Fundo Paran\u00e1. Ao todo, s\u00e3o 25 vagas destinadas ao polo apucaranense da Universidade Aberta do Brasil (Polo da UAB-Apucarana).<\/p>\n<p>Os interessados t\u00eam at\u00e9 21 de maio para realizar a inscri\u00e7\u00e3o, exclusivamente pela internet, por meio do endere\u00e7o <a href=\"https:\/\/evento.unicentro.br\/site\/nead-esp\/2023\/1\">https:\/\/evento.unicentro.br\/site\/nead-esp\/2023\/1<\/a>.<\/p>\n<p>A classifica\u00e7\u00e3o dos candidatos ser\u00e1 feita de acordo com os crit\u00e9rios previstos no edital de abertura n\u00ba 027\/2023: forma\u00e7\u00e3o em n\u00edvel superior ou em curso superior de tecnologia (nas \u00e1reas de gest\u00e3o p\u00fablica, engenharia da computa\u00e7\u00e3o e internet); tempo de atua\u00e7\u00e3o no setor p\u00fablico e\/ou terceiro setor; experi\u00eancia profissional em \u00e1rea tecnol\u00f3gica ou de inova\u00e7\u00e3o; e segunda forma\u00e7\u00e3o de n\u00edvel superior e\/ou outra especializa\u00e7\u00e3o lato sensu.<\/p>\n<p>O edital completo encontra-se dispon\u00edvel no endere\u00e7o: <a href=\"https:\/\/ead.unicentro.br\/editais\/wp-content\/uploads\/sites\/27\/2023\/04\/Edital-027-2023-Inscricao-MBA-GPI-alunos-28-04-23-ultima-edicao.pdf\">https:\/\/ead.unicentro.br\/editais\/wp-content\/uploads\/sites\/27\/2023\/04\/Edital-027-2023-Inscricao-MBA-GPI-alunos-28-04-23-ultima-edicao.pdf<\/a><\/p>\n<p>Mais informa\u00e7\u00f5es podem ser obtidas diretamente no Polo da UAB-Apucarana, pelo e-mail apucaranapolo@gmail.com ou pelos telefones (43) 3425-1603 e (43) 99654-6483.<\/p>\n","protected":false},"excerpt":{"rendered":"<p>Seguem abertas as inscri&ccedil;&otilde;es para a forma&ccedil;&atilde;o de uma nova turma do curso de Especializa&ccedil;&atilde;o Lato Sensu MBA em Gest&atilde;o P&uacute;blica e Inova&ccedil;&atilde;o. A p&oacute;s-gradua&ccedil;&atilde;o ser&aacute; ofertada na modalidade de educa&ccedil;&atilde;o a dist&acirc;ncia pela Universidade Estadual do Centro-Oeste (Unicentro), em conv&ecirc;nio com a Superintend&ecirc;ncia de Ci&ecirc;ncia, Tecnologia e Ensino Superior (SETI), por meio da Universidade [&hellip;]<\/p>\n","protected":false},"author":8,"featured_media":80639,"comment_status":"closed","ping_status":"closed","sticky":false,"template":"","format":"standard","meta":{"footnotes":""},"categories":[24],"tags":[36,37,48,218,235,236,234,38,49,39,198],"class_list":["post-80638","post","type-post","status-publish","format-standard","has-post-thumbnail","hentry","category-noticias","tag-educacao-a-distancia","tag-ensino-superior","tag-especializacao","tag-fe-esperanca-e-trabalho","tag-gestao-publica","tag-inovacao","tag-mba","tag-polo-da-uab","tag-pos-graduacao","tag-prefeitura-de-apucarana","tag-unicentro"],"acf":[],"_links":{"self":[{"href":"http:\/\/www.apucarana.pr.gov.br\/site\/wp-json\/wp\/v2\/posts\/80638","targetHints":{"allow":["GET"]}}],"collection":[{"href":"http:\/\/www.apucarana.pr.gov.br\/site\/wp-json\/wp\/v2\/posts"}],"about":[{"href":"http:\/\/www.apucarana.pr.gov.br\/site\/wp-json\/wp\/v2\/types\/post"}],"author":[{"embeddable":true,"href":"http:\/\/www.apucarana.pr.gov.br\/site\/wp-json\/wp\/v2\/users\/8"}],"replies":[{"embeddable":true,"href":"http:\/\/www.apucarana.pr.gov.br\/site\/wp-json\/wp\/v2\/comments?post=80638"}],"version-history":[{"count":1,"href":"http:\/\/www.apucarana.pr.gov.br\/site\/wp-json\/wp\/v2\/posts\/80638\/revisions"}],"predecessor-version":[{"id":80642,"href":"http:\/\/www.apucarana.pr.gov.br\/site\/wp-json\/wp\/v2\/posts\/80638\/revisions\/80642"}],"wp:featuredmedia":[{"embeddable":true,"href":"http:\/\/www.apucarana.pr.gov.br\/site\/wp-json\/wp\/v2\/media\/80639"}],"wp:attachment":[{"href":"http:\/\/www.apucarana.pr.gov.br\/site\/wp-json\/wp\/v2\/media?parent=80638"}],"wp:term":[{"taxonomy":"category","embeddable":true,"href":"http:\/\/www.apucarana.pr.gov.br\/site\/wp-json\/wp\/v2\/categories?post=80638"},{"taxonomy":"post_tag","embeddable":true,"href":"http:\/\/www.apucarana.pr.gov.br\/site\/wp-json\/wp\/v2\/tags?post=80638"}],"curies":[{"name":"wp","href":"https:\/\/api.w.org\/{rel}","templated":true}]}}