{"id":8059,"date":"2017-07-05T14:01:09","date_gmt":"2017-07-05T17:01:09","guid":{"rendered":"http:\/\/172.16.0.7\/site-antigo\/?p=8059"},"modified":"2024-10-08T09:14:50","modified_gmt":"2024-10-08T12:14:50","slug":"cardapios-do-mes-de-julho","status":"publish","type":"post","link":"http:\/\/www.apucarana.pr.gov.br\/site\/cardapios-do-mes-de-julho\/","title":{"rendered":"Card\u00e1pios do m\u00eas de Julho"},"content":{"rendered":"<p>A Autarquia Municipal de Educa\u00e7\u00e3o divulga os card\u00e1pios do m\u00eas de julho para os mais de 11 mil alunos matriculados na rede. O primeiro semestre letivo termina no pr\u00f3ximo dia 14. Os CMEIs retomam as atividades no dia 25\/07, enquanto que as escolas voltam \u00e0s aulas em 31\/07.<br \/>\nCMEI \u2013 alunos de 4 a 12 meses<br \/>\n<img loading=\"lazy\" decoding=\"async\" class=\"alignnone size-full wp-image-8064\" src=\"http:\/\/www.apucarana.pr.gov.br\/site\/wp-content\/uploads\/2017\/07\/CARD\u00c1PIO-CMEI-4-A-12-MESES-JULHO-2017-1.jpg\" alt=\"\" width=\"842\" height=\"595\" \/><br \/>\n<img loading=\"lazy\" decoding=\"async\" class=\"alignnone size-full wp-image-8060\" src=\"http:\/\/www.apucarana.pr.gov.br\/site\/wp-content\/uploads\/2017\/07\/CARD\u00c1PIO-CMEI-4-A-12-MESES-JULHO-2017-2.jpg\" alt=\"\" width=\"842\" height=\"595\" \/><br \/>\n<img loading=\"lazy\" decoding=\"async\" class=\"alignnone size-full wp-image-8061\" src=\"http:\/\/www.apucarana.pr.gov.br\/site\/wp-content\/uploads\/2017\/07\/CARD\u00c1PIO-CMEI-4-A-12-MESES-JULHO-2017-3.jpg\" alt=\"\" width=\"842\" height=\"595\" \/><br \/>\n<img loading=\"lazy\" decoding=\"async\" class=\"alignnone size-full wp-image-8062\" src=\"http:\/\/www.apucarana.pr.gov.br\/site\/wp-content\/uploads\/2017\/07\/CARD\u00c1PIO-CMEI-4-A-12-MESES-JULHO-2017-4.jpg\" alt=\"\" width=\"842\" height=\"595\" \/><br \/>\nCMEI \u2013 alunos acima de 12 meses<br \/>\n<img loading=\"lazy\" decoding=\"async\" class=\"alignnone size-full wp-image-8065\" src=\"http:\/\/www.apucarana.pr.gov.br\/site\/wp-content\/uploads\/2017\/07\/CARD\u00c1PIO-CMEI-ACIMA-DE-12-MESES-JULHO-20171c\u00f3pia.jpg\" alt=\"\" width=\"842\" height=\"595\" \/><br \/>\n<img loading=\"lazy\" decoding=\"async\" class=\"alignnone size-full wp-image-8081\" src=\"http:\/\/www.apucarana.pr.gov.br\/site\/wp-content\/uploads\/2017\/07\/CARD\u00c1PIO-CMEI-ACIMA-DE-12-MESES-JULHO-20172c\u00f3pia-1.jpg\" alt=\"\" width=\"842\" height=\"595\" \/><br \/>\n<img loading=\"lazy\" decoding=\"async\" class=\"alignnone size-full wp-image-8082\" src=\"http:\/\/www.apucarana.pr.gov.br\/site\/wp-content\/uploads\/2017\/07\/CARD\u00c1PIO-CMEI-ACIMA-DE-12-MESES-JULHO-20173c\u00f3pia-1.jpg\" alt=\"\" width=\"842\" height=\"595\" \/><br \/>\n<img loading=\"lazy\" decoding=\"async\" class=\"alignnone size-full wp-image-8083\" src=\"http:\/\/www.apucarana.pr.gov.br\/site\/wp-content\/uploads\/2017\/07\/CARD\u00c1PIO-CMEI-ACIMA-DE-12-MESES-JULHO-20174c\u00f3pia-1.jpg\" alt=\"\" width=\"842\" height=\"595\" \/><br \/>\nEscolas de Tempo Integral<br \/>\n<img loading=\"lazy\" decoding=\"async\" class=\"alignnone size-full wp-image-8069\" src=\"http:\/\/www.apucarana.pr.gov.br\/site\/wp-content\/uploads\/2017\/07\/CARD\u00c1PIO-ESCOLAS-INTEGRAL-JULHO-20171c\u00f3pia.jpg\" alt=\"\" width=\"842\" height=\"595\" \/><br \/>\n<img loading=\"lazy\" decoding=\"async\" class=\"alignnone size-full wp-image-8070\" src=\"http:\/\/www.apucarana.pr.gov.br\/site\/wp-content\/uploads\/2017\/07\/CARD\u00c1PIO-ESCOLAS-INTEGRAL-JULHO-20172c\u00f3pia.jpg\" alt=\"\" width=\"842\" height=\"595\" \/><br \/>\nEscolas de Tempo Parcial \u2013 Matutino<br \/>\n<img loading=\"lazy\" decoding=\"async\" class=\"alignnone size-full wp-image-8071\" src=\"http:\/\/www.apucarana.pr.gov.br\/site\/wp-content\/uploads\/2017\/07\/CARD\u00c1PIO-ESCOLAS-MATUTINO-JULHO-20171c\u00f3pia.jpg\" alt=\"\" width=\"842\" height=\"595\" \/><br \/>\n<img loading=\"lazy\" decoding=\"async\" class=\"alignnone size-full wp-image-8072\" src=\"http:\/\/www.apucarana.pr.gov.br\/site\/wp-content\/uploads\/2017\/07\/CARD\u00c1PIO-ESCOLAS-MATUTINO-JULHO-20172c\u00f3pia.jpg\" alt=\"\" width=\"842\" height=\"595\" \/><br \/>\nEscolas de Tempo Parcial &#8211; Vespertino<br \/>\n<img loading=\"lazy\" decoding=\"async\" class=\"alignnone size-full wp-image-8073\" src=\"http:\/\/www.apucarana.pr.gov.br\/site\/wp-content\/uploads\/2017\/07\/CARD\u00c1PIO-ESCOLAS-VESPERTINO-JULHO-20171c\u00f3pia.jpg\" alt=\"\" width=\"842\" height=\"595\" \/><br \/>\nEduca\u00e7\u00e3o de Jovens e Adultos<br \/>\n<img loading=\"lazy\" decoding=\"async\" class=\"alignnone size-full wp-image-8075\" src=\"http:\/\/www.apucarana.pr.gov.br\/site\/wp-content\/uploads\/2017\/07\/CARD\u00c1PIO-ESCOLAS-EJA-JULHO-20171c\u00f3pia.jpg\" alt=\"\" width=\"842\" height=\"595\" \/><br \/>\n<img loading=\"lazy\" decoding=\"async\" class=\"alignnone size-full wp-image-8076\" src=\"http:\/\/www.apucarana.pr.gov.br\/site\/wp-content\/uploads\/2017\/07\/CARD\u00c1PIO-ESCOLAS-EJA-JULHO-20172c\u00f3pia.jpg\" alt=\"\" width=\"842\" height=\"595\" \/><br \/>\n<img loading=\"lazy\" decoding=\"async\" class=\"alignnone size-full wp-image-8074\" src=\"http:\/\/www.apucarana.pr.gov.br\/site\/wp-content\/uploads\/2017\/07\/CARD\u00c1PIO-ESCOLAS-VESPERTINO-JULHO-20172c\u00f3pia.jpg\" alt=\"\" width=\"842\" height=\"595\" \/><br \/>\n&nbsp;<\/p>\n","protected":false},"excerpt":{"rendered":"<p>A Autarquia Municipal de Educa\u00e7\u00e3o, por meio do Departamento de Alimenta\u00e7\u00e3o Escolar, atende diariamente mais de 11 mil alunos com a oferta de caf\u00e9 da manh\u00e3, almo\u00e7o e caf\u00e9 da tarde<\/p>\n","protected":false},"author":4,"featured_media":8077,"comment_status":"closed","ping_status":"open","sticky":false,"template":"","format":"standard","meta":{"footnotes":""},"categories":[24],"tags":[],"class_list":["post-8059","post","type-post","status-publish","format-standard","has-post-thumbnail","hentry","category-noticias"],"acf":[],"_links":{"self":[{"href":"http:\/\/www.apucarana.pr.gov.br\/site\/wp-json\/wp\/v2\/posts\/8059","targetHints":{"allow":["GET"]}}],"collection":[{"href":"http:\/\/www.apucarana.pr.gov.br\/site\/wp-json\/wp\/v2\/posts"}],"about":[{"href":"http:\/\/www.apucarana.pr.gov.br\/site\/wp-json\/wp\/v2\/types\/post"}],"author":[{"embeddable":true,"href":"http:\/\/www.apucarana.pr.gov.br\/site\/wp-json\/wp\/v2\/users\/4"}],"replies":[{"embeddable":true,"href":"http:\/\/www.apucarana.pr.gov.br\/site\/wp-json\/wp\/v2\/comments?post=8059"}],"version-history":[{"count":1,"href":"http:\/\/www.apucarana.pr.gov.br\/site\/wp-json\/wp\/v2\/posts\/8059\/revisions"}],"predecessor-version":[{"id":102246,"href":"http:\/\/www.apucarana.pr.gov.br\/site\/wp-json\/wp\/v2\/posts\/8059\/revisions\/102246"}],"wp:featuredmedia":[{"embeddable":true,"href":"http:\/\/www.apucarana.pr.gov.br\/site\/wp-json\/"}],"wp:attachment":[{"href":"http:\/\/www.apucarana.pr.gov.br\/site\/wp-json\/wp\/v2\/media?parent=8059"}],"wp:term":[{"taxonomy":"category","embeddable":true,"href":"http:\/\/www.apucarana.pr.gov.br\/site\/wp-json\/wp\/v2\/categories?post=8059"},{"taxonomy":"post_tag","embeddable":true,"href":"http:\/\/www.apucarana.pr.gov.br\/site\/wp-json\/wp\/v2\/tags?post=8059"}],"curies":[{"name":"wp","href":"https:\/\/api.w.org\/{rel}","templated":true}]}}