{"id":8048,"date":"2017-07-04T17:19:39","date_gmt":"2017-07-04T20:19:39","guid":{"rendered":"http:\/\/172.16.0.7\/site-antigo\/?p=8048"},"modified":"2024-10-08T09:14:50","modified_gmt":"2024-10-08T12:14:50","slug":"autarquia-de-saude-lanca-chamamento-para-exame-preventivo-do-colo-do-utero","status":"publish","type":"post","link":"http:\/\/www.apucarana.pr.gov.br\/site\/autarquia-de-saude-lanca-chamamento-para-exame-preventivo-do-colo-do-utero\/","title":{"rendered":"Autarquia de Sa\u00fade lan\u00e7a chamamento para exame preventivo do colo do \u00fatero\u00a0"},"content":{"rendered":"<p>&nbsp;<br \/>\n<strong>\u00a0<\/strong>Acumulando ao longo dos \u00faltimos quatro anos um \u00edndice abaixo do preconizado pelo Minist\u00e9rio da Sa\u00fade na cobertura do exame Papanicolau (preventivo do c\u00e2ncer do colo do \u00fatero), a Autarquia Municipal de Sa\u00fade (AMS) lan\u00e7a um chamamento entre as mulheres de 25 a 64 anos para amplia\u00e7\u00e3o da preven\u00e7\u00e3o contra a doen\u00e7a.<br \/>\nO exame preventivo \u00e9 oferecido em todas as 28 Unidades B\u00e1sicas de Sa\u00fade do munic\u00edpio pelo menos uma vez por semana. Ainda, em duas ocasi\u00f5es durante o ano, s\u00e3o disponibilizados atendimentos especiais, como aos s\u00e1bados e em hor\u00e1rios noturnos. Isso acontece normalmente no m\u00eas de mar\u00e7o e tamb\u00e9m durante a campanha do Outubro Rosa.<br \/>\nO chamamento da Autarquia Municipal de Sa\u00fade refor\u00e7a nota divulgada na semana passada pela Secretaria da Sa\u00fade do Estado (SESA), divulgando o resultado de um estudo que identificou a necessidade de se ampliar a cobertura do exame Papanicolau no Paran\u00e1. \u201cCom o exame \u00e9 poss\u00edvel identificar les\u00f5es precursoras de c\u00e2ncer que, quando descobertas nesta fase, tem 100% de chances de cura\u201d, desta a nota da SESA.<br \/>\nO c\u00e2ncer do colo do \u00fatero \u00e9 o terceiro mais freq\u00fcente na popula\u00e7\u00e3o feminina do Brasil, com a ocorr\u00eancia de quase 18 mil novos casos anualmente. No Paran\u00e1, em 2015, foram registradas 340 mortes pela doen\u00e7a.<br \/>\nJ\u00e1 em Apucarana, durante 2016, 10 mulheres morreram v\u00edtimas do c\u00e2ncer do colo do \u00fatero. \u201cEm 2013 foram 8 \u00f3bitos; em 2014, 8 \u00f3bitos; e 2015, 4 \u00f3bitos. Totalizando 30 mortes pela doen\u00e7a em 4 anos\u201d, informa o diretor presidente da AMS, Roberto Kaneta.<br \/>\nEm Apucarana, a raz\u00e3o de 0,45 das mulheres na faixa et\u00e1ria de 25 a 64 anos realizou o exame de colo de \u00fatero no ano passado. Um \u00edndice abaixo do recomendado pelo Minist\u00e9rio da Sa\u00fade, que \u00e9 de 0,65. Nos tr\u00eas anos anteriores a raz\u00e3o no munic\u00edpio foi de 0,55 em 2013; 0,62 em 2014; e 0,56 em 2015.<br \/>\n\u201c\u00c9 preciso reverter esse quadro. Refor\u00e7amos o apelo da SESA para que as mulheres compare\u00e7am regularmente UBS do seu bairro para fazer o exame preventivo. Trata-se de um cuidado b\u00e1sico na sa\u00fade da mulher. Uma preven\u00e7\u00e3o de uma doen\u00e7a que pode ser curada\u201d, observa Kaneta.<br \/>\n<strong>RECOMENDA\u00c7\u00d5ES<\/strong>\u00a0\u2013 O Minist\u00e9rio da Sa\u00fade, atrav\u00e9s do Instituto Nacional do C\u00e2ncer, recomenda que o in\u00edcio da coleta para o exame citopatol\u00f3gico seja aos 25 anos de idade para mulheres que j\u00e1 tiveram ou t\u00eam atividades sexuais. Os primeiros exames devem ser realizados com intervalo anual e os peri\u00f3dicos devem seguir at\u00e9 os 64 anos de idade. Para mulheres com mais de 64 anos de idade e que nunca se submeteram ao exame, deve-se realizar dois exames com intervalos de um a tr\u00eas anos.<br \/>\n&nbsp;<\/p>\n","protected":false},"excerpt":{"rendered":"<p>A exemplo do Estado, \u00edndice do exame no munic\u00edpio est\u00e1 abaixo do recomendado pelo Minist\u00e9rio da Sa\u00fade\u00a0(Foto &#8211; Profeta)<\/p>\n","protected":false},"author":4,"featured_media":8052,"comment_status":"closed","ping_status":"open","sticky":false,"template":"","format":"standard","meta":{"footnotes":""},"categories":[24],"tags":[],"class_list":["post-8048","post","type-post","status-publish","format-standard","has-post-thumbnail","hentry","category-noticias"],"acf":[],"_links":{"self":[{"href":"http:\/\/www.apucarana.pr.gov.br\/site\/wp-json\/wp\/v2\/posts\/8048","targetHints":{"allow":["GET"]}}],"collection":[{"href":"http:\/\/www.apucarana.pr.gov.br\/site\/wp-json\/wp\/v2\/posts"}],"about":[{"href":"http:\/\/www.apucarana.pr.gov.br\/site\/wp-json\/wp\/v2\/types\/post"}],"author":[{"embeddable":true,"href":"http:\/\/www.apucarana.pr.gov.br\/site\/wp-json\/wp\/v2\/users\/4"}],"replies":[{"embeddable":true,"href":"http:\/\/www.apucarana.pr.gov.br\/site\/wp-json\/wp\/v2\/comments?post=8048"}],"version-history":[{"count":1,"href":"http:\/\/www.apucarana.pr.gov.br\/site\/wp-json\/wp\/v2\/posts\/8048\/revisions"}],"predecessor-version":[{"id":102247,"href":"http:\/\/www.apucarana.pr.gov.br\/site\/wp-json\/wp\/v2\/posts\/8048\/revisions\/102247"}],"wp:featuredmedia":[{"embeddable":true,"href":"http:\/\/www.apucarana.pr.gov.br\/site\/wp-json\/"}],"wp:attachment":[{"href":"http:\/\/www.apucarana.pr.gov.br\/site\/wp-json\/wp\/v2\/media?parent=8048"}],"wp:term":[{"taxonomy":"category","embeddable":true,"href":"http:\/\/www.apucarana.pr.gov.br\/site\/wp-json\/wp\/v2\/categories?post=8048"},{"taxonomy":"post_tag","embeddable":true,"href":"http:\/\/www.apucarana.pr.gov.br\/site\/wp-json\/wp\/v2\/tags?post=8048"}],"curies":[{"name":"wp","href":"https:\/\/api.w.org\/{rel}","templated":true}]}}