{"id":80467,"date":"2023-05-04T16:31:17","date_gmt":"2023-05-04T19:31:17","guid":{"rendered":"http:\/\/www.apucarana.pr.gov.br\/site\/?p=80467"},"modified":"2024-10-08T09:30:07","modified_gmt":"2024-10-08T12:30:07","slug":"projeto-de-extensao-da-utfpr-entrega-certificados-a-integrantes-do-grupo-conviver","status":"publish","type":"post","link":"http:\/\/www.apucarana.pr.gov.br\/site\/projeto-de-extensao-da-utfpr-entrega-certificados-a-integrantes-do-grupo-conviver\/","title":{"rendered":"Projeto de extens\u00e3o da UTFPR entrega certificados a integrantes do Grupo Conviver"},"content":{"rendered":"\n\t\t<!-- MasterSlider -->\n\t\t<div id=\"P_MS69f48befcc813\" class=\"master-slider-parent master-slider-gallery   ms-parent-id-0\" style=\"\" >\n\n\t\t\t\n\t\t\t<!-- MasterSlider Main -->\n\t\t\t<div id=\"MS69f48befcc813\" class=\"master-slider ms-skin-default\" >\n\t\t\t\t \t\t\t\t \n\t\t\t<div  class=\"ms-slide\" data-delay=\"3\"    >\n\t\t\t\t\t<img decoding=\"async\" src=\"http:\/\/www.apucarana.pr.gov.br\/site\/wp-content\/plugins\/masterslider\/public\/assets\/css\/blank.gif\" alt=\"fachada (6)\" title=\"fachada (6)\" data-src=\"http:\/\/www.apucarana.pr.gov.br\/site\/wp-content\/uploads\/2023\/05\/fachada-6-1024x1024.jpg\" \/>\n\t<a href=\"http:\/\/www.apucarana.pr.gov.br\/site\/wp-content\/uploads\/2023\/05\/fachada-6-1024x1024.jpg\" target=\"_self\"    >fachada (6)<\/a>\n\n\n\t<img decoding=\"async\" class=\"ms-thumb\" src=\"http:\/\/www.apucarana.pr.gov.br\/site\/wp-content\/uploads\/2023\/05\/fachada-6-1024x1024-140x80.jpg\" alt=\"fachada (6)\" \/>\n\t\t\t\t<\/div>\n\n\t\t\t<\/div>\n\t\t\t<!-- END MasterSlider Main -->\n\n\t\t\t \n\t\t<\/div>\n\t\t<!-- END MasterSlider -->\n\n\t\t<script>\n\t\t( window.MSReady = window.MSReady || [] ).push( function( $ ) {\n\n\t\t\t\"use strict\";\n\t\t\tvar masterslider_c813 = new MasterSlider();\n\n\t\t\t\/\/ slider controls\n\t\t\tmasterslider_c813.control('arrows'     ,{ autohide:true, overVideo:true  });\n\t\t\tmasterslider_c813.control('thumblist'  ,{ autohide:false, overVideo:true, dir:'h', speed:17, inset:false, arrows:false, hover:false, customClass:'', align:'bottom',type:'thumbs', margin:2, width:140, height:80, space:2, fillMode:'fill'  });\n\t\t\t\/\/ slider setup\n\t\t\tmasterslider_c813.setup(\"MS69f48befcc813\", {\n\t\t\t\twidth           : 960,\n\t\t\t\theight          : 540,\n\t\t\t\tminHeight       : 0,\n\t\t\t\tspace           : 0,\n\t\t\t\tstart           : 1,\n\t\t\t\tgrabCursor      : true,\n\t\t\t\tswipe           : true,\n\t\t\t\tmouse           : true,\n\t\t\t\tkeyboard        : false,\n\t\t\t\tlayout          : \"fillwidth\",\n\t\t\t\twheel           : false,\n\t\t\t\tautoplay        : true,\n                instantStartLayers:false,\n\t\t\t\tmobileBGVideo:false,\n\t\t\t\tloop            : false,\n\t\t\t\tshuffle         : false,\n\t\t\t\tpreload         : 3,\n\t\t\t\theightLimit     : false,\n\t\t\t\tautoHeight      : false,\n\t\t\t\tsmoothHeight    : true,\n\t\t\t\tendPause        : false,\n\t\t\t\toverPause       : false,\n\t\t\t\tfillMode        : \"fill\",\n\t\t\t\tcenterControls  : true,\n\t\t\t\tstartOnAppear   : false,\n\t\t\t\tlayersMode      : \"center\",\n\t\t\t\tautofillTarget  : \"\",\n\t\t\t\thideLayers      : false,\n\t\t\t\tfullscreenMargin: 0,\n\t\t\t\tspeed           : 17,\n\t\t\t\tdir             : \"h\",\n\t\t\t\tresponsive      : true,\n\t\t\t\ttabletWidth     : 768,\n\t\t\t\ttabletHeight    : null,\n\t\t\t\tphoneWidth      : 480,\n\t\t\t\tphoneHeight    : null,\n\t\t\t\tsizingReference : window,\n\t\t\t\tparallaxMode    : 'swipe',\n\t\t\t\tview            : \"basic\"\n\t\t\t});\n\n\t\t\t\n\t\t\twindow.masterslider_instances = window.masterslider_instances || [];\n\t\t\twindow.masterslider_instances.push( masterslider_c813 );\n\t\t});\n\t\t<\/script>\n\n\n<p><span style=\"font-size: 1rem\">A entrega de certificados do Projeto de Extens\u00e3o Idade+ Tecnol\u00f3gica realizado pela Universidade Federal Tecnologica do Paran\u00e1 (UTFPR) em parceria com a Secretaria Municipal de Assist\u00eancia Social tamb\u00e9m ser\u00e1 marcado pela apresenta\u00e7\u00e3o de orquestra e coro de \u00f3pera barroca. O evento vai acontecer amanh\u00e3 (5) no Cine Teatro F\u00eanix, a partir das 20 horas.<\/span><\/p>\n<p>A secret\u00e1ria da Assist\u00eancia Social, Jossuela Pirelli, explica que as formandas da noite desta sexta-feira s\u00e3o 25 mulheres, integrantes dos Grupos Conviver que realizaram o curso de Extens\u00e3o Idade+ Tecnol\u00f3gica ministrado pela UTFPR. Para tornar a noite mais especial, ap\u00f3s a entrega dos certificados acontece o espet\u00e1culo cultural, organizados pelo curso de Design em Moda, da\u00a0<a href=\"https:\/\/tnonline.uol.com.br\/tags\/utfpr-apucarana?d=1\">UTFPR<\/a>.<\/p>\n<p>Com entrada gratuita e o apoio da Prefeitura Municipal de\u00a0<a href=\"https:\/\/tnonline.uol.com.br\/noticias\/apucarana?d=1\">Apucarana<\/a>, o espet\u00e1culo ser\u00e1 protagonizado pela \u00a0Orquestra Barroca Capriccio Stravagante e do Coro de \u00d3pera Barroca Color Rhetoricus.<\/p>\n","protected":false},"excerpt":{"rendered":"<p>A entrega de certificados do Projeto de Extens&atilde;o Idade+ Tecnol&oacute;gica realizado pela Universidade Federal Tecnologica do Paran&aacute; (UTFPR) em parceria com a Secretaria Municipal de Assist&ecirc;ncia Social tamb&eacute;m ser&aacute; marcado pela apresenta&ccedil;&atilde;o de orquestra e coro de &oacute;pera barroca. O evento vai acontecer amanh&atilde; (5) no Cine Teatro F&ecirc;nix, a partir das 20 horas. A [&hellip;]<\/p>\n","protected":false},"author":10,"featured_media":80469,"comment_status":"closed","ping_status":"closed","sticky":false,"template":"","format":"standard","meta":{"footnotes":""},"categories":[24],"tags":[],"class_list":["post-80467","post","type-post","status-publish","format-standard","has-post-thumbnail","hentry","category-noticias"],"acf":[],"_links":{"self":[{"href":"http:\/\/www.apucarana.pr.gov.br\/site\/wp-json\/wp\/v2\/posts\/80467","targetHints":{"allow":["GET"]}}],"collection":[{"href":"http:\/\/www.apucarana.pr.gov.br\/site\/wp-json\/wp\/v2\/posts"}],"about":[{"href":"http:\/\/www.apucarana.pr.gov.br\/site\/wp-json\/wp\/v2\/types\/post"}],"author":[{"embeddable":true,"href":"http:\/\/www.apucarana.pr.gov.br\/site\/wp-json\/wp\/v2\/users\/10"}],"replies":[{"embeddable":true,"href":"http:\/\/www.apucarana.pr.gov.br\/site\/wp-json\/wp\/v2\/comments?post=80467"}],"version-history":[{"count":1,"href":"http:\/\/www.apucarana.pr.gov.br\/site\/wp-json\/wp\/v2\/posts\/80467\/revisions"}],"predecessor-version":[{"id":80470,"href":"http:\/\/www.apucarana.pr.gov.br\/site\/wp-json\/wp\/v2\/posts\/80467\/revisions\/80470"}],"wp:featuredmedia":[{"embeddable":true,"href":"http:\/\/www.apucarana.pr.gov.br\/site\/wp-json\/wp\/v2\/media\/80469"}],"wp:attachment":[{"href":"http:\/\/www.apucarana.pr.gov.br\/site\/wp-json\/wp\/v2\/media?parent=80467"}],"wp:term":[{"taxonomy":"category","embeddable":true,"href":"http:\/\/www.apucarana.pr.gov.br\/site\/wp-json\/wp\/v2\/categories?post=80467"},{"taxonomy":"post_tag","embeddable":true,"href":"http:\/\/www.apucarana.pr.gov.br\/site\/wp-json\/wp\/v2\/tags?post=80467"}],"curies":[{"name":"wp","href":"https:\/\/api.w.org\/{rel}","templated":true}]}}