{"id":8038,"date":"2017-07-04T16:19:59","date_gmt":"2017-07-04T19:19:59","guid":{"rendered":"http:\/\/172.16.0.7\/site-antigo\/?p=8038"},"modified":"2024-10-08T09:14:50","modified_gmt":"2024-10-08T12:14:50","slug":"distrito-do-barreiro-recebe-manutencao-da-rede-de-iluminacao-publica","status":"publish","type":"post","link":"http:\/\/www.apucarana.pr.gov.br\/site\/distrito-do-barreiro-recebe-manutencao-da-rede-de-iluminacao-publica\/","title":{"rendered":"Distrito do Barreiro recebe melhoria na Rede de Ilumina\u00e7\u00e3o P\u00fablica"},"content":{"rendered":"<p>A Prefeitura de Apucarana fez a substitui\u00e7\u00e3o de l\u00e2mpadas, lumin\u00e1rias e expandiu a rede de ilumina\u00e7\u00e3o p\u00fablica no distrito do Barreiro. Os servi\u00e7os, sob a responsabilidade do Instituto de Desenvolvimento, Pesquisa e Planejamento (Idepplan), atenderam todas as ruas que possuem resid\u00eancias, e ainda a pra\u00e7a da igreja.<br \/>\n\u201cEstamos garantindo um sistema de ilumina\u00e7\u00e3o mais eficiente para distrito com a substitui\u00e7\u00e3o de l\u00e2mpadas de merc\u00fario por outras de vapor met\u00e1lico. O investimento foi da ordem de R$ 40 mil\u201d, informa o prefeito Beto Preto.<br \/>\nDesde meados de 2016, a prefeitura passou a ser respons\u00e1vel (atrav\u00e9s da empresa terceirizada) pela troca de l\u00e2mpadas e outros reparos em cerca de 17 mil pontos de luz, localizados em ruas, avenidas e logradouros.<br \/>\n\u201cA prefeitura assumiu a manuten\u00e7\u00e3o da ilumina\u00e7\u00e3o p\u00fablica, que anteriormente era executada pela Copel, terceirizando os servi\u00e7os mediante contrato firmado com a Tecnoluz Eletricidade Ltda, empresa que vem operacionalizando o trabalho de forma satisfat\u00f3ria\u201d, assinala Lafayete Luz, engenheiro eletricista e diretor-presidente do Idepplan.<br \/>\nEntusiasmado, o morador Jos\u00e9 Benedito de Paula, disse estar aliviado. Ele relatou que antes do servi\u00e7o era uma grande escurid\u00e3o na rua da sua casa. \u201cInclusive minha filha caiu e quebrou o bra\u00e7o aqui na rua, devido a escurid\u00e3o que era antes \u00a0do servi\u00e7o ser realizado pela prefeitura\u201d comentou.<br \/>\nO l\u00edder comunit\u00e1rio Antonio Jo\u00e3o de Oliveira, popularmente conhecido como \u201cCatarina\u201d agradeceu o prefeito Beto Preto pelo trabalho que foi desenvolvido no distrito, e disse ainda; \u201cCom a rede de ilumina\u00e7\u00e3o renovada \u00a0os moradores aqui do Barreiro passam a contar com mais seguran\u00e7a para caminhar pelas ruas no per\u00edodo noturno\u201d afirmou.<br \/>\n<strong>\u00a0<\/strong><strong>Troca de l\u00e2mpada pode ser pedida pelo 0800<\/strong><br \/>\nO servi\u00e7o de 0800 vem funcionando a contento em Apucarana. O n\u00famero para solicita\u00e7\u00e3o de servi\u00e7os \u00e9 o\u00a0<strong>0800 600 1428<\/strong>. \u201cSob a dire\u00e7\u00e3o da Copel os pedidos de troca de l\u00e2mpadas queimadas tinham um prazo de 72 horas para substitui\u00e7\u00e3o. Agora, com a prefeitura administrando o servi\u00e7o, o prazo m\u00e1ximo para a troca \u00e9 de 48 horas, ap\u00f3s o registro do pedido\u201d, revela Lafayete Luz, do Idepplan, acrescentando que em caso de solicita\u00e7\u00f5es de emerg\u00eancia, como nas proximidades de um hospital, do SAMU ou da UPA, por exemplo, o prazo \u00e9 de 12 horas.<br \/>\nA Tecnoluz, empresa respons\u00e1vel pela manuten\u00e7\u00e3o do servi\u00e7o, tamb\u00e9m mant\u00e9m um servi\u00e7o de p\u00f3s-atendimento, com o objetivo de checar a satisfa\u00e7\u00e3o dos cidad\u00e3os. Periodicamente, o prefeito e o Idepplan v\u00eam recebendo estes relat\u00f3rios, e os resultados apresentados s\u00e3o bastante satisfat\u00f3rios.<\/p>\n","protected":false},"excerpt":{"rendered":"<p>Prefeitura trocou diversas l\u00e2mpadas e ampliou a rede de ilumina\u00e7\u00e3o do distrito  (Fotos \u2013 Profeta)<\/p>\n","protected":false},"author":4,"featured_media":8039,"comment_status":"closed","ping_status":"open","sticky":false,"template":"","format":"standard","meta":{"footnotes":""},"categories":[24],"tags":[],"class_list":["post-8038","post","type-post","status-publish","format-standard","has-post-thumbnail","hentry","category-noticias"],"acf":[],"_links":{"self":[{"href":"http:\/\/www.apucarana.pr.gov.br\/site\/wp-json\/wp\/v2\/posts\/8038","targetHints":{"allow":["GET"]}}],"collection":[{"href":"http:\/\/www.apucarana.pr.gov.br\/site\/wp-json\/wp\/v2\/posts"}],"about":[{"href":"http:\/\/www.apucarana.pr.gov.br\/site\/wp-json\/wp\/v2\/types\/post"}],"author":[{"embeddable":true,"href":"http:\/\/www.apucarana.pr.gov.br\/site\/wp-json\/wp\/v2\/users\/4"}],"replies":[{"embeddable":true,"href":"http:\/\/www.apucarana.pr.gov.br\/site\/wp-json\/wp\/v2\/comments?post=8038"}],"version-history":[{"count":1,"href":"http:\/\/www.apucarana.pr.gov.br\/site\/wp-json\/wp\/v2\/posts\/8038\/revisions"}],"predecessor-version":[{"id":102248,"href":"http:\/\/www.apucarana.pr.gov.br\/site\/wp-json\/wp\/v2\/posts\/8038\/revisions\/102248"}],"wp:featuredmedia":[{"embeddable":true,"href":"http:\/\/www.apucarana.pr.gov.br\/site\/wp-json\/"}],"wp:attachment":[{"href":"http:\/\/www.apucarana.pr.gov.br\/site\/wp-json\/wp\/v2\/media?parent=8038"}],"wp:term":[{"taxonomy":"category","embeddable":true,"href":"http:\/\/www.apucarana.pr.gov.br\/site\/wp-json\/wp\/v2\/categories?post=8038"},{"taxonomy":"post_tag","embeddable":true,"href":"http:\/\/www.apucarana.pr.gov.br\/site\/wp-json\/wp\/v2\/tags?post=8038"}],"curies":[{"name":"wp","href":"https:\/\/api.w.org\/{rel}","templated":true}]}}