{"id":80340,"date":"2023-05-02T15:57:05","date_gmt":"2023-05-02T18:57:05","guid":{"rendered":"http:\/\/www.apucarana.pr.gov.br\/site\/?p=80340"},"modified":"2024-10-08T09:30:08","modified_gmt":"2024-10-08T12:30:08","slug":"parceria-garante-atendimento-de-doulas-na-casa-da-gestante","status":"publish","type":"post","link":"http:\/\/www.apucarana.pr.gov.br\/site\/parceria-garante-atendimento-de-doulas-na-casa-da-gestante\/","title":{"rendered":"Parceria garante atendimento de doulas na Casa da Gestante"},"content":{"rendered":"\n\t\t<!-- MasterSlider -->\n\t\t<div id=\"P_MS69f3d7580ebb3\" class=\"master-slider-parent master-slider-gallery   ms-parent-id-0\" style=\"\" >\n\n\t\t\t\n\t\t\t<!-- MasterSlider Main -->\n\t\t\t<div id=\"MS69f3d7580ebb3\" class=\"master-slider ms-skin-default\" >\n\t\t\t\t \t\t\t\t \n\t\t\t<div  class=\"ms-slide\" data-delay=\"3\"    >\n\t\t\t\t\t<img decoding=\"async\" src=\"http:\/\/www.apucarana.pr.gov.br\/site\/wp-content\/plugins\/masterslider\/public\/assets\/css\/blank.gif\" alt=\"IMG_0812\" title=\"IMG_0812\" data-src=\"http:\/\/www.apucarana.pr.gov.br\/site\/wp-content\/uploads\/2023\/05\/IMG_0812-1024x683.jpg\" \/>\n\t<a href=\"http:\/\/www.apucarana.pr.gov.br\/site\/wp-content\/uploads\/2023\/05\/IMG_0812-1024x683.jpg\" target=\"_self\"    >IMG_0812<\/a>\n\n\n\t<img decoding=\"async\" class=\"ms-thumb\" src=\"http:\/\/www.apucarana.pr.gov.br\/site\/wp-content\/uploads\/2023\/05\/IMG_0812-1024x683-140x80.jpg\" alt=\"IMG_0812\" \/>\n\t\t\t\t<\/div>\n\t\t\t<div  class=\"ms-slide\" data-delay=\"3\"    >\n\t\t\t\t\t<img decoding=\"async\" src=\"http:\/\/www.apucarana.pr.gov.br\/site\/wp-content\/plugins\/masterslider\/public\/assets\/css\/blank.gif\" alt=\"IMG_0808\" title=\"IMG_0808\" data-src=\"http:\/\/www.apucarana.pr.gov.br\/site\/wp-content\/uploads\/2023\/05\/IMG_0808-1024x683.jpg\" \/>\n\t<a href=\"http:\/\/www.apucarana.pr.gov.br\/site\/wp-content\/uploads\/2023\/05\/IMG_0808-1024x683.jpg\" target=\"_self\"    >IMG_0808<\/a>\n\n\n\t<img decoding=\"async\" class=\"ms-thumb\" src=\"http:\/\/www.apucarana.pr.gov.br\/site\/wp-content\/uploads\/2023\/05\/IMG_0808-1024x683-140x80.jpg\" alt=\"IMG_0808\" \/>\n\t\t\t\t<\/div>\n\n\t\t\t<\/div>\n\t\t\t<!-- END MasterSlider Main -->\n\n\t\t\t \n\t\t<\/div>\n\t\t<!-- END MasterSlider -->\n\n\t\t<script>\n\t\t( window.MSReady = window.MSReady || [] ).push( function( $ ) {\n\n\t\t\t\"use strict\";\n\t\t\tvar masterslider_ebb3 = new MasterSlider();\n\n\t\t\t\/\/ slider controls\n\t\t\tmasterslider_ebb3.control('arrows'     ,{ autohide:true, overVideo:true  });\n\t\t\tmasterslider_ebb3.control('thumblist'  ,{ autohide:false, overVideo:true, dir:'h', speed:17, inset:false, arrows:false, hover:false, customClass:'', align:'bottom',type:'thumbs', margin:2, width:140, height:80, space:2, fillMode:'fill'  });\n\t\t\t\/\/ slider setup\n\t\t\tmasterslider_ebb3.setup(\"MS69f3d7580ebb3\", {\n\t\t\t\twidth           : 960,\n\t\t\t\theight          : 540,\n\t\t\t\tminHeight       : 0,\n\t\t\t\tspace           : 0,\n\t\t\t\tstart           : 1,\n\t\t\t\tgrabCursor      : true,\n\t\t\t\tswipe           : true,\n\t\t\t\tmouse           : true,\n\t\t\t\tkeyboard        : false,\n\t\t\t\tlayout          : \"fillwidth\",\n\t\t\t\twheel           : false,\n\t\t\t\tautoplay        : true,\n                instantStartLayers:false,\n\t\t\t\tmobileBGVideo:false,\n\t\t\t\tloop            : true,\n\t\t\t\tshuffle         : false,\n\t\t\t\tpreload         : 3,\n\t\t\t\theightLimit     : false,\n\t\t\t\tautoHeight      : false,\n\t\t\t\tsmoothHeight    : true,\n\t\t\t\tendPause        : false,\n\t\t\t\toverPause       : false,\n\t\t\t\tfillMode        : \"fill\",\n\t\t\t\tcenterControls  : true,\n\t\t\t\tstartOnAppear   : false,\n\t\t\t\tlayersMode      : \"center\",\n\t\t\t\tautofillTarget  : \"\",\n\t\t\t\thideLayers      : false,\n\t\t\t\tfullscreenMargin: 0,\n\t\t\t\tspeed           : 17,\n\t\t\t\tdir             : \"h\",\n\t\t\t\tresponsive      : true,\n\t\t\t\ttabletWidth     : 768,\n\t\t\t\ttabletHeight    : null,\n\t\t\t\tphoneWidth      : 480,\n\t\t\t\tphoneHeight    : null,\n\t\t\t\tsizingReference : window,\n\t\t\t\tparallaxMode    : 'swipe',\n\t\t\t\tview            : \"basic\"\n\t\t\t});\n\n\t\t\t\n\t\t\twindow.masterslider_instances = window.masterslider_instances || [];\n\t\t\twindow.masterslider_instances.push( masterslider_ebb3 );\n\t\t});\n\t\t<\/script>\n\n\n<p><strong>\u00a0\u00a0<\/strong>Com o apoio da administra\u00e7\u00e3o municipal, as mulheres atendidas na Casa da Gestante ir\u00e3o dispor de mais um servi\u00e7o durante e ap\u00f3s a gravidez. Trata-se do Projeto Juntas na Maternidade que ser\u00e1 desenvolvido em parceria entre a prefeitura e o trabalho volunt\u00e1rios de doulas.<\/p>\n<p>Doula \u00e9 uma assistente de parto, sem necessariamente\u00a0<a href=\"https:\/\/pt.wikipedia.org\/wiki\/Ci%C3%AAncias_m%C3%A9dicas\">forma\u00e7\u00e3o em ci\u00eancias da sa\u00fade<\/a>, que acompanha a gestante durante o per\u00edodo da gravidez at\u00e9 os primeiros meses ap\u00f3s o parto, com foco no bem-estar da mulher. Cabe a ela proporcionar informa\u00e7\u00e3o, acolhimento, apoio f\u00edsico e emocional \u00e0s mulheres durante a\u00a0<a href=\"https:\/\/pt.wikipedia.org\/wiki\/Gravidez\">gravidez<\/a>, o\u00a0<a href=\"https:\/\/pt.wikipedia.org\/wiki\/Parto\">parto<\/a>\u00a0e o p\u00f3s-parto.<\/p>\n<p>Em reuni\u00e3o nesta ter\u00e7a-feira com as autoras pelo Projeto Juntas na Maternidade, as doulas Nia Castanho, Mariana Mileski e Patr\u00edcia Moretti, que tamb\u00e9m representaram a doula Tarlene Barreto, o prefeito Junior da Femac e o secret\u00e1rio municipal da sa\u00fade Em\u00eddio Bachiega oficializaram o apoio a iniciativa. \u201cAs doulas entrar\u00e3o com o conhecimento e a prefeitura com o local e equipamentos necess\u00e1rios para o atendimento. Uni\u00e3o de esfor\u00e7os para garantir as futuras mam\u00e3es de nossa cidade esse importante servi\u00e7o\u201d, afirma Junior da Femac.<\/p>\n<p>A reuni\u00e3o tamb\u00e9m teve a participa\u00e7\u00e3o da coordenadora da Casa de Gestante, enfermeira Maria Aparecida das Neves (Cidinha),\u00a0do vereador Rodrigo Li\u00e9vore (Recife) e da secret\u00e1ria municipal da Assist\u00eancia Social, Jossuela Pirelli.<\/p>\n","protected":false},"excerpt":{"rendered":"<p>&nbsp;&nbsp;Com o apoio da administra&ccedil;&atilde;o municipal, as mulheres atendidas na Casa da Gestante ir&atilde;o dispor de mais um servi&ccedil;o durante e ap&oacute;s a gravidez. Trata-se do Projeto Juntas na Maternidade que ser&aacute; desenvolvido em parceria entre a prefeitura e o trabalho volunt&aacute;rios de doulas. Doula &eacute; uma assistente de parto, sem necessariamente&nbsp;forma&ccedil;&atilde;o em ci&ecirc;ncias da [&hellip;]<\/p>\n","protected":false},"author":10,"featured_media":80343,"comment_status":"closed","ping_status":"closed","sticky":false,"template":"","format":"standard","meta":{"footnotes":""},"categories":[24],"tags":[],"class_list":["post-80340","post","type-post","status-publish","format-standard","has-post-thumbnail","hentry","category-noticias"],"acf":[],"_links":{"self":[{"href":"http:\/\/www.apucarana.pr.gov.br\/site\/wp-json\/wp\/v2\/posts\/80340","targetHints":{"allow":["GET"]}}],"collection":[{"href":"http:\/\/www.apucarana.pr.gov.br\/site\/wp-json\/wp\/v2\/posts"}],"about":[{"href":"http:\/\/www.apucarana.pr.gov.br\/site\/wp-json\/wp\/v2\/types\/post"}],"author":[{"embeddable":true,"href":"http:\/\/www.apucarana.pr.gov.br\/site\/wp-json\/wp\/v2\/users\/10"}],"replies":[{"embeddable":true,"href":"http:\/\/www.apucarana.pr.gov.br\/site\/wp-json\/wp\/v2\/comments?post=80340"}],"version-history":[{"count":3,"href":"http:\/\/www.apucarana.pr.gov.br\/site\/wp-json\/wp\/v2\/posts\/80340\/revisions"}],"predecessor-version":[{"id":80372,"href":"http:\/\/www.apucarana.pr.gov.br\/site\/wp-json\/wp\/v2\/posts\/80340\/revisions\/80372"}],"wp:featuredmedia":[{"embeddable":true,"href":"http:\/\/www.apucarana.pr.gov.br\/site\/wp-json\/wp\/v2\/media\/80343"}],"wp:attachment":[{"href":"http:\/\/www.apucarana.pr.gov.br\/site\/wp-json\/wp\/v2\/media?parent=80340"}],"wp:term":[{"taxonomy":"category","embeddable":true,"href":"http:\/\/www.apucarana.pr.gov.br\/site\/wp-json\/wp\/v2\/categories?post=80340"},{"taxonomy":"post_tag","embeddable":true,"href":"http:\/\/www.apucarana.pr.gov.br\/site\/wp-json\/wp\/v2\/tags?post=80340"}],"curies":[{"name":"wp","href":"https:\/\/api.w.org\/{rel}","templated":true}]}}