{"id":8031,"date":"2017-07-04T15:32:11","date_gmt":"2017-07-04T18:32:11","guid":{"rendered":"http:\/\/172.16.0.7\/site-antigo\/?p=8031"},"modified":"2024-10-08T09:14:50","modified_gmt":"2024-10-08T12:14:50","slug":"cine-fenix-recebe-extensao-do-festival-de-musica-de-londrina","status":"publish","type":"post","link":"http:\/\/www.apucarana.pr.gov.br\/site\/cine-fenix-recebe-extensao-do-festival-de-musica-de-londrina\/","title":{"rendered":"Cine F\u00eanix recebe extens\u00e3o do Festival de M\u00fasica de Londrina"},"content":{"rendered":"<p>O Cine Teatro F\u00eanix, de Apucarana, recebe a partir deste s\u00e1bado (08\/07), uma s\u00e9rie de cinco espet\u00e1culos dentro do 37\u00ba Festival Internacional de M\u00fasica de Londrina (FML). A programa\u00e7\u00e3o extensiva foi confirmada nesta semana pela Secretaria da Promo\u00e7\u00e3o Art\u00edstica, Cultural e Tur\u00edstica da Prefeitura de Apucarana (Promatur). \u201cTodos ter\u00e3o entrada gratuita e os ingressos dever\u00e3o ser retirados a partir de uma hora antes de cada espet\u00e1culo, que ter\u00e3o in\u00edcio sempre \u00e0s 20 horas, limitados a 480 lugares que \u00e9 a capacidade do local\u201d, informa Maria Agar Borba Ferreira, secret\u00e1ria Municipal da Promatur.<br \/>\nA primeira atra\u00e7\u00e3o ser\u00e1 a Banda Sinf\u00f4nica do Ex\u00e9rcito, que se apresenta neste s\u00e1bado sob a reg\u00eancia do 2\u00ba Tenente Jos\u00e9 Roberto Fabiano. No dia 13 de julho, \u201cDuo de Piano Gomez Lee\u201d, com a sul-coreana Jaeeun Lee e o espanhol Javier Gomez Dolera, pianistas solistas que colecionam pr\u00eamios em competi\u00e7\u00f5es internacionais tocando em concertos e recitais em todo mundo.  Dia 17 de julho, o espet\u00e1culo ser\u00e1 com \u201cCida Moreira\u201d \u2013 Show Soledade Solo, cantora, atriz e pianista brasileira que tem uma carreira premiada desde a d\u00e9cada de 70.<br \/>\nDia 18 de julho, \u00e0s 20 horas, o teatro apucaranense receber\u00e1 recital de piano com a ucraniana \u201cJulija Botchkovskaia\u201d. Quando pequena, tocou em v\u00e1rios lugares da antiga Uni\u00e3o Sovi\u00e9tica, tanto em recitais solo como acompanhada por v\u00e1rias orquestras. Atualmente, tem se apresentado em salas de concerto por todo o mundo, inclusive Jap\u00e3o e Am\u00e9rica do Sul. E, finalmente, no dia 21 de julho, \u00e0s 20 horas, \u201cDuo Clavis\u201d, que apresenta uma rara forma\u00e7\u00e3o e combina\u00e7\u00e3o sonora usada na m\u00fasica brasileira instrumental (vibrafone\/marimba &amp; piano) atrav\u00e9s de sua criatividade e improvisa\u00e7\u00f5es apresentadas por seu repert\u00f3rio e releituras. O Duo foi formado em 2011 pelos m\u00fasicos londrinenses: Marcello Casagrande e Mateus Gonsales.<br \/>\nServi\u00e7o: Mais detalhes sobre os espet\u00e1culos da extens\u00e3o Apucarana podem ser obtidas no site www.apucarana.pr.gov.br ou pelo telefone 3423-2944. O FML \u00e9 uma realiza\u00e7\u00e3o do Governo do Paran\u00e1, Prefeitura do Munic\u00edpio de Londrina, Universidade Estadual de Londrina (UEL) e Associa\u00e7\u00e3o de Amigos do FML. Mant\u00e9m duas estruturas: pedag\u00f3gica e art\u00edstica. A programa\u00e7\u00e3o pedag\u00f3gica conta com cursos ministrados por professores reconhecidos no Brasil e exterior, prop\u00f5e alternativas e novos direcionamentos para o fazer musical e para a educa\u00e7\u00e3o musical. Quarenta e oito professores nacionais e internacionais ministrar\u00e3o 50 cursos e pr\u00e1ticas: Pr\u00e1ticas de Conjunto, Cursos de Reg\u00eancia, Instrumentos, Voz, Estrutura\u00e7\u00e3o Musical, M\u00fasica Popular, Cursos para Crian\u00e7as, Oficina do Choro, Jazz Vocal e M\u00fasica e Tecnologia. J\u00e1 a programa\u00e7\u00e3o art\u00edstica do Festival promover\u00e1 50 eventos em diversos espa\u00e7os da cidade de Londrina. Mais detalhes podem ser obtidos pelo site http:\/\/www.fml.com.br.<br \/>\n37\u00ba Festival Internacional de M\u00fasica de Londrina<br \/>\nPrograma\u00e7\u00e3o de Apucarana<br \/>\n08 de Julho \u2013 S\u00e1bado \u2013 20h<br \/>\nBanda Sinf\u00f4nica do Ex\u00e9rcito<br \/>\nCriada em 2002, tem como objetivo estabelecer um elo art\u00edstico cultural entre o ex\u00e9rcito e a sociedade brasileira atrav\u00e9s da m\u00fasica. Ao longo dos anos, a Banda se apresentou nas mais importantes salas de concerto do Brasil e recebeu importantes solistas nacionais e internacionais. Recebeu tamb\u00e9m diversos pr\u00eamios. Entre eles, o de \u201cMelhor Projeto de M\u00fasica Erudita\u201d e o \u201cPr\u00eamio Especial Cultural\u201d, ambos concedidos pela Associa\u00e7\u00e3o Paulista dos Cr\u00edticos de Arte \u2013 APCA.<br \/>\nA Sinf\u00f4nica \u00e9 administrada pela Funda\u00e7\u00e3o Cultural Ex\u00e9rcito Brasileiro \u2013 FUNCEB, entidade civil, sem fins lucrativos, criada no ano 2000, com o prop\u00f3sito de recupera\u00e7\u00e3o do rico patrim\u00f4nio hist\u00f3rico e cultural disseminado por todo o territ\u00f3rio nacional ao longo da hist\u00f3ria do Ex\u00e9rcito Brasileiro.<br \/>\nAtualmente, o diretor art\u00edstico \u00e9 o maestro Eduardo Pereira, o regente \u00e9 o Tenente Jos\u00e9 Roberto Fabiano e o Subtenente Gilson Souza, mestre de m\u00fasica.<br \/>\n13 de Julho \u2013 Quinta-Feira  &#8211; 20h<br \/>\nDuo de Piano Gomez Lee<br \/>\nJaeeun Lee and Javier Gomez Dolera s\u00e3o pianistas com uma carreira brilhante como solistas ganhando pr\u00eamios em competi\u00e7\u00f5es internacionais tocando em concertos e recitais em todo mundo. Tendo a m\u00fasica de C\u00e2mara como seu maior interesse, eles tamb\u00e9m exploram repert\u00f3rio para dois pianos. Juntamente com seu estudo na Alemanha e Espanha, eles se aperfei\u00e7oaram no estudo a dois pianos no Conservat\u00f3rio Liceuem Barcelona com o professor Josep Colom onde obtiveram as maiores notas. A estreia do espet\u00e1culo a dois pianos no Centro de Conven\u00e7\u00f5es Munseum 2013 (Coreia do Sul) teve um sucesso t\u00e3o grande que os levaram a estabilizar em cidades como Madrid, Barcelona, Bruxelas e Coreia do Sul<br \/>\n17 de Julho \u2013 Segunda-Feira \u2013 20h<br \/>\nCida Moreira<br \/>\nEstreou nos palcos brasileiros na d\u00e9cada de 1970. Seu primeiro trabalho musical, &#8220;Summertime&#8221;, independente e ao vivo, foi lan\u00e7ado em 1981, com cl\u00e1ssicos do jazz e do blues, al\u00e9m da vers\u00e3o censurada de &#8220;Geni e o Zepelim&#8221;, de Chico Buarque. Cantora, pianista e atriz, lan\u00e7ou dez \u00e1lbuns, dentre os quais &#8220;Cida Moreira interpreta Brecht&#8221; (1988), &#8220;Cida Moreira canta Chico Buarque&#8221; (1993) e &#8220;A Dama Indigna&#8221; (2011). Ganhou o pr\u00eamio de Melhor Atriz pelo filme &#8220;O Que Se Move&#8221; (2013) no Lakino Film Festival, em Berlim.<br \/>\n&#8220;Da R\u00e1dio Marconi, de Paragua\u00e7u Paulista, \u00e0 era de ouro da MPB, passando por festivais interioranos e shows universit\u00e1rios, Cida foi desembocar nos palcos de S\u00e3o Paulo, Rio e outras pra\u00e7as, sempre ligada ao que de mais avan\u00e7ado se fazia no pa\u00eds e no mundo, tendo bebido de todos os mananciais mais substanciosos e convivido com pessoas \u00e0 altura das suas aspira\u00e7\u00f5es. E s\u00f3 poderia mesmo ter surpreendido com o ecletismo de suas escolhas, provando ser, em todas elas, a artista completa que \u00e9, senhora absoluta de sua voz, de sua emo\u00e7\u00e3o e do espa\u00e7o que ocupa nos palcos e na vida dos que a rodeiam. E n\u00e3o sei se no plano mundial se vai encontrar express\u00e3o t\u00e3o acabada do casamento de m\u00fasica e teatro, com um repert\u00f3rio que inclui Brecht e Kurt Weill (\u00e0s vezes, Hans Eissler ou Paul Dessau), Chico Buarque, as can\u00e7\u00f5es do cinema brasileiro, Adoniran Barbosa, as modinhas de M\u00e1rio de Andrade, Tom Waits e Cartola. Para n\u00e3o falar de suas participa\u00e7\u00f5es em homenagens a Paulinho da Viola, Maysa e Dolores Duran. Deveras, um repert\u00f3rio consider\u00e1vel, sendo ela, a int\u00e9rprete singular, express\u00e3o de algo que, entre n\u00f3s, apenas os circos-teatro e os chamados teatros de alum\u00ednio das nossas inf\u00e2ncias tiveram. Enfim, uma cantora de repert\u00f3rio, como se diz que o teatro alem\u00e3o, por exemplo, \u00e9 um teatro de repert\u00f3rio&#8221; (Jos\u00e9 Pedro Antunes no livro &#8220;Cida Moreira: a dona das can\u00e7\u00f5es&#8221; (2012), de Thiago Sogayar Bechara).<br \/>\n18 de Julho \u2013 Ter\u00e7a-Feira -20h<br \/>\nJulija Botchkovskaia<br \/>\nNascida na Ucr\u00e2nia, teve suas primeiras aulas de piano com sua m\u00e3e, a professora Ludmila Botchkovskaia, e seu talento logo foi reconhecido com um lugar na Escola de M\u00fasica Central de Moscou, onde teve como professora T\u00e2mara Koloss de 1981 a 1989. Continou seus estudos na capital russa no famoso Conservat\u00f3rio Tchaikovsky na classe de Vera Gornostaeva at\u00e9 1993. Neste per\u00edodo Julija Botchkovskaia tocou em v\u00e1rios lugares da antiga Uni\u00e3o Sovi\u00e9tica, tanto em recitais solo como acompanhada por v\u00e1rias orquestras. Uma nova fase de sua vida come\u00e7ou quando se mudou para Hamburgo e passou a estudar na Escola de M\u00fasica e Teatro de Hamburgo com o professor Volker Banfield. Venceu in\u00fameras competi\u00e7\u00f5es, como o Pr\u00eamio Maria Canals em Barcelona e a Competi\u00e7\u00e3o Mundial de Piano AMSA em Cincinnati. Tem se apresentado em salas de concerto por todo o mundo, inclusive Jap\u00e3o e Am\u00e9rica do Sul. Suas grava\u00e7\u00f5es s\u00e3o programadas por r\u00e1dios como a BBC, Radio Suisse Romande, Deutschlandfunk Berlin e NDR Kultur. Sua performance da m\u00fasica de Nikolaj Roslavets, gravado com o violinista Mark Lubotsky e sua dedica\u00e7\u00e3o para a Funda\u00e7\u00e3o Alem\u00e3 de Prote\u00e7\u00e3o ao Monumento s\u00e3o exepcionais. Atua como docente no Hochschule f\u00fcr Musik und Theater de Hamburgo. Seu nome figura desde 2007 na lista de artistas de elite da Steinway. Em 2009 fez parceria com a violoncelista Natalia Gutman.<br \/>\n21 de Julho &#8211; Sexta- Feira &#8211;  20h<br \/>\nDuo Clavis<br \/>\nDuo Clavis apresenta uma rara forma\u00e7\u00e3o e combina\u00e7\u00e3o sonora usada na m\u00fasica brasileira instrumental (vibrafone\/marimba &amp; piano) atrav\u00e9s de sua criatividade e improvisa\u00e7\u00f5es apresentadas por seu repert\u00f3rio e releituras. O Duo foi formado em 2011 pelos m\u00fasicos londrinenses.<br \/>\nMarcello Casagrande(vibrafone\/marimba)natural de Londrina-PR.  Mestre em percuss\u00e3o performance pela Universityof Missouri &#8211; Columbia (USA), e Graduado em Licenciatura em m\u00fasica pela Universidade Estadual de Londrina (UEL).  Foi aluno do Col\u00e9gio preparat\u00f3rio de instrumentistas da Orquestra Sinf\u00f4nica Brasileira (OSB) e da Escola Brasileira de M\u00fasica (RJ) sob orienta\u00e7\u00e3o do Prof. Luiz D\u2019Anuncia\u00e7\u00e3o (OSB). Desde 1990 \u00e9 Timpanista, chefe da se\u00e7\u00e3o de percuss\u00e3o da OSUEL (Orquestra Sinf\u00f4nica da Universidade Estadual de Londrina). Como vibrafonista tem participado em apresenta\u00e7\u00f5es e grava\u00e7\u00f5es com diversos grupos na regi\u00e3o de Londrina.  Tamb\u00e9m atua como professor de percuss\u00e3o em projetos sociais, festivais de m\u00fasica, aulas privadas e convidado para ministrar aulas de percuss\u00e3o em cursos de extens\u00e3o e especializa\u00e7\u00e3o na Universidade Estadual de Londrina (UEL).<br \/>\nMateus Gonsales(piano),natural de Londrina-PR. Formado em Jazz e MPB no Conservat\u00f3rio Musical e Dram\u00e1tico de Tatu\u00ed-SP, e graduado em  produ\u00e7\u00e3o fonogr\u00e1fica pela UNOESTE (Presidente Prudente-SP).  P\u00f3s-graduado em Arranjo Musical pela Universidade Estadual de Londrina (UEL). Desenvolve amplas atividades como pianista em v\u00e1rios grupos musicais, shows, grava\u00e7\u00f5es e projetos culturais. Tem atuado como produtor e arranjador em diversas produ\u00e7\u00f5es musicais e CDs.  Na \u00e1rea pedag\u00f3gica \u00e9 professor de piano, harmonia e improvisa\u00e7\u00e3o.<br \/>\nOs m\u00fasicos formaram o Duo para desenvolver um trabalho de m\u00fasica instrumental, com o vibrafone\/marimba e piano, para divulgar o novo e o tradicional repert\u00f3rio de compositores brasileiros.  Com arranjos musicais pr\u00f3prios e composi\u00e7\u00f5es originais, apresentam a riqueza das texturas sonoras e possibilidades expressivas de sua combina\u00e7\u00e3o instrumental.  O Duo Clavis tem como uma de suas caracter\u00edsticas principais a utiliza\u00e7\u00e3o da improvisa\u00e7\u00e3o como elemento essencial para a estrutura\u00e7\u00e3o criativa de sua m\u00fasica.  O novo, o inesperado, o sil\u00eancio&#8230;s\u00e3o caminhos percorridos atrav\u00e9s da trilha sonora do Duo Clavis. O Duo vem se apresentando regularmente em diversos recitais, shows e concertos,  como na S\u00e9rie de m\u00fasica de c\u00e2mara da Orquestra Sinf\u00f4nica da Universidade Estadual de Londrina (OSUEL); na programa\u00e7\u00e3o art\u00edstica doFestival Internacional de M\u00fasica de Londrina; na S\u00e9rie Palcos Musicais; e projetos do SESC pelo Paran\u00e1 .  O Duo realizou o projeto &#8220;Duo Clavis &#8211; Concertos Itinerantes 2013&#8221;, com concertospor diversas cidades do estado do Paran\u00e1.  Em 2014 foram convidados para se apresentar no VI Encontro Latino-Americano dePercuss\u00e3o na Universidade Federal de Uberl\u00e2ndia (UFU \u2013 MG), erealizaram concerto\/masterclassna Escola de M\u00fasica da Universidade Federal do Rio de Janeiro (UFRJ).No ano de 2015 lan\u00e7aram seu primeiro CD \u201cDuo Clavis\u201d.  Em 2016 se apresentaram em S\u00e3o Paulo no Encontro de Vibrafones, shows aonde se apresentaram os principais vibrafonistas brasileiros; realizaram concerto\/masterclass no 14o. Festival Internacional de Percuss\u00e3o da Patag\u00f4nia em General Roca, Argentina, e se apresentaram em Nova York (USA) no Johnny PachecoLatinmusicand Jazz Festival e no NYC KoSAPercussion Day.Em fevereiro de 2017 participaram do VII Vibraciones \u2013 Festival Internacional de Vibrafone e Marimba \u2013 em Lima no Peru.  OCD\u201cDuo Clavis\u201d (2014-2015)\u00e9 composto de obras originais dedicadas &#8211; encomendadas ao Duo pornovos compositores brasileiros:tais como Andr\u00e9 Siqueira, Fernando Kozu, Gilberto de Queiroz, Marco Veronesi, Victor Lazzarini e Vitor Gorni; e composi\u00e7\u00f5es de grandes nomes da m\u00fasica brasileira como Ney Rosauro, Paulo Braga e C\u00e9sar Camargo Mariano. No seu repert\u00f3rio tamb\u00e9m est\u00e3o arranjos e releituras de composi\u00e7\u00f5es de Egberto Gismonti, Guinga, Letieres Leite, entre outros grandes nomes da m\u00fasica brasileira.<\/p>\n","protected":false},"excerpt":{"rendered":"<p>A primeira atra\u00e7\u00e3o ser\u00e1 a Banda Sinf\u00f4nica do Ex\u00e9rcito, que se apresenta neste s\u00e1bado sob a reg\u00eancia do 2\u00ba Tenente Jos\u00e9 Roberto Fabiano<\/p>\n","protected":false},"author":4,"featured_media":8032,"comment_status":"closed","ping_status":"open","sticky":false,"template":"","format":"standard","meta":{"footnotes":""},"categories":[24],"tags":[],"class_list":["post-8031","post","type-post","status-publish","format-standard","has-post-thumbnail","hentry","category-noticias"],"acf":[],"_links":{"self":[{"href":"http:\/\/www.apucarana.pr.gov.br\/site\/wp-json\/wp\/v2\/posts\/8031","targetHints":{"allow":["GET"]}}],"collection":[{"href":"http:\/\/www.apucarana.pr.gov.br\/site\/wp-json\/wp\/v2\/posts"}],"about":[{"href":"http:\/\/www.apucarana.pr.gov.br\/site\/wp-json\/wp\/v2\/types\/post"}],"author":[{"embeddable":true,"href":"http:\/\/www.apucarana.pr.gov.br\/site\/wp-json\/wp\/v2\/users\/4"}],"replies":[{"embeddable":true,"href":"http:\/\/www.apucarana.pr.gov.br\/site\/wp-json\/wp\/v2\/comments?post=8031"}],"version-history":[{"count":1,"href":"http:\/\/www.apucarana.pr.gov.br\/site\/wp-json\/wp\/v2\/posts\/8031\/revisions"}],"predecessor-version":[{"id":102249,"href":"http:\/\/www.apucarana.pr.gov.br\/site\/wp-json\/wp\/v2\/posts\/8031\/revisions\/102249"}],"wp:featuredmedia":[{"embeddable":true,"href":"http:\/\/www.apucarana.pr.gov.br\/site\/wp-json\/"}],"wp:attachment":[{"href":"http:\/\/www.apucarana.pr.gov.br\/site\/wp-json\/wp\/v2\/media?parent=8031"}],"wp:term":[{"taxonomy":"category","embeddable":true,"href":"http:\/\/www.apucarana.pr.gov.br\/site\/wp-json\/wp\/v2\/categories?post=8031"},{"taxonomy":"post_tag","embeddable":true,"href":"http:\/\/www.apucarana.pr.gov.br\/site\/wp-json\/wp\/v2\/tags?post=8031"}],"curies":[{"name":"wp","href":"https:\/\/api.w.org\/{rel}","templated":true}]}}