{"id":80284,"date":"2023-04-29T17:51:11","date_gmt":"2023-04-29T20:51:11","guid":{"rendered":"http:\/\/www.apucarana.pr.gov.br\/site\/?p=80284"},"modified":"2024-10-08T09:30:08","modified_gmt":"2024-10-08T12:30:08","slug":"prefeito-manifesta-pesar-pela-morte-da-pioneira-angelina-ballan","status":"publish","type":"post","link":"http:\/\/www.apucarana.pr.gov.br\/site\/prefeito-manifesta-pesar-pela-morte-da-pioneira-angelina-ballan\/","title":{"rendered":"Prefeito manifesta pesar pela morte da pioneira Angelina Ballan"},"content":{"rendered":"\n\t\t<!-- MasterSlider -->\n\t\t<div id=\"P_MS69f4c26e6a358\" class=\"master-slider-parent master-slider-gallery   ms-parent-id-0\" style=\"\" >\n\n\t\t\t\n\t\t\t<!-- MasterSlider Main -->\n\t\t\t<div id=\"MS69f4c26e6a358\" class=\"master-slider ms-skin-default\" >\n\t\t\t\t \t\t\t\t \n\t\t\t<div  class=\"ms-slide\" data-delay=\"3\"    >\n\t\t\t\t\t<img decoding=\"async\" src=\"http:\/\/www.apucarana.pr.gov.br\/site\/wp-content\/plugins\/masterslider\/public\/assets\/css\/blank.gif\" alt=\"DONA ANGELINA\" title=\"DONA ANGELINA\" data-src=\"http:\/\/www.apucarana.pr.gov.br\/site\/wp-content\/uploads\/2023\/04\/DONA-ANGELINA-1.jpg\" \/>\n\t<a href=\"http:\/\/www.apucarana.pr.gov.br\/site\/wp-content\/uploads\/2023\/04\/DONA-ANGELINA-1.jpg\" target=\"_self\"    >DONA ANGELINA<\/a>\n\n\n\t<img decoding=\"async\" class=\"ms-thumb\" src=\"http:\/\/www.apucarana.pr.gov.br\/site\/wp-content\/uploads\/2023\/04\/DONA-ANGELINA-1-140x80.jpg\" alt=\"DONA ANGELINA\" \/>\n\t\t\t\t<\/div>\n\n\t\t\t<\/div>\n\t\t\t<!-- END MasterSlider Main -->\n\n\t\t\t \n\t\t<\/div>\n\t\t<!-- END MasterSlider -->\n\n\t\t<script>\n\t\t( window.MSReady = window.MSReady || [] ).push( function( $ ) {\n\n\t\t\t\"use strict\";\n\t\t\tvar masterslider_a358 = new MasterSlider();\n\n\t\t\t\/\/ slider controls\n\t\t\tmasterslider_a358.control('arrows'     ,{ autohide:true, overVideo:true  });\n\t\t\tmasterslider_a358.control('thumblist'  ,{ autohide:false, overVideo:true, dir:'h', speed:17, inset:false, arrows:false, hover:false, customClass:'', align:'bottom',type:'thumbs', margin:2, width:140, height:80, space:2, fillMode:'fill'  });\n\t\t\t\/\/ slider setup\n\t\t\tmasterslider_a358.setup(\"MS69f4c26e6a358\", {\n\t\t\t\twidth           : 960,\n\t\t\t\theight          : 540,\n\t\t\t\tminHeight       : 0,\n\t\t\t\tspace           : 0,\n\t\t\t\tstart           : 1,\n\t\t\t\tgrabCursor      : true,\n\t\t\t\tswipe           : true,\n\t\t\t\tmouse           : true,\n\t\t\t\tkeyboard        : false,\n\t\t\t\tlayout          : \"fillwidth\",\n\t\t\t\twheel           : false,\n\t\t\t\tautoplay        : true,\n                instantStartLayers:false,\n\t\t\t\tmobileBGVideo:false,\n\t\t\t\tloop            : true,\n\t\t\t\tshuffle         : false,\n\t\t\t\tpreload         : 3,\n\t\t\t\theightLimit     : false,\n\t\t\t\tautoHeight      : false,\n\t\t\t\tsmoothHeight    : true,\n\t\t\t\tendPause        : false,\n\t\t\t\toverPause       : false,\n\t\t\t\tfillMode        : \"fill\",\n\t\t\t\tcenterControls  : true,\n\t\t\t\tstartOnAppear   : false,\n\t\t\t\tlayersMode      : \"center\",\n\t\t\t\tautofillTarget  : \"\",\n\t\t\t\thideLayers      : false,\n\t\t\t\tfullscreenMargin: 0,\n\t\t\t\tspeed           : 17,\n\t\t\t\tdir             : \"h\",\n\t\t\t\tresponsive      : true,\n\t\t\t\ttabletWidth     : 768,\n\t\t\t\ttabletHeight    : null,\n\t\t\t\tphoneWidth      : 480,\n\t\t\t\tphoneHeight    : null,\n\t\t\t\tsizingReference : window,\n\t\t\t\tparallaxMode    : 'swipe',\n\t\t\t\tview            : \"basic\"\n\t\t\t});\n\n\t\t\t\n\t\t\twindow.masterslider_instances = window.masterslider_instances || [];\n\t\t\twindow.masterslider_instances.push( masterslider_a358 );\n\t\t});\n\t\t<\/script>\n\n\n<p style=\"font-weight: 400\">O prefeito Junior da Femac emitiu nota de pesar neste s\u00e1bado (29) manifestando profundo pesar pela morte da pioneira apucaranense Angelina Varraschim Ballan, aos 92 anos. \u201cEm nome dos apucaranenses, respeitosamente, apresentamos nossos sentimentos aos familiares e amigos da Sra. Angelina Ballan. Que Deus possa, na sua infinita bondade, confortar a dor da fam\u00edlia neste momento\u201d, disse o prefeito Junior da Femac.<\/p>\n<p style=\"font-weight: 400\">A idosa, de acordo com a fam\u00edlia, passou mal durante a madrugada e, no in\u00edcio da manh\u00e3, foi atendida rapidamente pelo SAMU, sendo internada no Hospital da Provid\u00eancia, onde acabou falecendo no momento em que fazia um eletrocardiograma.<\/p>\n<p style=\"font-weight: 400\">De tradicional fam\u00edlia apucaranense, dona Angelina, era vi\u00fava do Sr. Arlindo Ballan, falecido h\u00e1 13 anos. Ela deixa tr\u00eas filhos: Luiz Carlos Ballan (diretor administrativo da C\u00e2mara Municipal), Maria Aparecida Leal Ballan e Jos\u00e9 Ant\u00f4nio Ballan. Outro filho, Dorival Ballan \u2013 ex-gerente da ag\u00eancia local do Ita\u00fa -, j\u00e1 havia falecido h\u00e1 alguns anos.<\/p>\n<p style=\"font-weight: 400\">Dona Angelina tamb\u00e9m deixa seis netos e seis bisnetos. O vel\u00f3rio est\u00e1 acontecendo desde as 16 horas deste s\u00e1bado, na capela mortu\u00e1ria central. O sepultamento est\u00e1 previsto para as 10 horas deste domingo, no Cemit\u00e9rio Cristo Rei.<\/p>\n","protected":false},"excerpt":{"rendered":"<p>O prefeito Junior da Femac emitiu nota de pesar neste s&aacute;bado (29) manifestando profundo pesar pela morte da pioneira apucaranense Angelina Varraschim Ballan, aos 92 anos. &ldquo;Em nome dos apucaranenses, respeitosamente, apresentamos nossos sentimentos aos familiares e amigos da Sra. Angelina Ballan. Que Deus possa, na sua infinita bondade, confortar a dor da fam&iacute;lia neste [&hellip;]<\/p>\n","protected":false},"author":7,"featured_media":80286,"comment_status":"closed","ping_status":"closed","sticky":false,"template":"","format":"standard","meta":{"footnotes":""},"categories":[24],"tags":[],"class_list":["post-80284","post","type-post","status-publish","format-standard","has-post-thumbnail","hentry","category-noticias"],"acf":[],"_links":{"self":[{"href":"http:\/\/www.apucarana.pr.gov.br\/site\/wp-json\/wp\/v2\/posts\/80284","targetHints":{"allow":["GET"]}}],"collection":[{"href":"http:\/\/www.apucarana.pr.gov.br\/site\/wp-json\/wp\/v2\/posts"}],"about":[{"href":"http:\/\/www.apucarana.pr.gov.br\/site\/wp-json\/wp\/v2\/types\/post"}],"author":[{"embeddable":true,"href":"http:\/\/www.apucarana.pr.gov.br\/site\/wp-json\/wp\/v2\/users\/7"}],"replies":[{"embeddable":true,"href":"http:\/\/www.apucarana.pr.gov.br\/site\/wp-json\/wp\/v2\/comments?post=80284"}],"version-history":[{"count":1,"href":"http:\/\/www.apucarana.pr.gov.br\/site\/wp-json\/wp\/v2\/posts\/80284\/revisions"}],"predecessor-version":[{"id":80288,"href":"http:\/\/www.apucarana.pr.gov.br\/site\/wp-json\/wp\/v2\/posts\/80284\/revisions\/80288"}],"wp:featuredmedia":[{"embeddable":true,"href":"http:\/\/www.apucarana.pr.gov.br\/site\/wp-json\/wp\/v2\/media\/80286"}],"wp:attachment":[{"href":"http:\/\/www.apucarana.pr.gov.br\/site\/wp-json\/wp\/v2\/media?parent=80284"}],"wp:term":[{"taxonomy":"category","embeddable":true,"href":"http:\/\/www.apucarana.pr.gov.br\/site\/wp-json\/wp\/v2\/categories?post=80284"},{"taxonomy":"post_tag","embeddable":true,"href":"http:\/\/www.apucarana.pr.gov.br\/site\/wp-json\/wp\/v2\/tags?post=80284"}],"curies":[{"name":"wp","href":"https:\/\/api.w.org\/{rel}","templated":true}]}}