{"id":80278,"date":"2023-04-28T20:42:03","date_gmt":"2023-04-28T23:42:03","guid":{"rendered":"http:\/\/www.apucarana.pr.gov.br\/site\/?p=80278"},"modified":"2024-10-08T09:30:08","modified_gmt":"2024-10-08T12:30:08","slug":"junior-da-femac-anuncia-tres-novos-secretarios","status":"publish","type":"post","link":"http:\/\/www.apucarana.pr.gov.br\/site\/junior-da-femac-anuncia-tres-novos-secretarios\/","title":{"rendered":"Junior da Femac anuncia tr\u00eas novos secret\u00e1rios"},"content":{"rendered":"\n\t\t<!-- MasterSlider -->\n\t\t<div id=\"P_MS69f0ecd61ecd0\" class=\"master-slider-parent master-slider-gallery   ms-parent-id-0\" style=\"\" >\n\n\t\t\t\n\t\t\t<!-- MasterSlider Main -->\n\t\t\t<div id=\"MS69f0ecd61ecd0\" class=\"master-slider ms-skin-default\" >\n\t\t\t\t \t\t\t\t \n\t\t\t<div  class=\"ms-slide\" data-delay=\"3\"    >\n\t\t\t\t\t<img decoding=\"async\" src=\"http:\/\/www.apucarana.pr.gov.br\/site\/wp-content\/plugins\/masterslider\/public\/assets\/css\/blank.gif\" alt=\"junior\" title=\"junior\" data-src=\"http:\/\/www.apucarana.pr.gov.br\/site\/wp-content\/uploads\/2023\/04\/junior.jpg\" \/>\n\t<a href=\"http:\/\/www.apucarana.pr.gov.br\/site\/wp-content\/uploads\/2023\/04\/junior.jpg\" target=\"_self\"    >junior<\/a>\n\n\n\t<img decoding=\"async\" class=\"ms-thumb\" src=\"http:\/\/www.apucarana.pr.gov.br\/site\/wp-content\/uploads\/2023\/04\/junior-140x80.jpg\" alt=\"junior\" \/>\n\t\t\t\t<\/div>\n\t\t\t<div  class=\"ms-slide\" data-delay=\"3\"    >\n\t\t\t\t\t<img decoding=\"async\" src=\"http:\/\/www.apucarana.pr.gov.br\/site\/wp-content\/plugins\/masterslider\/public\/assets\/css\/blank.gif\" alt=\"_MG_6761\" title=\"_MG_6761\" data-src=\"http:\/\/www.apucarana.pr.gov.br\/site\/wp-content\/uploads\/2023\/04\/MG_6761-1024x676.jpg\" \/>\n\t<a href=\"http:\/\/www.apucarana.pr.gov.br\/site\/wp-content\/uploads\/2023\/04\/MG_6761-1024x676.jpg\" target=\"_self\"    >_MG_6761<\/a>\n\n\n\t<img decoding=\"async\" class=\"ms-thumb\" src=\"http:\/\/www.apucarana.pr.gov.br\/site\/wp-content\/uploads\/2023\/04\/MG_6761-1024x676-140x80.jpg\" alt=\"_MG_6761\" \/>\n\t\t\t\t<\/div>\n\t\t\t<div  class=\"ms-slide\" data-delay=\"3\"    >\n\t\t\t\t\t<img decoding=\"async\" src=\"http:\/\/www.apucarana.pr.gov.br\/site\/wp-content\/plugins\/masterslider\/public\/assets\/css\/blank.gif\" alt=\"Danilo-Acioli\" title=\"Danilo-Acioli\" data-src=\"http:\/\/www.apucarana.pr.gov.br\/site\/wp-content\/uploads\/2023\/05\/Danilo-Acioli.jpg\" \/>\n\t<a href=\"http:\/\/www.apucarana.pr.gov.br\/site\/wp-content\/uploads\/2023\/05\/Danilo-Acioli.jpg\" target=\"_self\"    >Danilo-Acioli<\/a>\n\n\n\t<img decoding=\"async\" class=\"ms-thumb\" src=\"http:\/\/www.apucarana.pr.gov.br\/site\/wp-content\/uploads\/2023\/05\/Danilo-Acioli-140x80.jpg\" alt=\"Danilo-Acioli\" \/>\n\t\t\t\t<\/div>\n\t\t\t<div  class=\"ms-slide\" data-delay=\"3\"    >\n\t\t\t\t\t<img decoding=\"async\" src=\"http:\/\/www.apucarana.pr.gov.br\/site\/wp-content\/plugins\/masterslider\/public\/assets\/css\/blank.gif\" alt=\"Tom-Barros\" title=\"Tom-Barros\" data-src=\"http:\/\/www.apucarana.pr.gov.br\/site\/wp-content\/uploads\/2023\/05\/Tom-Barros.jpg\" \/>\n\t<a href=\"http:\/\/www.apucarana.pr.gov.br\/site\/wp-content\/uploads\/2023\/05\/Tom-Barros.jpg\" target=\"_self\"    >Tom-Barros<\/a>\n\n\n\t<img decoding=\"async\" class=\"ms-thumb\" src=\"http:\/\/www.apucarana.pr.gov.br\/site\/wp-content\/uploads\/2023\/05\/Tom-Barros-140x80.jpg\" alt=\"Tom-Barros\" \/>\n\t\t\t\t<\/div>\n\n\t\t\t<\/div>\n\t\t\t<!-- END MasterSlider Main -->\n\n\t\t\t \n\t\t<\/div>\n\t\t<!-- END MasterSlider -->\n\n\t\t<script>\n\t\t( window.MSReady = window.MSReady || [] ).push( function( $ ) {\n\n\t\t\t\"use strict\";\n\t\t\tvar masterslider_ecd0 = new MasterSlider();\n\n\t\t\t\/\/ slider controls\n\t\t\tmasterslider_ecd0.control('arrows'     ,{ autohide:true, overVideo:true  });\n\t\t\tmasterslider_ecd0.control('thumblist'  ,{ autohide:false, overVideo:true, dir:'h', speed:17, inset:false, arrows:false, hover:false, customClass:'', align:'bottom',type:'thumbs', margin:2, width:140, height:80, space:2, fillMode:'fill'  });\n\t\t\t\/\/ slider setup\n\t\t\tmasterslider_ecd0.setup(\"MS69f0ecd61ecd0\", {\n\t\t\t\twidth           : 960,\n\t\t\t\theight          : 540,\n\t\t\t\tminHeight       : 0,\n\t\t\t\tspace           : 0,\n\t\t\t\tstart           : 1,\n\t\t\t\tgrabCursor      : true,\n\t\t\t\tswipe           : true,\n\t\t\t\tmouse           : true,\n\t\t\t\tkeyboard        : false,\n\t\t\t\tlayout          : \"fillwidth\",\n\t\t\t\twheel           : false,\n\t\t\t\tautoplay        : true,\n                instantStartLayers:false,\n\t\t\t\tmobileBGVideo:false,\n\t\t\t\tloop            : true,\n\t\t\t\tshuffle         : false,\n\t\t\t\tpreload         : 3,\n\t\t\t\theightLimit     : false,\n\t\t\t\tautoHeight      : false,\n\t\t\t\tsmoothHeight    : true,\n\t\t\t\tendPause        : false,\n\t\t\t\toverPause       : false,\n\t\t\t\tfillMode        : \"fill\",\n\t\t\t\tcenterControls  : true,\n\t\t\t\tstartOnAppear   : false,\n\t\t\t\tlayersMode      : \"center\",\n\t\t\t\tautofillTarget  : \"\",\n\t\t\t\thideLayers      : false,\n\t\t\t\tfullscreenMargin: 0,\n\t\t\t\tspeed           : 17,\n\t\t\t\tdir             : \"h\",\n\t\t\t\tresponsive      : true,\n\t\t\t\ttabletWidth     : 768,\n\t\t\t\ttabletHeight    : null,\n\t\t\t\tphoneWidth      : 480,\n\t\t\t\tphoneHeight    : null,\n\t\t\t\tsizingReference : window,\n\t\t\t\tparallaxMode    : 'swipe',\n\t\t\t\tview            : \"basic\"\n\t\t\t});\n\n\t\t\t\n\t\t\twindow.masterslider_instances = window.masterslider_instances || [];\n\t\t\twindow.masterslider_instances.push( masterslider_ecd0 );\n\t\t});\n\t\t<\/script>\n\n\n<p>O prefeito Junior da Femac (PSD) anunciou nesta sexta-feira (28), em reuni\u00e3o do secretariado, tr\u00eas mudan\u00e7as na sua equipe do primeiro escal\u00e3o. S\u00e3o dois novos secret\u00e1rios das pastas de esportes e de assuntos estrat\u00e9gicos, e um remanejamento interno. A posse dos novos secret\u00e1rios est\u00e1 prevista para a pr\u00f3xima quarta-feira.<\/p>\n<p>O professor de educa\u00e7\u00e3o f\u00edsica, personal trainer, consultor em sa\u00fade e qualidade de vida, p\u00f3s-graduado em fisiologia do exerc\u00edcio e em ci\u00eancia do condicionamento f\u00edsico individualizado, Cleviton Campos de Barros, o \u201cTom Barros\u201d, passa a ocupar o cargo de secret\u00e1rio municipal de esportes. Ele j\u00e1 havia atuado como superintendente da pasta e tamb\u00e9m em cargos no Sesc e no Sesi.<\/p>\n<p>Ao ser oficialmente anunciado, Tom Barros se manifestou muito satisfeito pela confian\u00e7a em seu trabalho. \u201cVamos atuar forte em todas as modalidades e eventos, com o apoio total da gest\u00e3o\u201d, assegurou.<\/p>\n<p>O atual secret\u00e1rio de esportes, Jos\u00e9 Marcelino da Silva, o \u201cGrilo\u201d, passa a comandar todo o trabalho de forma\u00e7\u00e3o e aperfei\u00e7oamento de crian\u00e7as e jovens na modalidade de atletismo. \u201cApucarana tem se destacado no atletismo e a partir de agora iremos ampliar o \u00f3timo trabalho que vem sendo desenvolvido pelo Grilo, com a revela\u00e7\u00e3o de atletas de elite em v\u00e1rias provas\u201d, justifica o prefeito Junior da Femac.<\/p>\n<p>O cargo de diretor-presidente do Instituto de Desenvolvimento, Pesquisa e Planejamento (IDEPPLAN), passa a ser ocupado pelo Dr. Ivan Silva, que \u00e9 graduado em cinco \u00e1reas. Nos \u00faltimos anos ele ocupava o cargo de secret\u00e1rio de assuntos estrat\u00e9gicos, ligado ao gabinete do prefeito.<\/p>\n<p>At\u00e9 o momento, o diretor-presidente do Idepplan, era o servidor de carreira, Carlos Mendes. A partir de agora, mantendo o status de secret\u00e1rio, ele ir\u00e1 comandar toda \u00e1rea de tr\u00e2nsito e tamb\u00e9m a \u00e1rea de inova\u00e7\u00e3o tecnol\u00f3gica, em parceria com o Sebrae, Conecta e Acia.<\/p>\n<p>O advogado Danylo Acioli, deixa a Procuradoria Geral da C\u00e2mara Municipal, para ocupar a titularidade da Secretaria de Assuntos Estrat\u00e9gicos, junto ao gabinete do prefeito. Sua primeira miss\u00e3o ser\u00e1 organizar e coordenar o Programa Justi\u00e7a no Bairro, que Apucarana ir\u00e1 sediar \u2013 em \u00e2mbito regional \u2013 no m\u00eas de junho, em parceria com o Tribunal de Justi\u00e7a do Paran\u00e1.<\/p>\n<p>\u201cRecebo o convite do prefeito Junior da Femac com grande satisfa\u00e7\u00e3o, ap\u00f3s cinco anos \u00e0 frente da Procuradoria Geral do Legislativo Municipal. \u201cVamos assumir este novo desafio com muito trabalho e dedica\u00e7\u00e3o para somar positivamente no secretariado do prefeito Junior da Femac\u201d, afirmou Acioli, que est\u00e1 pr\u00f3ximo de concluir o Mestrado em Direito e Tecnologia.<\/p>\n","protected":false},"excerpt":{"rendered":"<p>O prefeito Junior da Femac (PSD) anunciou nesta sexta-feira (28), em reuni&atilde;o do secretariado, tr&ecirc;s mudan&ccedil;as na sua equipe do primeiro escal&atilde;o. S&atilde;o dois novos secret&aacute;rios das pastas de esportes e de assuntos estrat&eacute;gicos, e um remanejamento interno. A posse dos novos secret&aacute;rios est&aacute; prevista para a pr&oacute;xima quarta-feira. O professor de educa&ccedil;&atilde;o f&iacute;sica, personal [&hellip;]<\/p>\n","protected":false},"author":7,"featured_media":80282,"comment_status":"closed","ping_status":"closed","sticky":false,"template":"","format":"standard","meta":{"footnotes":""},"categories":[24],"tags":[],"class_list":["post-80278","post","type-post","status-publish","format-standard","has-post-thumbnail","hentry","category-noticias"],"acf":[],"_links":{"self":[{"href":"http:\/\/www.apucarana.pr.gov.br\/site\/wp-json\/wp\/v2\/posts\/80278","targetHints":{"allow":["GET"]}}],"collection":[{"href":"http:\/\/www.apucarana.pr.gov.br\/site\/wp-json\/wp\/v2\/posts"}],"about":[{"href":"http:\/\/www.apucarana.pr.gov.br\/site\/wp-json\/wp\/v2\/types\/post"}],"author":[{"embeddable":true,"href":"http:\/\/www.apucarana.pr.gov.br\/site\/wp-json\/wp\/v2\/users\/7"}],"replies":[{"embeddable":true,"href":"http:\/\/www.apucarana.pr.gov.br\/site\/wp-json\/wp\/v2\/comments?post=80278"}],"version-history":[{"count":3,"href":"http:\/\/www.apucarana.pr.gov.br\/site\/wp-json\/wp\/v2\/posts\/80278\/revisions"}],"predecessor-version":[{"id":80301,"href":"http:\/\/www.apucarana.pr.gov.br\/site\/wp-json\/wp\/v2\/posts\/80278\/revisions\/80301"}],"wp:featuredmedia":[{"embeddable":true,"href":"http:\/\/www.apucarana.pr.gov.br\/site\/wp-json\/wp\/v2\/media\/80282"}],"wp:attachment":[{"href":"http:\/\/www.apucarana.pr.gov.br\/site\/wp-json\/wp\/v2\/media?parent=80278"}],"wp:term":[{"taxonomy":"category","embeddable":true,"href":"http:\/\/www.apucarana.pr.gov.br\/site\/wp-json\/wp\/v2\/categories?post=80278"},{"taxonomy":"post_tag","embeddable":true,"href":"http:\/\/www.apucarana.pr.gov.br\/site\/wp-json\/wp\/v2\/tags?post=80278"}],"curies":[{"name":"wp","href":"https:\/\/api.w.org\/{rel}","templated":true}]}}