{"id":80273,"date":"2023-04-28T18:16:45","date_gmt":"2023-04-28T21:16:45","guid":{"rendered":"http:\/\/www.apucarana.pr.gov.br\/site\/?p=80273"},"modified":"2024-10-08T09:30:08","modified_gmt":"2024-10-08T12:30:08","slug":"inscricoes-para-natacao-e-hidroginastica-no-lagoao-serao-abertas-na-quinta-feira","status":"publish","type":"post","link":"http:\/\/www.apucarana.pr.gov.br\/site\/inscricoes-para-natacao-e-hidroginastica-no-lagoao-serao-abertas-na-quinta-feira\/","title":{"rendered":"Inscri\u00e7\u00f5es para nata\u00e7\u00e3o e hidrogin\u00e1stica no Lago\u00e3o, ser\u00e3o abertas na quinta-feira"},"content":{"rendered":"\n\t\t<!-- MasterSlider -->\n\t\t<div id=\"P_MS69f0eca6259e7\" class=\"master-slider-parent master-slider-gallery   ms-parent-id-0\" style=\"\" >\n\n\t\t\t\n\t\t\t<!-- MasterSlider Main -->\n\t\t\t<div id=\"MS69f0eca6259e7\" class=\"master-slider ms-skin-default\" >\n\t\t\t\t \t\t\t\t \n\t\t\t<div  class=\"ms-slide\" data-delay=\"3\"    >\n\t\t\t\t\t<img decoding=\"async\" src=\"http:\/\/www.apucarana.pr.gov.br\/site\/wp-content\/plugins\/masterslider\/public\/assets\/css\/blank.gif\" alt=\"Sr Hagamenon de Souza Silva junto com os aquecedores el\u00e9tricos, que ser\u00e3o usados para piscina do Lago\u00e3o. Foto: Jair Ferreira\" title=\"Aquecedores Lago\u00e3o\" data-src=\"http:\/\/www.apucarana.pr.gov.br\/site\/wp-content\/uploads\/2023\/04\/Piscina-Lagoao-aquecedores_13-1024x683.jpg\" \/>\n\t<a href=\"http:\/\/www.apucarana.pr.gov.br\/site\/wp-content\/uploads\/2023\/04\/Piscina-Lagoao-aquecedores_13-1024x683.jpg\" target=\"_self\"    >Aquecedores Lago\u00e3o<\/a>\n\n\n\t<img decoding=\"async\" class=\"ms-thumb\" src=\"http:\/\/www.apucarana.pr.gov.br\/site\/wp-content\/uploads\/2023\/04\/Piscina-Lagoao-aquecedores_13-1024x683-140x80.jpg\" alt=\"Sr Hagamenon de Souza Silva junto com os aquecedores el\u00e9tricos, que ser\u00e3o usados para piscina do Lago\u00e3o. Foto: Jair Ferreira\" \/>\n\t\t\t\t<\/div>\n\t\t\t<div  class=\"ms-slide\" data-delay=\"3\"    >\n\t\t\t\t\t<img decoding=\"async\" src=\"http:\/\/www.apucarana.pr.gov.br\/site\/wp-content\/plugins\/masterslider\/public\/assets\/css\/blank.gif\" alt=\"Piscina Lago\u00e3o aquecedores_09\" title=\"Piscina Lago\u00e3o aquecedores_09\" data-src=\"http:\/\/www.apucarana.pr.gov.br\/site\/wp-content\/uploads\/2023\/04\/Piscina-Lagoao-aquecedores_09-1024x683.jpg\" \/>\n\t<a href=\"http:\/\/www.apucarana.pr.gov.br\/site\/wp-content\/uploads\/2023\/04\/Piscina-Lagoao-aquecedores_09-1024x683.jpg\" target=\"_self\"    >Piscina Lago\u00e3o aquecedores_09<\/a>\n\n\n\t<img decoding=\"async\" class=\"ms-thumb\" src=\"http:\/\/www.apucarana.pr.gov.br\/site\/wp-content\/uploads\/2023\/04\/Piscina-Lagoao-aquecedores_09-1024x683-140x80.jpg\" alt=\"Piscina Lago\u00e3o aquecedores_09\" \/>\n\t\t\t\t<\/div>\n\t\t\t<div  class=\"ms-slide\" data-delay=\"3\"    >\n\t\t\t\t\t<img decoding=\"async\" src=\"http:\/\/www.apucarana.pr.gov.br\/site\/wp-content\/plugins\/masterslider\/public\/assets\/css\/blank.gif\" alt=\"Piscina Lago\u00e3o aquecedores_03\" title=\"Piscina Lago\u00e3o aquecedores_03\" data-src=\"http:\/\/www.apucarana.pr.gov.br\/site\/wp-content\/uploads\/2023\/04\/Piscina-Lagoao-aquecedores_03-1024x683.jpg\" \/>\n\t<a href=\"http:\/\/www.apucarana.pr.gov.br\/site\/wp-content\/uploads\/2023\/04\/Piscina-Lagoao-aquecedores_03-1024x683.jpg\" target=\"_self\"    >Piscina Lago\u00e3o aquecedores_03<\/a>\n\n\n\t<img decoding=\"async\" class=\"ms-thumb\" src=\"http:\/\/www.apucarana.pr.gov.br\/site\/wp-content\/uploads\/2023\/04\/Piscina-Lagoao-aquecedores_03-1024x683-140x80.jpg\" alt=\"Piscina Lago\u00e3o aquecedores_03\" \/>\n\t\t\t\t<\/div>\n\n\t\t\t<\/div>\n\t\t\t<!-- END MasterSlider Main -->\n\n\t\t\t \n\t\t<\/div>\n\t\t<!-- END MasterSlider -->\n\n\t\t<script>\n\t\t( window.MSReady = window.MSReady || [] ).push( function( $ ) {\n\n\t\t\t\"use strict\";\n\t\t\tvar masterslider_59e7 = new MasterSlider();\n\n\t\t\t\/\/ slider controls\n\t\t\tmasterslider_59e7.control('arrows'     ,{ autohide:true, overVideo:true  });\n\t\t\tmasterslider_59e7.control('thumblist'  ,{ autohide:false, overVideo:true, dir:'h', speed:17, inset:false, arrows:false, hover:false, customClass:'', align:'bottom',type:'thumbs', margin:2, width:140, height:80, space:2, fillMode:'fill'  });\n\t\t\t\/\/ slider setup\n\t\t\tmasterslider_59e7.setup(\"MS69f0eca6259e7\", {\n\t\t\t\twidth           : 960,\n\t\t\t\theight          : 540,\n\t\t\t\tminHeight       : 0,\n\t\t\t\tspace           : 0,\n\t\t\t\tstart           : 1,\n\t\t\t\tgrabCursor      : true,\n\t\t\t\tswipe           : true,\n\t\t\t\tmouse           : true,\n\t\t\t\tkeyboard        : false,\n\t\t\t\tlayout          : \"fillwidth\",\n\t\t\t\twheel           : false,\n\t\t\t\tautoplay        : true,\n                instantStartLayers:false,\n\t\t\t\tmobileBGVideo:false,\n\t\t\t\tloop            : true,\n\t\t\t\tshuffle         : false,\n\t\t\t\tpreload         : 3,\n\t\t\t\theightLimit     : false,\n\t\t\t\tautoHeight      : false,\n\t\t\t\tsmoothHeight    : true,\n\t\t\t\tendPause        : false,\n\t\t\t\toverPause       : false,\n\t\t\t\tfillMode        : \"fill\",\n\t\t\t\tcenterControls  : true,\n\t\t\t\tstartOnAppear   : false,\n\t\t\t\tlayersMode      : \"center\",\n\t\t\t\tautofillTarget  : \"\",\n\t\t\t\thideLayers      : false,\n\t\t\t\tfullscreenMargin: 0,\n\t\t\t\tspeed           : 17,\n\t\t\t\tdir             : \"h\",\n\t\t\t\tresponsive      : true,\n\t\t\t\ttabletWidth     : 768,\n\t\t\t\ttabletHeight    : null,\n\t\t\t\tphoneWidth      : 480,\n\t\t\t\tphoneHeight    : null,\n\t\t\t\tsizingReference : window,\n\t\t\t\tparallaxMode    : 'swipe',\n\t\t\t\tview            : \"basic\"\n\t\t\t});\n\n\t\t\t\n\t\t\twindow.masterslider_instances = window.masterslider_instances || [];\n\t\t\twindow.masterslider_instances.push( masterslider_59e7 );\n\t\t});\n\t\t<\/script>\n\n\n<p>Ap\u00f3s vistoriar nesta sexta-feira, os novos equipamentos de aquecimento da piscina t\u00e9rmica semiol\u00edmpica do Complexo Esportivo Lago\u00e3o, o prefeito Junior da Femac anunciou as inscri\u00e7\u00f5es para as aulas de nata\u00e7\u00e3o e hidrogin\u00e1stica ser\u00e3o abertas na quinta-feira, dia 4 de maio. Ele estava acompanhado do secret\u00e1rio de meio ambiente, Gentil Pereira, e o engenheiro eletricista, Lafayete Luz.<\/p>\n<p>\u201cInvestimos cerca de R$350 mil num sistema de aquecimento el\u00e9trico, moderno e ecologicamente correto. O aquecimento com caldeira e queima de lenha foi abolido\u201d, comentou o prefeito. Segundo ele, a partir de agora a piscina t\u00e9rmica semiol\u00edmpica do Complexo Esportivo Lago\u00e3o, ter\u00e1 \u00e1gua na temperatura ideal para a pr\u00e1tica das aulas de nata\u00e7\u00e3o e hidrogin\u00e1stica.<\/p>\n<p>O novo sistema est\u00e1 em fase de testes e a previs\u00e3o para o in\u00edcio das aulas est\u00e1 programada para o dia 16 de maio. O secret\u00e1rio de esportes, Jos\u00e9 Marcelino da Silva, o \u201cGrilo\u201d informa que mais de 1.500 alunos devem se inscrever na retomada das aulas de nata\u00e7\u00e3o e hidrogin\u00e1stica. \u201cS\u00e3o Idosos, adultos e crian\u00e7as que voltar\u00e3o a dispor de atividades saud\u00e1veis e com a temperatura da \u00e1gua regulada de forma adequada\u201d, diz o secret\u00e1rio, anunciando que as inscri\u00e7\u00f5es ser\u00e3o feitas no pr\u00f3prio \u201cLago\u00e3o\u201d, nos dias 4 e 5 de maio, pela manh\u00e3 e \u00e0 tarde.<\/p>\n<p>O novo sistema de aquecimento ser\u00e1 utilizado nos Jogos Universit\u00e1rios do Paran\u00e1, que Apucarana ir\u00e1 sediar de 7 a 13 de julho. A piscina t\u00e9rmica semiol\u00edmpica tamb\u00e9m ser\u00e1 utilizada para as competi\u00e7\u00f5es da fase final dos Jogos Escolares do Paran\u00e1, de 4 a 12 de agosto.<\/p>\n","protected":false},"excerpt":{"rendered":"<p>Ap&oacute;s vistoriar nesta sexta-feira, os novos equipamentos de aquecimento da piscina t&eacute;rmica semiol&iacute;mpica do Complexo Esportivo Lago&atilde;o, o prefeito Junior da Femac anunciou as inscri&ccedil;&otilde;es para as aulas de nata&ccedil;&atilde;o e hidrogin&aacute;stica ser&atilde;o abertas na quinta-feira, dia 4 de maio. Ele estava acompanhado do secret&aacute;rio de meio ambiente, Gentil Pereira, e o engenheiro eletricista, Lafayete [&hellip;]<\/p>\n","protected":false},"author":7,"featured_media":80275,"comment_status":"closed","ping_status":"closed","sticky":false,"template":"","format":"standard","meta":{"footnotes":""},"categories":[24],"tags":[],"class_list":["post-80273","post","type-post","status-publish","format-standard","has-post-thumbnail","hentry","category-noticias"],"acf":[],"_links":{"self":[{"href":"http:\/\/www.apucarana.pr.gov.br\/site\/wp-json\/wp\/v2\/posts\/80273","targetHints":{"allow":["GET"]}}],"collection":[{"href":"http:\/\/www.apucarana.pr.gov.br\/site\/wp-json\/wp\/v2\/posts"}],"about":[{"href":"http:\/\/www.apucarana.pr.gov.br\/site\/wp-json\/wp\/v2\/types\/post"}],"author":[{"embeddable":true,"href":"http:\/\/www.apucarana.pr.gov.br\/site\/wp-json\/wp\/v2\/users\/7"}],"replies":[{"embeddable":true,"href":"http:\/\/www.apucarana.pr.gov.br\/site\/wp-json\/wp\/v2\/comments?post=80273"}],"version-history":[{"count":1,"href":"http:\/\/www.apucarana.pr.gov.br\/site\/wp-json\/wp\/v2\/posts\/80273\/revisions"}],"predecessor-version":[{"id":80277,"href":"http:\/\/www.apucarana.pr.gov.br\/site\/wp-json\/wp\/v2\/posts\/80273\/revisions\/80277"}],"wp:featuredmedia":[{"embeddable":true,"href":"http:\/\/www.apucarana.pr.gov.br\/site\/wp-json\/wp\/v2\/media\/80275"}],"wp:attachment":[{"href":"http:\/\/www.apucarana.pr.gov.br\/site\/wp-json\/wp\/v2\/media?parent=80273"}],"wp:term":[{"taxonomy":"category","embeddable":true,"href":"http:\/\/www.apucarana.pr.gov.br\/site\/wp-json\/wp\/v2\/categories?post=80273"},{"taxonomy":"post_tag","embeddable":true,"href":"http:\/\/www.apucarana.pr.gov.br\/site\/wp-json\/wp\/v2\/tags?post=80273"}],"curies":[{"name":"wp","href":"https:\/\/api.w.org\/{rel}","templated":true}]}}