{"id":80265,"date":"2023-04-28T17:39:32","date_gmt":"2023-04-28T20:39:32","guid":{"rendered":"http:\/\/www.apucarana.pr.gov.br\/site\/?p=80265"},"modified":"2024-10-08T09:30:08","modified_gmt":"2024-10-08T12:30:08","slug":"com-mil-atendimentos-mensais-apucarana-vira-referencia-com-programa-de-recolhimento-de-moveis-e-inserviveis-domesticos","status":"publish","type":"post","link":"http:\/\/www.apucarana.pr.gov.br\/site\/com-mil-atendimentos-mensais-apucarana-vira-referencia-com-programa-de-recolhimento-de-moveis-e-inserviveis-domesticos\/","title":{"rendered":"Apucarana vira refer\u00eancia com programa de recolhimento de m\u00f3veis e inserv\u00edveis dom\u00e9sticos"},"content":{"rendered":"\n\t\t<!-- MasterSlider -->\n\t\t<div id=\"P_MS69f0d895d50ef\" class=\"master-slider-parent master-slider-gallery   ms-parent-id-0\" style=\"\" >\n\n\t\t\t\n\t\t\t<!-- MasterSlider Main -->\n\t\t\t<div id=\"MS69f0d895d50ef\" class=\"master-slider ms-skin-default\" >\n\t\t\t\t \t\t\t\t \n\t\t\t<div  class=\"ms-slide\" data-delay=\"3\"    >\n\t\t\t\t\t<img decoding=\"async\" src=\"http:\/\/www.apucarana.pr.gov.br\/site\/wp-content\/plugins\/masterslider\/public\/assets\/css\/blank.gif\" alt=\"capa coleta (2)\" title=\"capa coleta (2)\" data-src=\"http:\/\/www.apucarana.pr.gov.br\/site\/wp-content\/uploads\/2023\/04\/capa-coleta-2-1024x1024.jpg\" \/>\n\t<a href=\"http:\/\/www.apucarana.pr.gov.br\/site\/wp-content\/uploads\/2023\/04\/capa-coleta-2-1024x1024.jpg\" target=\"_self\"    >capa coleta (2)<\/a>\n\n\n\t<img decoding=\"async\" class=\"ms-thumb\" src=\"http:\/\/www.apucarana.pr.gov.br\/site\/wp-content\/uploads\/2023\/04\/capa-coleta-2-1024x1024-140x80.jpg\" alt=\"capa coleta (2)\" \/>\n\t\t\t\t<\/div>\n\t\t\t<div  class=\"ms-slide\" data-delay=\"3\"    >\n\t\t\t\t\t<img decoding=\"async\" src=\"http:\/\/www.apucarana.pr.gov.br\/site\/wp-content\/plugins\/masterslider\/public\/assets\/css\/blank.gif\" alt=\"capa coleta (3)\" title=\"capa coleta (3)\" data-src=\"http:\/\/www.apucarana.pr.gov.br\/site\/wp-content\/uploads\/2023\/04\/capa-coleta-3-1024x1024.jpg\" \/>\n\t<a href=\"http:\/\/www.apucarana.pr.gov.br\/site\/wp-content\/uploads\/2023\/04\/capa-coleta-3-1024x1024.jpg\" target=\"_self\"    >capa coleta (3)<\/a>\n\n\n\t<img decoding=\"async\" class=\"ms-thumb\" src=\"http:\/\/www.apucarana.pr.gov.br\/site\/wp-content\/uploads\/2023\/04\/capa-coleta-3-1024x1024-140x80.jpg\" alt=\"capa coleta (3)\" \/>\n\t\t\t\t<\/div>\n\t\t\t<div  class=\"ms-slide\" data-delay=\"3\"    >\n\t\t\t\t\t<img decoding=\"async\" src=\"http:\/\/www.apucarana.pr.gov.br\/site\/wp-content\/plugins\/masterslider\/public\/assets\/css\/blank.gif\" alt=\"coleta (2)\" title=\"coleta (2)\" data-src=\"http:\/\/www.apucarana.pr.gov.br\/site\/wp-content\/uploads\/2023\/04\/coleta-2-1024x717.jpg\" \/>\n\t<a href=\"http:\/\/www.apucarana.pr.gov.br\/site\/wp-content\/uploads\/2023\/04\/coleta-2-1024x717.jpg\" target=\"_self\"    >coleta (2)<\/a>\n\n\n\t<img decoding=\"async\" class=\"ms-thumb\" src=\"http:\/\/www.apucarana.pr.gov.br\/site\/wp-content\/uploads\/2023\/04\/coleta-2-1024x717-140x80.jpg\" alt=\"coleta (2)\" \/>\n\t\t\t\t<\/div>\n\t\t\t<div  class=\"ms-slide\" data-delay=\"3\"    >\n\t\t\t\t\t<img decoding=\"async\" src=\"http:\/\/www.apucarana.pr.gov.br\/site\/wp-content\/plugins\/masterslider\/public\/assets\/css\/blank.gif\" alt=\"coleta (35)\" title=\"coleta (35)\" data-src=\"http:\/\/www.apucarana.pr.gov.br\/site\/wp-content\/uploads\/2023\/04\/coleta-35-1024x693.jpg\" \/>\n\t<a href=\"http:\/\/www.apucarana.pr.gov.br\/site\/wp-content\/uploads\/2023\/04\/coleta-35-1024x693.jpg\" target=\"_self\"    >coleta (35)<\/a>\n\n\n\t<img decoding=\"async\" class=\"ms-thumb\" src=\"http:\/\/www.apucarana.pr.gov.br\/site\/wp-content\/uploads\/2023\/04\/coleta-35-1024x693-140x80.jpg\" alt=\"coleta (35)\" \/>\n\t\t\t\t<\/div>\n\t\t\t<div  class=\"ms-slide\" data-delay=\"3\"    >\n\t\t\t\t\t<img decoding=\"async\" src=\"http:\/\/www.apucarana.pr.gov.br\/site\/wp-content\/plugins\/masterslider\/public\/assets\/css\/blank.gif\" alt=\"coleta (54)\" title=\"coleta (54)\" data-src=\"http:\/\/www.apucarana.pr.gov.br\/site\/wp-content\/uploads\/2023\/04\/coleta-54-1024x683.jpg\" \/>\n\t<a href=\"http:\/\/www.apucarana.pr.gov.br\/site\/wp-content\/uploads\/2023\/04\/coleta-54-1024x683.jpg\" target=\"_self\"    >coleta (54)<\/a>\n\n\n\t<img decoding=\"async\" class=\"ms-thumb\" src=\"http:\/\/www.apucarana.pr.gov.br\/site\/wp-content\/uploads\/2023\/04\/coleta-54-1024x683-140x80.jpg\" alt=\"coleta (54)\" \/>\n\t\t\t\t<\/div>\n\n\t\t\t<\/div>\n\t\t\t<!-- END MasterSlider Main -->\n\n\t\t\t \n\t\t<\/div>\n\t\t<!-- END MasterSlider -->\n\n\t\t<script>\n\t\t( window.MSReady = window.MSReady || [] ).push( function( $ ) {\n\n\t\t\t\"use strict\";\n\t\t\tvar masterslider_50ef = new MasterSlider();\n\n\t\t\t\/\/ slider controls\n\t\t\tmasterslider_50ef.control('arrows'     ,{ autohide:true, overVideo:true  });\n\t\t\tmasterslider_50ef.control('thumblist'  ,{ autohide:false, overVideo:true, dir:'h', speed:17, inset:false, arrows:false, hover:false, customClass:'', align:'bottom',type:'thumbs', margin:2, width:140, height:80, space:2, fillMode:'fill'  });\n\t\t\t\/\/ slider setup\n\t\t\tmasterslider_50ef.setup(\"MS69f0d895d50ef\", {\n\t\t\t\twidth           : 960,\n\t\t\t\theight          : 540,\n\t\t\t\tminHeight       : 0,\n\t\t\t\tspace           : 0,\n\t\t\t\tstart           : 1,\n\t\t\t\tgrabCursor      : true,\n\t\t\t\tswipe           : true,\n\t\t\t\tmouse           : true,\n\t\t\t\tkeyboard        : false,\n\t\t\t\tlayout          : \"fillwidth\",\n\t\t\t\twheel           : false,\n\t\t\t\tautoplay        : true,\n                instantStartLayers:false,\n\t\t\t\tmobileBGVideo:false,\n\t\t\t\tloop            : true,\n\t\t\t\tshuffle         : false,\n\t\t\t\tpreload         : 3,\n\t\t\t\theightLimit     : false,\n\t\t\t\tautoHeight      : false,\n\t\t\t\tsmoothHeight    : true,\n\t\t\t\tendPause        : false,\n\t\t\t\toverPause       : false,\n\t\t\t\tfillMode        : \"fill\",\n\t\t\t\tcenterControls  : true,\n\t\t\t\tstartOnAppear   : false,\n\t\t\t\tlayersMode      : \"center\",\n\t\t\t\tautofillTarget  : \"\",\n\t\t\t\thideLayers      : false,\n\t\t\t\tfullscreenMargin: 0,\n\t\t\t\tspeed           : 17,\n\t\t\t\tdir             : \"h\",\n\t\t\t\tresponsive      : true,\n\t\t\t\ttabletWidth     : 768,\n\t\t\t\ttabletHeight    : null,\n\t\t\t\tphoneWidth      : 480,\n\t\t\t\tphoneHeight    : null,\n\t\t\t\tsizingReference : window,\n\t\t\t\tparallaxMode    : 'swipe',\n\t\t\t\tview            : \"basic\"\n\t\t\t});\n\n\t\t\t\n\t\t\twindow.masterslider_instances = window.masterslider_instances || [];\n\t\t\twindow.masterslider_instances.push( masterslider_50ef );\n\t\t});\n\t\t<\/script>\n\n\n<p>Crime ambiental, o descarte irregular de m\u00f3veis usados, eletroeletr\u00f4nicos e outros materiais inserv\u00edveis de origem dom\u00e9stica em fundos de vale e terrenos baldios \u00e9 uma problem\u00e1tica presente em munic\u00edpios brasileiros de m\u00e9dio e grande portes.<\/p>\n<p>Em Apucarana, um servi\u00e7o p\u00fablico e gratuito prestado pela Prefeitura de Apucarana tem sido bastante acionado pela popula\u00e7\u00e3o e chamado a aten\u00e7\u00e3o de outros gestores municipais, que t\u00eam enviado t\u00e9cnicos para conhecer de perto a iniciativa desenvolvida dentro da Secretaria Municipal de Servi\u00e7os P\u00fablicos.<\/p>\n<p>Implantado h\u00e1 dois anos como uma a\u00e7\u00e3o piloto, o prefeito J\u00fanior da Femac assinala que hoje o programa apucaranense realiza uma m\u00e9dia de mil recolhimentos ao m\u00eas. \u201cUm programa robusto, consolidado e de impacto direto na preserva\u00e7\u00e3o e prote\u00e7\u00e3o do meio ambiente\u201d, destaca, pontuando que o servi\u00e7o integra uma gama de iniciativas de log\u00edstica reversa desenvolvidas pela administra\u00e7\u00e3o municipal, como os de recolhimento de pneus inserv\u00edveis e o de res\u00edduos das ind\u00fastrias t\u00eaxtil e do vestu\u00e1rio.<\/p>\n<p>Al\u00e9m de aprova\u00e7\u00e3o da popula\u00e7\u00e3o, J\u00fanior da Femac revela que os resultados positivos em favor do meio ambiente t\u00eam gerado interesse de outras prefeituras, que buscam adaptar o programa \u00e0s suas realidades. \u201cFicamos orgulhosos em poder compartilhar com outras cidades o know-how que desenvolvemos. A prote\u00e7\u00e3o do meio ambiente \u00e9 uma pauta e luta global\u201d, frisa o prefeito, citando que recentemente as cidades de Ivaipor\u00e3 e Tel\u00eamaco Borba enviaram equipes t\u00e9cnicas a Apucarana.<\/p>\n<p>O superintendente da Secretaria Municipal de Servi\u00e7os P\u00fablicos, Mauro Toshio Kitano, conta que o programa de recolhimento conta com tr\u00eas caminh\u00f5es e nove servidores p\u00fablicos. \u201cDois ve\u00edculos s\u00e3o utilizados no recolhimento de m\u00f3veis, eletrodom\u00e9sticos e todo o tipo de inserv\u00edvel dom\u00e9stico. J\u00e1 o terceiro ve\u00edculo \u00e9 exclusivo para o recolhimento de galhos\u201d, detalha Toshio, que repassou um relat\u00f3rio de atividades ao prefeito J\u00fanior da Femac. \u201cA partir do recolhimento, providenciamos o encaminhamento ambiental adequado a cada tipo de material\u201d, afirma o superintendente.<\/p>\n<p>O maior volume de chamados ocorre nos dois primeiros dias da semana. \u201cNa segunda e ter\u00e7a-feira nossas equipes chegam a fazer uma m\u00e9dia de 80 recolhimentos di\u00e1rios.\u00a0 No restante dos dias o volume \u00e9 ligeiramente menor mas, semanalmente, o programa efetiva uma m\u00e9dia de 250 recolhimentos\u201d, informa Toshio. A t\u00edtulo de curiosidade, ele relata que nestes primeiros meses do ano o sof\u00e1 \u00e9 o m\u00f3vel mais recolhido pelas equipes municipais. \u201cEste programa \u00e9 uma a\u00e7\u00e3o muito eficaz desenvolvida pela gest\u00e3o do prefeito J\u00fanior da Femac. N\u00e3o h\u00e1 mais justificativa para a pessoa cometer o descarte irregular\u201d, refor\u00e7a o superintendente de Servi\u00e7os P\u00fablicos.<\/p>\n<p><strong>Servi\u00e7o<\/strong> \u2013 Solicita\u00e7\u00f5es de recolhimento de m\u00f3veis, eletroeletr\u00f4nicos e outros inserv\u00edveis dom\u00e9sticos, e galhos, devem ser feitas via telefone geral da Prefeitura de Apucarana, no n\u00famero 3422-4000 \u2013 ramais 556 e 557, de segunda a sexta-feira, das 8 \u00e0s 17 horas. A orienta\u00e7\u00e3o \u00e9 que at\u00e9 o recolhimento, o morador mantenha o descarte protegido da chuva, para evitar o acumulo de \u00e1gua e risco de se tornar foco de prolifera\u00e7\u00e3o do mosquito transmissor da dengue.<\/p>\n","protected":false},"excerpt":{"rendered":"<p>Crime ambiental, o descarte irregular de m&oacute;veis usados, eletroeletr&ocirc;nicos e outros materiais inserv&iacute;veis de origem dom&eacute;stica em fundos de vale e terrenos baldios &eacute; uma problem&aacute;tica presente em munic&iacute;pios brasileiros de m&eacute;dio e grande portes. Em Apucarana, um servi&ccedil;o p&uacute;blico e gratuito prestado pela Prefeitura de Apucarana tem sido bastante acionado pela popula&ccedil;&atilde;o e chamado [&hellip;]<\/p>\n","protected":false},"author":7,"featured_media":80266,"comment_status":"closed","ping_status":"closed","sticky":false,"template":"","format":"standard","meta":{"footnotes":""},"categories":[24],"tags":[],"class_list":["post-80265","post","type-post","status-publish","format-standard","has-post-thumbnail","hentry","category-noticias"],"acf":[],"_links":{"self":[{"href":"http:\/\/www.apucarana.pr.gov.br\/site\/wp-json\/wp\/v2\/posts\/80265","targetHints":{"allow":["GET"]}}],"collection":[{"href":"http:\/\/www.apucarana.pr.gov.br\/site\/wp-json\/wp\/v2\/posts"}],"about":[{"href":"http:\/\/www.apucarana.pr.gov.br\/site\/wp-json\/wp\/v2\/types\/post"}],"author":[{"embeddable":true,"href":"http:\/\/www.apucarana.pr.gov.br\/site\/wp-json\/wp\/v2\/users\/7"}],"replies":[{"embeddable":true,"href":"http:\/\/www.apucarana.pr.gov.br\/site\/wp-json\/wp\/v2\/comments?post=80265"}],"version-history":[{"count":2,"href":"http:\/\/www.apucarana.pr.gov.br\/site\/wp-json\/wp\/v2\/posts\/80265\/revisions"}],"predecessor-version":[{"id":80272,"href":"http:\/\/www.apucarana.pr.gov.br\/site\/wp-json\/wp\/v2\/posts\/80265\/revisions\/80272"}],"wp:featuredmedia":[{"embeddable":true,"href":"http:\/\/www.apucarana.pr.gov.br\/site\/wp-json\/wp\/v2\/media\/80266"}],"wp:attachment":[{"href":"http:\/\/www.apucarana.pr.gov.br\/site\/wp-json\/wp\/v2\/media?parent=80265"}],"wp:term":[{"taxonomy":"category","embeddable":true,"href":"http:\/\/www.apucarana.pr.gov.br\/site\/wp-json\/wp\/v2\/categories?post=80265"},{"taxonomy":"post_tag","embeddable":true,"href":"http:\/\/www.apucarana.pr.gov.br\/site\/wp-json\/wp\/v2\/tags?post=80265"}],"curies":[{"name":"wp","href":"https:\/\/api.w.org\/{rel}","templated":true}]}}