{"id":8022,"date":"2017-07-04T12:30:46","date_gmt":"2017-07-04T15:30:46","guid":{"rendered":"http:\/\/172.16.0.7\/site-antigo\/?p=8022"},"modified":"2024-10-08T09:14:50","modified_gmt":"2024-10-08T12:14:50","slug":"beto-preto-representa-a-amp-em-evento-do-mpe-em-foz-do-iguacu","status":"publish","type":"post","link":"http:\/\/www.apucarana.pr.gov.br\/site\/beto-preto-representa-a-amp-em-evento-do-mpe-em-foz-do-iguacu\/","title":{"rendered":"Beto Preto representa a AMP em evento do MPE em Foz do Igua\u00e7u"},"content":{"rendered":"<p>O prefeito de Apucarana, Beto Preto, representou ontem (3), em Foz do Igua\u00e7u, a Associa\u00e7\u00e3o dos Munic\u00edpios do Paran\u00e1 (AMP), na condi\u00e7\u00e3o de vice-presidente da entidade, em evento da Promotoria de Prote\u00e7\u00e3o ao Patrim\u00f4nio P\u00fablico, do Minist\u00e9rio P\u00fablico Estadual. Uma nova assembleia, no Parque Tecnol\u00f3gico de foz, foi realizada para tratar da situa\u00e7\u00e3o das prefeituras do Paran\u00e1 que ainda n\u00e3o se adequaram ao Portal da Transpar\u00eancia do MPE.<br \/>\nA Procuradoria Jur\u00eddica da AMP (Associa\u00e7\u00e3o dos Munic\u00edpios do Paran\u00e1), por meio da advogada Francini Frederico esclareceu que o portal \u00e9 uma exig\u00eancia da Lei da Transpar\u00eancia. Para garantir seu cumprimento, o Minist\u00e9rio P\u00fablico do Paran\u00e1 elaborou recomenda\u00e7\u00f5es e uma proposta inicial de Termo de Ajuste de Conduta (TAC) para os munic\u00edpios.<br \/>\nConforme lembrou Beto Preto, a AMP e o MPE discutem o tema desde 2013. \u201cConforme tem alertado o nosso presidente \u2013 da AMP &#8211; Marcel Micheletto, muitas prefeituras ainda n\u00e3o se adequaram ao portal e essa situa\u00e7\u00e3o poder\u00e1 gerar questionamentos jur\u00eddicos do MPE. Voltamos a alertar os prefeitos para a urg\u00eancia de promover as adequa\u00e7\u00f5es necess\u00e1rias, no sentido de evitarem problemas\u201d, advertiu Beto Preto.<br \/>\nEle assinalou ainda que, na reuni\u00e3o da Associa\u00e7\u00e3o dos Munic\u00edpios do Vale do Iva\u00ed, realizada na sexta-feira (30), em Ariranha do Iva\u00ed, tamb\u00e9m foi feito o alerta aos gestores da regi\u00e3o. \u201c\u00c9 importante que os munic\u00edpios respeitem todas as normas definidas pelo MPE para o portal. Caso contr\u00e1rio, correm o risco de sofrerem san\u00e7\u00f5es e responderem a a\u00e7\u00f5es judiciais\u201d, reiterou o presidente da Amuvi.<br \/>\nNa assembl\u00e9ia, Beto Preto parabenizou o Minist\u00e9rio P\u00fablico Estadual, na pessoa da Dra. Maria Cec\u00edlia Delisi Pereira, pela iniciativa de ampliar e consolidar os portais da transpar\u00eancia no Estado.<\/p>\n","protected":false},"excerpt":{"rendered":"<p>Beto Preto discursa ontem, em Foz do Igua\u00e7u, durante assembleia convocada pelo Minist\u00e9rio P\u00fablico Estadual<\/p>\n","protected":false},"author":4,"featured_media":8024,"comment_status":"closed","ping_status":"open","sticky":false,"template":"","format":"standard","meta":{"footnotes":""},"categories":[24],"tags":[],"class_list":["post-8022","post","type-post","status-publish","format-standard","has-post-thumbnail","hentry","category-noticias"],"acf":[],"_links":{"self":[{"href":"http:\/\/www.apucarana.pr.gov.br\/site\/wp-json\/wp\/v2\/posts\/8022","targetHints":{"allow":["GET"]}}],"collection":[{"href":"http:\/\/www.apucarana.pr.gov.br\/site\/wp-json\/wp\/v2\/posts"}],"about":[{"href":"http:\/\/www.apucarana.pr.gov.br\/site\/wp-json\/wp\/v2\/types\/post"}],"author":[{"embeddable":true,"href":"http:\/\/www.apucarana.pr.gov.br\/site\/wp-json\/wp\/v2\/users\/4"}],"replies":[{"embeddable":true,"href":"http:\/\/www.apucarana.pr.gov.br\/site\/wp-json\/wp\/v2\/comments?post=8022"}],"version-history":[{"count":1,"href":"http:\/\/www.apucarana.pr.gov.br\/site\/wp-json\/wp\/v2\/posts\/8022\/revisions"}],"predecessor-version":[{"id":102250,"href":"http:\/\/www.apucarana.pr.gov.br\/site\/wp-json\/wp\/v2\/posts\/8022\/revisions\/102250"}],"wp:featuredmedia":[{"embeddable":true,"href":"http:\/\/www.apucarana.pr.gov.br\/site\/wp-json\/"}],"wp:attachment":[{"href":"http:\/\/www.apucarana.pr.gov.br\/site\/wp-json\/wp\/v2\/media?parent=8022"}],"wp:term":[{"taxonomy":"category","embeddable":true,"href":"http:\/\/www.apucarana.pr.gov.br\/site\/wp-json\/wp\/v2\/categories?post=8022"},{"taxonomy":"post_tag","embeddable":true,"href":"http:\/\/www.apucarana.pr.gov.br\/site\/wp-json\/wp\/v2\/tags?post=8022"}],"curies":[{"name":"wp","href":"https:\/\/api.w.org\/{rel}","templated":true}]}}