{"id":80215,"date":"2023-04-28T11:05:43","date_gmt":"2023-04-28T14:05:43","guid":{"rendered":"http:\/\/www.apucarana.pr.gov.br\/site\/?p=80215"},"modified":"2024-10-08T09:30:09","modified_gmt":"2024-10-08T12:30:09","slug":"equipe-de-atletismo-de-apucarana-participa-da-prova-adriana-de-souza","status":"publish","type":"post","link":"http:\/\/www.apucarana.pr.gov.br\/site\/equipe-de-atletismo-de-apucarana-participa-da-prova-adriana-de-souza\/","title":{"rendered":"Equipe de atletismo de Apucarana participa da Prova Adriana de Souza"},"content":{"rendered":"\n\t\t<!-- MasterSlider -->\n\t\t<div id=\"P_MS69f0eca5a1ee0\" class=\"master-slider-parent master-slider-gallery   ms-parent-id-0\" style=\"\" >\n\n\t\t\t\n\t\t\t<!-- MasterSlider Main -->\n\t\t\t<div id=\"MS69f0eca5a1ee0\" class=\"master-slider ms-skin-default\" >\n\t\t\t\t \t\t\t\t \n\t\t\t<div  class=\"ms-slide\" data-delay=\"3\"    >\n\t\t\t\t\t<img decoding=\"async\" src=\"http:\/\/www.apucarana.pr.gov.br\/site\/wp-content\/plugins\/masterslider\/public\/assets\/css\/blank.gif\" alt=\"WhatsApp Image 2023-04-28 at 10.07.12\" title=\"WhatsApp Image 2023-04-28 at 10.07.12\" data-src=\"http:\/\/www.apucarana.pr.gov.br\/site\/wp-content\/uploads\/2023\/04\/WhatsApp-Image-2023-04-28-at-10.07.12-1-1024x768.jpeg\" \/>\n\t<a href=\"http:\/\/www.apucarana.pr.gov.br\/site\/wp-content\/uploads\/2023\/04\/WhatsApp-Image-2023-04-28-at-10.07.12-1-1024x768.jpeg\" target=\"_self\"    >WhatsApp Image 2023-04-28 at 10.07.12<\/a>\n\n\n\t<img decoding=\"async\" class=\"ms-thumb\" src=\"http:\/\/www.apucarana.pr.gov.br\/site\/wp-content\/uploads\/2023\/04\/WhatsApp-Image-2023-04-28-at-10.07.12-1-1024x768-140x80.jpeg\" alt=\"WhatsApp Image 2023-04-28 at 10.07.12\" \/>\n\t\t\t\t<\/div>\n\t\t\t<div  class=\"ms-slide\" data-delay=\"3\"    >\n\t\t\t\t\t<img decoding=\"async\" src=\"http:\/\/www.apucarana.pr.gov.br\/site\/wp-content\/plugins\/masterslider\/public\/assets\/css\/blank.gif\" alt=\"WhatsApp Image 2023-04-28 at 10.07.57\" title=\"WhatsApp Image 2023-04-28 at 10.07.57\" data-src=\"http:\/\/www.apucarana.pr.gov.br\/site\/wp-content\/uploads\/2023\/04\/WhatsApp-Image-2023-04-28-at-10.07.57-1024x576.jpeg\" \/>\n\t<a href=\"http:\/\/www.apucarana.pr.gov.br\/site\/wp-content\/uploads\/2023\/04\/WhatsApp-Image-2023-04-28-at-10.07.57-1024x576.jpeg\" target=\"_self\"    >WhatsApp Image 2023-04-28 at 10.07.57<\/a>\n\n\n\t<img decoding=\"async\" class=\"ms-thumb\" src=\"http:\/\/www.apucarana.pr.gov.br\/site\/wp-content\/uploads\/2023\/04\/WhatsApp-Image-2023-04-28-at-10.07.57-1024x576-140x80.jpeg\" alt=\"WhatsApp Image 2023-04-28 at 10.07.57\" \/>\n\t\t\t\t<\/div>\n\n\t\t\t<\/div>\n\t\t\t<!-- END MasterSlider Main -->\n\n\t\t\t \n\t\t<\/div>\n\t\t<!-- END MasterSlider -->\n\n\t\t<script>\n\t\t( window.MSReady = window.MSReady || [] ).push( function( $ ) {\n\n\t\t\t\"use strict\";\n\t\t\tvar masterslider_1ee0 = new MasterSlider();\n\n\t\t\t\/\/ slider controls\n\t\t\tmasterslider_1ee0.control('arrows'     ,{ autohide:true, overVideo:true  });\n\t\t\tmasterslider_1ee0.control('thumblist'  ,{ autohide:false, overVideo:true, dir:'h', speed:17, inset:false, arrows:false, hover:false, customClass:'', align:'bottom',type:'thumbs', margin:2, width:140, height:80, space:2, fillMode:'fill'  });\n\t\t\t\/\/ slider setup\n\t\t\tmasterslider_1ee0.setup(\"MS69f0eca5a1ee0\", {\n\t\t\t\twidth           : 960,\n\t\t\t\theight          : 540,\n\t\t\t\tminHeight       : 0,\n\t\t\t\tspace           : 0,\n\t\t\t\tstart           : 1,\n\t\t\t\tgrabCursor      : true,\n\t\t\t\tswipe           : true,\n\t\t\t\tmouse           : true,\n\t\t\t\tkeyboard        : false,\n\t\t\t\tlayout          : \"fillwidth\",\n\t\t\t\twheel           : false,\n\t\t\t\tautoplay        : true,\n                instantStartLayers:false,\n\t\t\t\tmobileBGVideo:false,\n\t\t\t\tloop            : true,\n\t\t\t\tshuffle         : false,\n\t\t\t\tpreload         : 3,\n\t\t\t\theightLimit     : false,\n\t\t\t\tautoHeight      : false,\n\t\t\t\tsmoothHeight    : true,\n\t\t\t\tendPause        : false,\n\t\t\t\toverPause       : false,\n\t\t\t\tfillMode        : \"fill\",\n\t\t\t\tcenterControls  : true,\n\t\t\t\tstartOnAppear   : false,\n\t\t\t\tlayersMode      : \"center\",\n\t\t\t\tautofillTarget  : \"\",\n\t\t\t\thideLayers      : false,\n\t\t\t\tfullscreenMargin: 0,\n\t\t\t\tspeed           : 17,\n\t\t\t\tdir             : \"h\",\n\t\t\t\tresponsive      : true,\n\t\t\t\ttabletWidth     : 768,\n\t\t\t\ttabletHeight    : null,\n\t\t\t\tphoneWidth      : 480,\n\t\t\t\tphoneHeight    : null,\n\t\t\t\tsizingReference : window,\n\t\t\t\tparallaxMode    : 'swipe',\n\t\t\t\tview            : \"basic\"\n\t\t\t});\n\n\t\t\t\n\t\t\twindow.masterslider_instances = window.masterslider_instances || [];\n\t\t\twindow.masterslider_instances.push( masterslider_1ee0 );\n\t\t});\n\t\t<\/script>\n\n\n<p>Dezoito atletas da equipe de atletismo das categorias de base da Secretaria Municipal de Esportes da Prefeitura de Apucarana participam nesta segunda-feira (01\/05), a partir das 7h30, em Ibipor\u00e3 (Norte do Estado), da 21\u00aa edi\u00e7\u00e3o da Prova Pedestre Adriana de Souza. A competi\u00e7\u00e3o, que re\u00fane atletas de todo o Paran\u00e1, ser\u00e1 disputada nas categorias \u201cA\u201d (de 8 a 10 anos), \u201cB\u201d (de 11 a 13 anos) e \u201cC\u201d (de 14 a 15 anos), masculino e feminino.<\/p>\n<p>\u201cVamos ter representantes nas tr\u00eas categorias e confiantes que conseguiremos bons resultados em Ibipor\u00e3. No \u00faltimo dia 21 de abril, em Maring\u00e1, na Prova Tiradentes, faturamos sete trof\u00e9us e por isso a expectativa \u00e9 muito grande para a competi\u00e7\u00e3o da pr\u00f3xima segunda-feira. Mais uma vez a nossa jovem equipe conta com o respaldo do prefeito Junior da Femac\u201d, frisa o professor Jos\u00e9 Marcelino da Silva, o Grillo, secret\u00e1rio municipal de Esportes de Apucarana.<\/p>\n<p>Est\u00e3o inscritos na categoria masculina os atletas Adryan Gomes, Davi Luiz, Jo\u00e3o Pedro Soares, Pedro Henrique Bernardo, Jo\u00e3o Vitor Bernardo, R\u00f4mulo Monteiro, Luis Gustavo, Jo\u00e3o Pedro Souza, Pedro Henrich de Oliveira, Yohan Gabriel Brandino de Oliveira e Pedro Martins.<\/p>\n<p>Pela categoria feminina, Vyt\u00f3ria Rafaely, Vit\u00f3ria Fernanda, Isabela Frederico, Nathaly Monteiro, Andrelize Vit\u00f3ria Pereira da Cruz, Madelaine Gomes da Silva e Gabrielly Eduarda dos Santos de Souza s\u00e3o as competidoras que defendem Apucarana nesta segunda-feira (01\/05).<\/p>\n<p>A competi\u00e7\u00e3o \u00e9 realizada pela Prefeitura de Ibipor\u00e3, por meio da Secretaria Municipal de Esportes, Recrea\u00e7\u00e3o e Lazer.<\/p>\n<p>&nbsp;<\/p>\n","protected":false},"excerpt":{"rendered":"<p>Dezoito atletas da equipe de atletismo das categorias de base da Secretaria Municipal de Esportes da Prefeitura de Apucarana participam nesta segunda-feira (01\/05), a partir das 7h30, em Ibipor&atilde; (Norte do Estado), da 21&ordf; edi&ccedil;&atilde;o da Prova Pedestre Adriana de Souza. A competi&ccedil;&atilde;o, que re&uacute;ne atletas de todo o Paran&aacute;, ser&aacute; disputada nas categorias &ldquo;A&rdquo; [&hellip;]<\/p>\n","protected":false},"author":12,"featured_media":80222,"comment_status":"closed","ping_status":"closed","sticky":false,"template":"","format":"standard","meta":{"footnotes":""},"categories":[24],"tags":[],"class_list":["post-80215","post","type-post","status-publish","format-standard","has-post-thumbnail","hentry","category-noticias"],"acf":[],"_links":{"self":[{"href":"http:\/\/www.apucarana.pr.gov.br\/site\/wp-json\/wp\/v2\/posts\/80215","targetHints":{"allow":["GET"]}}],"collection":[{"href":"http:\/\/www.apucarana.pr.gov.br\/site\/wp-json\/wp\/v2\/posts"}],"about":[{"href":"http:\/\/www.apucarana.pr.gov.br\/site\/wp-json\/wp\/v2\/types\/post"}],"author":[{"embeddable":true,"href":"http:\/\/www.apucarana.pr.gov.br\/site\/wp-json\/wp\/v2\/users\/12"}],"replies":[{"embeddable":true,"href":"http:\/\/www.apucarana.pr.gov.br\/site\/wp-json\/wp\/v2\/comments?post=80215"}],"version-history":[{"count":1,"href":"http:\/\/www.apucarana.pr.gov.br\/site\/wp-json\/wp\/v2\/posts\/80215\/revisions"}],"predecessor-version":[{"id":80230,"href":"http:\/\/www.apucarana.pr.gov.br\/site\/wp-json\/wp\/v2\/posts\/80215\/revisions\/80230"}],"wp:featuredmedia":[{"embeddable":true,"href":"http:\/\/www.apucarana.pr.gov.br\/site\/wp-json\/wp\/v2\/media\/80222"}],"wp:attachment":[{"href":"http:\/\/www.apucarana.pr.gov.br\/site\/wp-json\/wp\/v2\/media?parent=80215"}],"wp:term":[{"taxonomy":"category","embeddable":true,"href":"http:\/\/www.apucarana.pr.gov.br\/site\/wp-json\/wp\/v2\/categories?post=80215"},{"taxonomy":"post_tag","embeddable":true,"href":"http:\/\/www.apucarana.pr.gov.br\/site\/wp-json\/wp\/v2\/tags?post=80215"}],"curies":[{"name":"wp","href":"https:\/\/api.w.org\/{rel}","templated":true}]}}