{"id":80206,"date":"2023-04-27T18:07:30","date_gmt":"2023-04-27T21:07:30","guid":{"rendered":"http:\/\/www.apucarana.pr.gov.br\/site\/?p=80206"},"modified":"2024-10-08T09:30:09","modified_gmt":"2024-10-08T12:30:09","slug":"maior-polo-textil-do-parana-apucarana-planeja-novas-acoes-para-dinamizar-ainda-mais-o-setor","status":"publish","type":"post","link":"http:\/\/www.apucarana.pr.gov.br\/site\/maior-polo-textil-do-parana-apucarana-planeja-novas-acoes-para-dinamizar-ainda-mais-o-setor\/","title":{"rendered":"Maior polo t\u00eaxtil do Paran\u00e1, Apucarana planeja novas a\u00e7\u00f5es para dinamizar ainda mais o setor"},"content":{"rendered":"\n\t\t<!-- MasterSlider -->\n\t\t<div id=\"P_MS69f0ecbfdc15f\" class=\"master-slider-parent master-slider-gallery   ms-parent-id-0\" style=\"\" >\n\n\t\t\t\n\t\t\t<!-- MasterSlider Main -->\n\t\t\t<div id=\"MS69f0ecbfdc15f\" class=\"master-slider ms-skin-default\" >\n\t\t\t\t \t\t\t\t \n\t\t\t<div  class=\"ms-slide\" data-delay=\"3\"    >\n\t\t\t\t\t<img decoding=\"async\" src=\"http:\/\/www.apucarana.pr.gov.br\/site\/wp-content\/plugins\/masterslider\/public\/assets\/css\/blank.gif\" alt=\"capa (2)\" title=\"capa (2)\" data-src=\"http:\/\/www.apucarana.pr.gov.br\/site\/wp-content\/uploads\/2023\/04\/capa-2-1024x987.jpg\" \/>\n\t<a href=\"http:\/\/www.apucarana.pr.gov.br\/site\/wp-content\/uploads\/2023\/04\/capa-2-1024x987.jpg\" target=\"_self\"    >capa (2)<\/a>\n\n\n\t<img decoding=\"async\" class=\"ms-thumb\" src=\"http:\/\/www.apucarana.pr.gov.br\/site\/wp-content\/uploads\/2023\/04\/capa-2-1024x987-140x80.jpg\" alt=\"capa (2)\" \/>\n\t\t\t\t<\/div>\n\t\t\t<div  class=\"ms-slide\" data-delay=\"3\"    >\n\t\t\t\t\t<img decoding=\"async\" src=\"http:\/\/www.apucarana.pr.gov.br\/site\/wp-content\/plugins\/masterslider\/public\/assets\/css\/blank.gif\" alt=\"IMG_7539\" title=\"IMG_7539\" data-src=\"http:\/\/www.apucarana.pr.gov.br\/site\/wp-content\/uploads\/2023\/04\/IMG_7539-1024x575.jpg\" \/>\n\t<a href=\"http:\/\/www.apucarana.pr.gov.br\/site\/wp-content\/uploads\/2023\/04\/IMG_7539-1024x575.jpg\" target=\"_self\"    >IMG_7539<\/a>\n\n\n\t<img decoding=\"async\" class=\"ms-thumb\" src=\"http:\/\/www.apucarana.pr.gov.br\/site\/wp-content\/uploads\/2023\/04\/IMG_7539-1024x575-140x80.jpg\" alt=\"IMG_7539\" \/>\n\t\t\t\t<\/div>\n\t\t\t<div  class=\"ms-slide\" data-delay=\"3\"    >\n\t\t\t\t\t<img decoding=\"async\" src=\"http:\/\/www.apucarana.pr.gov.br\/site\/wp-content\/plugins\/masterslider\/public\/assets\/css\/blank.gif\" alt=\"IMG_7546\" title=\"IMG_7546\" data-src=\"http:\/\/www.apucarana.pr.gov.br\/site\/wp-content\/uploads\/2023\/04\/IMG_7546-1024x575.jpg\" \/>\n\t<a href=\"http:\/\/www.apucarana.pr.gov.br\/site\/wp-content\/uploads\/2023\/04\/IMG_7546-1024x575.jpg\" target=\"_self\"    >IMG_7546<\/a>\n\n\n\t<img decoding=\"async\" class=\"ms-thumb\" src=\"http:\/\/www.apucarana.pr.gov.br\/site\/wp-content\/uploads\/2023\/04\/IMG_7546-1024x575-140x80.jpg\" alt=\"IMG_7546\" \/>\n\t\t\t\t<\/div>\n\n\t\t\t<\/div>\n\t\t\t<!-- END MasterSlider Main -->\n\n\t\t\t \n\t\t<\/div>\n\t\t<!-- END MasterSlider -->\n\n\t\t<script>\n\t\t( window.MSReady = window.MSReady || [] ).push( function( $ ) {\n\n\t\t\t\"use strict\";\n\t\t\tvar masterslider_c15f = new MasterSlider();\n\n\t\t\t\/\/ slider controls\n\t\t\tmasterslider_c15f.control('arrows'     ,{ autohide:true, overVideo:true  });\n\t\t\tmasterslider_c15f.control('thumblist'  ,{ autohide:false, overVideo:true, dir:'h', speed:17, inset:false, arrows:false, hover:false, customClass:'', align:'bottom',type:'thumbs', margin:2, width:140, height:80, space:2, fillMode:'fill'  });\n\t\t\t\/\/ slider setup\n\t\t\tmasterslider_c15f.setup(\"MS69f0ecbfdc15f\", {\n\t\t\t\twidth           : 960,\n\t\t\t\theight          : 540,\n\t\t\t\tminHeight       : 0,\n\t\t\t\tspace           : 0,\n\t\t\t\tstart           : 1,\n\t\t\t\tgrabCursor      : true,\n\t\t\t\tswipe           : true,\n\t\t\t\tmouse           : true,\n\t\t\t\tkeyboard        : false,\n\t\t\t\tlayout          : \"fillwidth\",\n\t\t\t\twheel           : false,\n\t\t\t\tautoplay        : true,\n                instantStartLayers:false,\n\t\t\t\tmobileBGVideo:false,\n\t\t\t\tloop            : true,\n\t\t\t\tshuffle         : false,\n\t\t\t\tpreload         : 3,\n\t\t\t\theightLimit     : false,\n\t\t\t\tautoHeight      : false,\n\t\t\t\tsmoothHeight    : true,\n\t\t\t\tendPause        : false,\n\t\t\t\toverPause       : false,\n\t\t\t\tfillMode        : \"fill\",\n\t\t\t\tcenterControls  : true,\n\t\t\t\tstartOnAppear   : false,\n\t\t\t\tlayersMode      : \"center\",\n\t\t\t\tautofillTarget  : \"\",\n\t\t\t\thideLayers      : false,\n\t\t\t\tfullscreenMargin: 0,\n\t\t\t\tspeed           : 17,\n\t\t\t\tdir             : \"h\",\n\t\t\t\tresponsive      : true,\n\t\t\t\ttabletWidth     : 768,\n\t\t\t\ttabletHeight    : null,\n\t\t\t\tphoneWidth      : 480,\n\t\t\t\tphoneHeight    : null,\n\t\t\t\tsizingReference : window,\n\t\t\t\tparallaxMode    : 'swipe',\n\t\t\t\tview            : \"basic\"\n\t\t\t});\n\n\t\t\t\n\t\t\twindow.masterslider_instances = window.masterslider_instances || [];\n\t\t\twindow.masterslider_instances.push( masterslider_c15f );\n\t\t});\n\t\t<\/script>\n\n\n<p>O prefeito J\u00fanior da Femac manteve nesta quinta-feira (27\/04), no gabinete municipal, uma reuni\u00e3o de planejamento com membros da governan\u00e7a do Arranjo Produtivo (APL) do Bon\u00e9 e da Confec\u00e7\u00e3o T\u00eaxtil de Apucarana. O encontro t\u00e9cnico foi o primeiro ap\u00f3s recente divulga\u00e7\u00e3o de estudo, por parte do Observat\u00f3rio do Sistema das Federa\u00e7\u00f5es das Ind\u00fastrias do Estado do Paran\u00e1 (Sistema Fiep), que apontou Apucarana como o maior polo industrial do vestu\u00e1rio e da produ\u00e7\u00e3o t\u00eaxtil do Paran\u00e1, com 612 estabelecimentos e 7.175 trabalhadores formais. \u201cMais do que dados importantes, esta divulga\u00e7\u00e3o chancela uma realidade consolidada. Somos quem mais produz vestu\u00e1rio no Paran\u00e1, o que tamb\u00e9m traz grande responsabilidade e compromisso para que jamais deixemos de nos aprimorar para estarmos \u00e0 altura deste t\u00edtulo\u201d, pontuou o prefeito J\u00fanior da Femac, frisando a import\u00e2ncia de a\u00e7\u00f5es cont\u00ednuas \u2013 tanto do poder p\u00fablico quanto das entidades ligadas ao setor &#8211; com vistas a dinamizar ainda mais o setor.<\/p>\n<p>Da reuni\u00e3o, que contou com a presen\u00e7a do secret\u00e1rio da Ind\u00fastria, Com\u00e9rcio e Emprego, Edison Peres Estrope e do superintendente da pasta, Adan Lenharo, e um grupo representativo do APL, sendo a presidente do Sindicato das Ind\u00fastrias do Vestu\u00e1rio de Apucarana e Vale do Iva\u00ed e Regi\u00e3o (Sivale), empres\u00e1ria Bete Ardigo, acompanhada do diretor Gilberto Cavalini e da executiva Patr\u00edcia Macedo, al\u00e9m da empres\u00e1ria Sueli Marcon, foram definidas algumas a\u00e7\u00f5es a curto, m\u00e9dio e longo prazos. \u201cUma das grandes demandas do empreendedor, al\u00e9m de m\u00e3o-de-obra qualificada, \u00e9 o acesso a linhas de cr\u00e9dito. J\u00e1 temos em Apucarana recursos com taxas e prazos mais acess\u00edveis do que as ofertadas pelo mercado banc\u00e1rio que podem ser captados junto a Fomento Paran\u00e1. Temos guich\u00eas de atendimento na prefeitura e na Acia. Linhas de cr\u00e9dito exclusivas para mulheres empreendedoras, atrav\u00e9s do Banco da Mulher Paranaense, e para o empreendedor em geral, com o Microcr\u00e9dito F\u00e1cil. Vamos intensificar esta divulga\u00e7\u00e3o\u201d, revelou o prefeito J\u00fanior da Femac.<\/p>\n<p>Por sugest\u00e3o da governan\u00e7a, o munic\u00edpio vai apoiar ainda o desenvolvimento de um projeto educativo e cultural junto \u00e0s escolas, intitulado \u201cO Bon\u00e9 tem hist\u00f3ria e mem\u00f3ria\u201d, visando informar e sensibilizar as novas gera\u00e7\u00f5es sobre a import\u00e2ncia hist\u00f3rica, econ\u00f4mica e social do setor boneleiro e da ind\u00fastria do vestu\u00e1rio e da produ\u00e7\u00e3o t\u00eaxtil em Apucarana. \u201cA ideia \u00e9 envolver os estudantes em atividades pedag\u00f3gicas em sala de aula e tamb\u00e9m em a\u00e7\u00f5es externas, como visitas guiadas em ind\u00fastrias, e apresenta\u00e7\u00f5es culturais sobre o tema\u201d, resumiu Bete Ardigo, presidente do Sivale e membro do APL.<\/p>\n<p>Durante a reuni\u00e3o, o prefeito J\u00fanior da Femac tamb\u00e9m refor\u00e7ou a continuidade de todos os programas municipais voltados ao setor, especialmente o Programa Portas Abertas, que adquire cursos profissionalizantes indicados pelo pr\u00f3prio setor produtivo, e disponibiliza gratuitamente para o trabalhador. \u201cA ind\u00fastria t\u00eaxtil e do vestu\u00e1rio s\u00e3o segmentos relevantes para Apucarana. Temos que ter muito orgulho e jamais deixarmos de apoiar\u201d, assinalou o prefeito, destacando a import\u00e2ncia dos encontros peri\u00f3dicos de planejamento.<\/p>\n","protected":false},"excerpt":{"rendered":"<p>O prefeito J&uacute;nior da Femac manteve nesta quinta-feira (27\/04), no gabinete municipal, uma reuni&atilde;o de planejamento com membros da governan&ccedil;a do Arranjo Produtivo (APL) do Bon&eacute; e da Confec&ccedil;&atilde;o T&ecirc;xtil de Apucarana. O encontro t&eacute;cnico foi o primeiro ap&oacute;s recente divulga&ccedil;&atilde;o de estudo, por parte do Observat&oacute;rio do Sistema das Federa&ccedil;&otilde;es das Ind&uacute;strias do Estado [&hellip;]<\/p>\n","protected":false},"author":7,"featured_media":80207,"comment_status":"closed","ping_status":"closed","sticky":false,"template":"","format":"standard","meta":{"footnotes":""},"categories":[24],"tags":[],"class_list":["post-80206","post","type-post","status-publish","format-standard","has-post-thumbnail","hentry","category-noticias"],"acf":[],"_links":{"self":[{"href":"http:\/\/www.apucarana.pr.gov.br\/site\/wp-json\/wp\/v2\/posts\/80206","targetHints":{"allow":["GET"]}}],"collection":[{"href":"http:\/\/www.apucarana.pr.gov.br\/site\/wp-json\/wp\/v2\/posts"}],"about":[{"href":"http:\/\/www.apucarana.pr.gov.br\/site\/wp-json\/wp\/v2\/types\/post"}],"author":[{"embeddable":true,"href":"http:\/\/www.apucarana.pr.gov.br\/site\/wp-json\/wp\/v2\/users\/7"}],"replies":[{"embeddable":true,"href":"http:\/\/www.apucarana.pr.gov.br\/site\/wp-json\/wp\/v2\/comments?post=80206"}],"version-history":[{"count":1,"href":"http:\/\/www.apucarana.pr.gov.br\/site\/wp-json\/wp\/v2\/posts\/80206\/revisions"}],"predecessor-version":[{"id":80210,"href":"http:\/\/www.apucarana.pr.gov.br\/site\/wp-json\/wp\/v2\/posts\/80206\/revisions\/80210"}],"wp:featuredmedia":[{"embeddable":true,"href":"http:\/\/www.apucarana.pr.gov.br\/site\/wp-json\/wp\/v2\/media\/80207"}],"wp:attachment":[{"href":"http:\/\/www.apucarana.pr.gov.br\/site\/wp-json\/wp\/v2\/media?parent=80206"}],"wp:term":[{"taxonomy":"category","embeddable":true,"href":"http:\/\/www.apucarana.pr.gov.br\/site\/wp-json\/wp\/v2\/categories?post=80206"},{"taxonomy":"post_tag","embeddable":true,"href":"http:\/\/www.apucarana.pr.gov.br\/site\/wp-json\/wp\/v2\/tags?post=80206"}],"curies":[{"name":"wp","href":"https:\/\/api.w.org\/{rel}","templated":true}]}}