{"id":80182,"date":"2023-04-27T14:49:37","date_gmt":"2023-04-27T17:49:37","guid":{"rendered":"http:\/\/www.apucarana.pr.gov.br\/site\/?p=80182"},"modified":"2024-10-08T09:30:09","modified_gmt":"2024-10-08T12:30:09","slug":"apucaranenses-disputam-o-estadual-de-atletismo-adulto","status":"publish","type":"post","link":"http:\/\/www.apucarana.pr.gov.br\/site\/apucaranenses-disputam-o-estadual-de-atletismo-adulto\/","title":{"rendered":"Apucaranenses disputam o Estadual de Atletismo Adulto"},"content":{"rendered":"\n\t\t<!-- MasterSlider -->\n\t\t<div id=\"P_MS69f0ecd6000cd\" class=\"master-slider-parent master-slider-gallery   ms-parent-id-0\" style=\"\" >\n\n\t\t\t\n\t\t\t<!-- MasterSlider Main -->\n\t\t\t<div id=\"MS69f0ecd6000cd\" class=\"master-slider ms-skin-default\" >\n\t\t\t\t \t\t\t\t \n\t\t\t<div  class=\"ms-slide\" data-delay=\"3\"    >\n\t\t\t\t\t<img decoding=\"async\" src=\"http:\/\/www.apucarana.pr.gov.br\/site\/wp-content\/plugins\/masterslider\/public\/assets\/css\/blank.gif\" alt=\"Estadual de Atletismo Adulto\" title=\"Estadual de Atletismo Adulto\" data-src=\"http:\/\/www.apucarana.pr.gov.br\/site\/wp-content\/uploads\/2023\/04\/Estadual-de-Atletismo-Adulto-e1682621756146.jpeg\" \/>\n\t<a href=\"http:\/\/www.apucarana.pr.gov.br\/site\/wp-content\/uploads\/2023\/04\/Estadual-de-Atletismo-Adulto-e1682621756146.jpeg\" target=\"_self\"    >Estadual de Atletismo Adulto<\/a>\n\n\n\t<img decoding=\"async\" class=\"ms-thumb\" src=\"http:\/\/www.apucarana.pr.gov.br\/site\/wp-content\/uploads\/2023\/04\/Estadual-de-Atletismo-Adulto-e1682621756146-140x80.jpeg\" alt=\"Estadual de Atletismo Adulto\" \/>\n\t\t\t\t<\/div>\n\t\t\t<div  class=\"ms-slide\" data-delay=\"3\"    >\n\t\t\t\t\t<img decoding=\"async\" src=\"http:\/\/www.apucarana.pr.gov.br\/site\/wp-content\/plugins\/masterslider\/public\/assets\/css\/blank.gif\" alt=\"WhatsApp Image 2023-04-27 at 11.55.07\" title=\"WhatsApp Image 2023-04-27 at 11.55.07\" data-src=\"http:\/\/www.apucarana.pr.gov.br\/site\/wp-content\/uploads\/2023\/04\/WhatsApp-Image-2023-04-27-at-11.55.07.jpeg\" \/>\n\t<a href=\"http:\/\/www.apucarana.pr.gov.br\/site\/wp-content\/uploads\/2023\/04\/WhatsApp-Image-2023-04-27-at-11.55.07.jpeg\" target=\"_self\"    >WhatsApp Image 2023-04-27 at 11.55.07<\/a>\n\n\n\t<img decoding=\"async\" class=\"ms-thumb\" src=\"http:\/\/www.apucarana.pr.gov.br\/site\/wp-content\/uploads\/2023\/04\/WhatsApp-Image-2023-04-27-at-11.55.07-140x80.jpeg\" alt=\"WhatsApp Image 2023-04-27 at 11.55.07\" \/>\n\t\t\t\t<\/div>\n\t\t\t<div  class=\"ms-slide\" data-delay=\"3\"    >\n\t\t\t\t\t<img decoding=\"async\" src=\"http:\/\/www.apucarana.pr.gov.br\/site\/wp-content\/plugins\/masterslider\/public\/assets\/css\/blank.gif\" alt=\"WhatsApp Image 2023-04-27 at 11.55.19\" title=\"WhatsApp Image 2023-04-27 at 11.55.19\" data-src=\"http:\/\/www.apucarana.pr.gov.br\/site\/wp-content\/uploads\/2023\/04\/WhatsApp-Image-2023-04-27-at-11.55.19.jpeg\" \/>\n\t<a href=\"http:\/\/www.apucarana.pr.gov.br\/site\/wp-content\/uploads\/2023\/04\/WhatsApp-Image-2023-04-27-at-11.55.19.jpeg\" target=\"_self\"    >WhatsApp Image 2023-04-27 at 11.55.19<\/a>\n\n\n\t<img decoding=\"async\" class=\"ms-thumb\" src=\"http:\/\/www.apucarana.pr.gov.br\/site\/wp-content\/uploads\/2023\/04\/WhatsApp-Image-2023-04-27-at-11.55.19-140x80.jpeg\" alt=\"WhatsApp Image 2023-04-27 at 11.55.19\" \/>\n\t\t\t\t<\/div>\n\n\t\t\t<\/div>\n\t\t\t<!-- END MasterSlider Main -->\n\n\t\t\t \n\t\t<\/div>\n\t\t<!-- END MasterSlider -->\n\n\t\t<script>\n\t\t( window.MSReady = window.MSReady || [] ).push( function( $ ) {\n\n\t\t\t\"use strict\";\n\t\t\tvar masterslider_00cd = new MasterSlider();\n\n\t\t\t\/\/ slider controls\n\t\t\tmasterslider_00cd.control('arrows'     ,{ autohide:true, overVideo:true  });\n\t\t\tmasterslider_00cd.control('thumblist'  ,{ autohide:false, overVideo:true, dir:'h', speed:17, inset:false, arrows:false, hover:false, customClass:'', align:'bottom',type:'thumbs', margin:2, width:140, height:80, space:2, fillMode:'fill'  });\n\t\t\t\/\/ slider setup\n\t\t\tmasterslider_00cd.setup(\"MS69f0ecd6000cd\", {\n\t\t\t\twidth           : 960,\n\t\t\t\theight          : 540,\n\t\t\t\tminHeight       : 0,\n\t\t\t\tspace           : 0,\n\t\t\t\tstart           : 1,\n\t\t\t\tgrabCursor      : true,\n\t\t\t\tswipe           : true,\n\t\t\t\tmouse           : true,\n\t\t\t\tkeyboard        : false,\n\t\t\t\tlayout          : \"fillwidth\",\n\t\t\t\twheel           : false,\n\t\t\t\tautoplay        : true,\n                instantStartLayers:false,\n\t\t\t\tmobileBGVideo:false,\n\t\t\t\tloop            : true,\n\t\t\t\tshuffle         : false,\n\t\t\t\tpreload         : 3,\n\t\t\t\theightLimit     : false,\n\t\t\t\tautoHeight      : false,\n\t\t\t\tsmoothHeight    : true,\n\t\t\t\tendPause        : false,\n\t\t\t\toverPause       : false,\n\t\t\t\tfillMode        : \"fill\",\n\t\t\t\tcenterControls  : true,\n\t\t\t\tstartOnAppear   : false,\n\t\t\t\tlayersMode      : \"center\",\n\t\t\t\tautofillTarget  : \"\",\n\t\t\t\thideLayers      : false,\n\t\t\t\tfullscreenMargin: 0,\n\t\t\t\tspeed           : 17,\n\t\t\t\tdir             : \"h\",\n\t\t\t\tresponsive      : true,\n\t\t\t\ttabletWidth     : 768,\n\t\t\t\ttabletHeight    : null,\n\t\t\t\tphoneWidth      : 480,\n\t\t\t\tphoneHeight    : null,\n\t\t\t\tsizingReference : window,\n\t\t\t\tparallaxMode    : 'swipe',\n\t\t\t\tview            : \"basic\"\n\t\t\t});\n\n\t\t\t\n\t\t\twindow.masterslider_instances = window.masterslider_instances || [];\n\t\t\twindow.masterslider_instances.push( masterslider_00cd );\n\t\t});\n\t\t<\/script>\n\n\n<p>Os atletas Arthur Kolibaba Pereira, 17, e Ghandi dos Santos Reinehr, 21, da equipe da Secretaria Municipal de Esportes da Prefeitura de Apucarana, disputam neste s\u00e1bado (29\/04), a partir das 8 horas, no Centro Nacional de Treinamento de Atletismo (CNTA), em Cascavel (Oeste do Estado), o Torneio da Federa\u00e7\u00e3o de Atletismo do Paran\u00e1 (FAP), na categoria adulto, com a presen\u00e7a de competidores de todo o Estado.<\/p>\n<p>O professor Jos\u00e9 Marcelino da Silva, o Grillo, secret\u00e1rio municipal de Esportes de Apucarana, disse que Artur disputa as provas de 100m e 200m e Ghandi participar\u00e1 das provas de 200m e 400m. \u201cO Arthur \u00e9 uma das revela\u00e7\u00f5es do nosso atletismo e far\u00e1 a sua estreia numa competi\u00e7\u00e3o estadual, enquanto Ghandi est\u00e1 na modalidade desde 2015, inclusive j\u00e1 tendo disputado o Brasileiro. A dupla est\u00e1 bem treinada e conta com o incentivo do prefeito Junior da Femac\u201d, destaca o professor Grillo.<\/p>\n<p>Aluno do Col\u00e9gio Estadual Izidoro Luiz Cer\u00e1volo, Arthur tem conquistas nas fases municipais dos Jogos Escolares do Paran\u00e1 (JEP`s). J\u00e1 Ghandi, que \u00e9 acad\u00eamico de educa\u00e7\u00e3o f\u00edsica da Faculdade Norte Novo de Apucarana (Facnopar), foi sexto colocado no Campeonato Brasileiro de 2017 em S\u00e3o Paulo, vice-campe\u00e3o do Paranaense de 2017 em Maring\u00e1 e terceiro colocado na fase final dos Jogos Escolares do Paran\u00e1 de 2018 em Campo Mour\u00e3o, al\u00e9m de outras conquistas regionais e municipais.<\/p>\n<p>A competi\u00e7\u00e3o \u00e9 realizada pela Federa\u00e7\u00e3o Paranaense de Atletismo, Secretaria de Esportes e Lazer de Cascavel, Funda\u00e7\u00e3o de Esportes e Cultura de Cascavel, Governo do Estado e Unimed.<\/p>\n<p><strong>\u00a0<\/strong><\/p>\n","protected":false},"excerpt":{"rendered":"<p>Os atletas Arthur Kolibaba Pereira, 17, e Ghandi dos Santos Reinehr, 21, da equipe da Secretaria Municipal de Esportes da Prefeitura de Apucarana, disputam neste s&aacute;bado (29\/04), a partir das 8 horas, no Centro Nacional de Treinamento de Atletismo (CNTA), em Cascavel (Oeste do Estado), o Torneio da Federa&ccedil;&atilde;o de Atletismo do Paran&aacute; (FAP), na [&hellip;]<\/p>\n","protected":false},"author":12,"featured_media":80183,"comment_status":"closed","ping_status":"closed","sticky":false,"template":"","format":"standard","meta":{"footnotes":""},"categories":[24],"tags":[],"class_list":["post-80182","post","type-post","status-publish","format-standard","has-post-thumbnail","hentry","category-noticias"],"acf":[],"_links":{"self":[{"href":"http:\/\/www.apucarana.pr.gov.br\/site\/wp-json\/wp\/v2\/posts\/80182","targetHints":{"allow":["GET"]}}],"collection":[{"href":"http:\/\/www.apucarana.pr.gov.br\/site\/wp-json\/wp\/v2\/posts"}],"about":[{"href":"http:\/\/www.apucarana.pr.gov.br\/site\/wp-json\/wp\/v2\/types\/post"}],"author":[{"embeddable":true,"href":"http:\/\/www.apucarana.pr.gov.br\/site\/wp-json\/wp\/v2\/users\/12"}],"replies":[{"embeddable":true,"href":"http:\/\/www.apucarana.pr.gov.br\/site\/wp-json\/wp\/v2\/comments?post=80182"}],"version-history":[{"count":4,"href":"http:\/\/www.apucarana.pr.gov.br\/site\/wp-json\/wp\/v2\/posts\/80182\/revisions"}],"predecessor-version":[{"id":80200,"href":"http:\/\/www.apucarana.pr.gov.br\/site\/wp-json\/wp\/v2\/posts\/80182\/revisions\/80200"}],"wp:featuredmedia":[{"embeddable":true,"href":"http:\/\/www.apucarana.pr.gov.br\/site\/wp-json\/wp\/v2\/media\/80183"}],"wp:attachment":[{"href":"http:\/\/www.apucarana.pr.gov.br\/site\/wp-json\/wp\/v2\/media?parent=80182"}],"wp:term":[{"taxonomy":"category","embeddable":true,"href":"http:\/\/www.apucarana.pr.gov.br\/site\/wp-json\/wp\/v2\/categories?post=80182"},{"taxonomy":"post_tag","embeddable":true,"href":"http:\/\/www.apucarana.pr.gov.br\/site\/wp-json\/wp\/v2\/tags?post=80182"}],"curies":[{"name":"wp","href":"https:\/\/api.w.org\/{rel}","templated":true}]}}