{"id":8015,"date":"2017-07-03T17:49:22","date_gmt":"2017-07-03T20:49:22","guid":{"rendered":"http:\/\/172.16.0.7\/site-antigo\/?p=8015"},"modified":"2024-10-08T09:14:50","modified_gmt":"2024-10-08T12:14:50","slug":"obras-de-recape-sao-iniciadas-no-pirapo","status":"publish","type":"post","link":"http:\/\/www.apucarana.pr.gov.br\/site\/obras-de-recape-sao-iniciadas-no-pirapo\/","title":{"rendered":"Obras de recape s\u00e3o iniciadas no Pirap\u00f3"},"content":{"rendered":"<p style=\"text-align: justify;line-height: 150%;background: white;vertical-align: baseline;margin: 0cm 0cm 11.25pt 0cm\"><span style=\"font-size: 14.0pt;line-height: 150%;color: #222222\">A empresa\u00a0<span><span style=\"background: white\">Tapalam Constru\u00e7\u00f5es e Empreendimentos Ltda,<\/span><\/span>\u00a0iniciou na \u00faltima sexta-feira (30), a obra de recape asf\u00e1ltico do N\u00facleo Habitacional Am\u00e9lia Moraes (Mutir\u00e3o) e do Loteamento Porto Seguro, no Distrito do Pirap\u00f3. As duas obras, reivindicadas h\u00e1 mais de 15 anos pelos moradores, vai envolver recursos da ordem de R$ 305 mil, sendo R$ 250 mil do governo federal e R$ 55 mil do munic\u00edpio.<\/span><\/p>\n<p style=\"text-align: justify;line-height: 150%;background: white;vertical-align: baseline;margin: 0cm 0cm 11.25pt 0cm\"><span style=\"font-size: 14.0pt;line-height: 150%;color: #222222\">\u201cSer\u00e1 uma obra de 8 mil metros quadrados de asfalto em CBUQ sobre pedras irregulares e a empresa tem at\u00e9 o m\u00eas de agosto para finalizar a obra\u201d informa o secret\u00e1rio de Obras, Herivelto Moreno.<\/span><\/p>\n<p style=\"text-align: justify;line-height: 150%;background: white;vertical-align: baseline;margin: 0cm 0cm 11.25pt 0cm\"><span style=\"font-size: 14.0pt;line-height: 150%;color: #222222\">Essa benfeitoria para os moradores daquela regi\u00e3o est\u00e1 sendo realizada por meio de emenda parlamentar no valor R$ 250 mil, de autoria do senador Roberto Requi\u00e3o e ainda conta com contra partida do munic\u00edpio no valor de R$ 55 mil.<\/span><\/p>\n","protected":false},"excerpt":{"rendered":"<p>A limpeza das ruas e aplica\u00e7\u00e3o de massa asf\u00e1ltica j\u00e1 est\u00e1 em execu\u00e7\u00e3o (Fotos: Edson Denobi)<\/p>\n","protected":false},"author":4,"featured_media":8017,"comment_status":"closed","ping_status":"open","sticky":false,"template":"","format":"standard","meta":{"footnotes":""},"categories":[24],"tags":[],"class_list":["post-8015","post","type-post","status-publish","format-standard","has-post-thumbnail","hentry","category-noticias"],"acf":[],"_links":{"self":[{"href":"http:\/\/www.apucarana.pr.gov.br\/site\/wp-json\/wp\/v2\/posts\/8015","targetHints":{"allow":["GET"]}}],"collection":[{"href":"http:\/\/www.apucarana.pr.gov.br\/site\/wp-json\/wp\/v2\/posts"}],"about":[{"href":"http:\/\/www.apucarana.pr.gov.br\/site\/wp-json\/wp\/v2\/types\/post"}],"author":[{"embeddable":true,"href":"http:\/\/www.apucarana.pr.gov.br\/site\/wp-json\/wp\/v2\/users\/4"}],"replies":[{"embeddable":true,"href":"http:\/\/www.apucarana.pr.gov.br\/site\/wp-json\/wp\/v2\/comments?post=8015"}],"version-history":[{"count":1,"href":"http:\/\/www.apucarana.pr.gov.br\/site\/wp-json\/wp\/v2\/posts\/8015\/revisions"}],"predecessor-version":[{"id":102251,"href":"http:\/\/www.apucarana.pr.gov.br\/site\/wp-json\/wp\/v2\/posts\/8015\/revisions\/102251"}],"wp:featuredmedia":[{"embeddable":true,"href":"http:\/\/www.apucarana.pr.gov.br\/site\/wp-json\/"}],"wp:attachment":[{"href":"http:\/\/www.apucarana.pr.gov.br\/site\/wp-json\/wp\/v2\/media?parent=8015"}],"wp:term":[{"taxonomy":"category","embeddable":true,"href":"http:\/\/www.apucarana.pr.gov.br\/site\/wp-json\/wp\/v2\/categories?post=8015"},{"taxonomy":"post_tag","embeddable":true,"href":"http:\/\/www.apucarana.pr.gov.br\/site\/wp-json\/wp\/v2\/tags?post=8015"}],"curies":[{"name":"wp","href":"https:\/\/api.w.org\/{rel}","templated":true}]}}