{"id":7998,"date":"2017-07-03T17:12:55","date_gmt":"2017-07-03T20:12:55","guid":{"rendered":"http:\/\/172.16.0.7\/site-antigo\/?p=7998"},"modified":"2024-10-08T09:14:51","modified_gmt":"2024-10-08T12:14:51","slug":"banco-cooperativo-e-comunidade-adotam-praca-em-distrito-de-apucarana","status":"publish","type":"post","link":"http:\/\/www.apucarana.pr.gov.br\/site\/banco-cooperativo-e-comunidade-adotam-praca-em-distrito-de-apucarana\/","title":{"rendered":"Banco cooperativo e comunidade \u201cadotam\u201d pra\u00e7a em distrito de Apucarana"},"content":{"rendered":"<p>A ag\u00eancia Sicredi do Distrito de Pirap\u00f3 realizou neste \u00faltimo s\u00e1bado (01\/07), o Dia de Cooperar 2017, tamb\u00e9m conhecido como \u201cDia C\u201d. Com o mote \u201cA gente faz juntos\u201d, a atividade consistiu na revitaliza\u00e7\u00e3o de uma pra\u00e7a da comunidade e foi realizada em parceria com moradores e Prefeitura de Apucarana. \u201cEm 1\u00ba de julho celebramos o Dia Internacional do Cooperativismo e por isto pensamos em uma a\u00e7\u00e3o pr\u00e1tica em benef\u00edcio de toda a popula\u00e7\u00e3o do distrito. Passo todos os dias por este local e vi que a pra\u00e7a estava ficando um pouco triste e pra\u00e7a \u00e9 um local que tem que estar alegre. Foi a\u00ed que surgiu a ideia. Promovemos uma reuni\u00e3o com a comunidade e com a prefeitura sobre o projeto, que abra\u00e7aram a iniciativa, e assim fizemos. Hoje aqui, fiquei muito feliz com o envolvimento\u201d, disse Regiane Cristina Lopes, gerente do Sicredi Pirap\u00f3.<br \/>\nO intuito do banco cooperativo \u00e9 realmente adotar o espa\u00e7o, tornando a manuten\u00e7\u00e3o frequente. \u201c\u00c9 uma iniciativa que queremos que sirva de exemplo para outros munic\u00edpios e tamb\u00e9m para outras a\u00e7\u00f5es que possam ser promovidas aqui dentro do pr\u00f3prio Pirap\u00f3. Podem contar com a parceria do Sicredi, que \u00e9 uma cooperativa que se preocupa com o meio ambiente, com a\u00e7\u00f5es sustent\u00e1veis\u201d, afirmou a gerente.<br \/>\nO prefeito Beto Preto esteve representado pelo secret\u00e1rio Chefe de Gabinete, La\u00e9rcio de Moraes, que avaliou positivamente a iniciativa. \u201cA pra\u00e7a \u00e9 um local que pertence ao povo, por isto a import\u00e2ncia de estar sempre muito bem cuidada. Essa iniciativa do Sicredi, juntamente com toda a comunidade atrav\u00e9s de seus moradores, suas lideran\u00e7as e associa\u00e7\u00f5es, \u00e9 uma coisa linda de se ver. A prefeitura est\u00e1 muito contente com a parceria, que merece aplausos de toda a sociedade\u201d, pontuou Moraes. De acordo com ele, a iniciativa vai ao encontro do Projeto \u201cPra\u00e7a Viva\u201d, onde o prefeito vislumbra revitalizar &#8211; ao longo do mandato \u2013 as cerca de 70 pra\u00e7as da cidade.<br \/>\nO vereador Franciley Preto Godoi, o Poim, participou do mutir\u00e3o. \u201cA pra\u00e7a est\u00e1 ficando ainda mais bonita. Banco pintado, mais flores. Atrav\u00e9s de atitudes como estas quem tem a ganhar \u00e9 o pr\u00f3prio povo\u201d, afirmou.<\/p>\n","protected":false},"excerpt":{"rendered":"<p>A atividade consistiu na revitaliza\u00e7\u00e3o do espa\u00e7o \u00e9 foi realizada em parceria com a Prefeitura de Apucarana (Foto: Profeta)<\/p>\n","protected":false},"author":4,"featured_media":8002,"comment_status":"closed","ping_status":"open","sticky":false,"template":"","format":"standard","meta":{"footnotes":""},"categories":[24],"tags":[],"class_list":["post-7998","post","type-post","status-publish","format-standard","has-post-thumbnail","hentry","category-noticias"],"acf":[],"_links":{"self":[{"href":"http:\/\/www.apucarana.pr.gov.br\/site\/wp-json\/wp\/v2\/posts\/7998","targetHints":{"allow":["GET"]}}],"collection":[{"href":"http:\/\/www.apucarana.pr.gov.br\/site\/wp-json\/wp\/v2\/posts"}],"about":[{"href":"http:\/\/www.apucarana.pr.gov.br\/site\/wp-json\/wp\/v2\/types\/post"}],"author":[{"embeddable":true,"href":"http:\/\/www.apucarana.pr.gov.br\/site\/wp-json\/wp\/v2\/users\/4"}],"replies":[{"embeddable":true,"href":"http:\/\/www.apucarana.pr.gov.br\/site\/wp-json\/wp\/v2\/comments?post=7998"}],"version-history":[{"count":1,"href":"http:\/\/www.apucarana.pr.gov.br\/site\/wp-json\/wp\/v2\/posts\/7998\/revisions"}],"predecessor-version":[{"id":102252,"href":"http:\/\/www.apucarana.pr.gov.br\/site\/wp-json\/wp\/v2\/posts\/7998\/revisions\/102252"}],"wp:featuredmedia":[{"embeddable":true,"href":"http:\/\/www.apucarana.pr.gov.br\/site\/wp-json\/"}],"wp:attachment":[{"href":"http:\/\/www.apucarana.pr.gov.br\/site\/wp-json\/wp\/v2\/media?parent=7998"}],"wp:term":[{"taxonomy":"category","embeddable":true,"href":"http:\/\/www.apucarana.pr.gov.br\/site\/wp-json\/wp\/v2\/categories?post=7998"},{"taxonomy":"post_tag","embeddable":true,"href":"http:\/\/www.apucarana.pr.gov.br\/site\/wp-json\/wp\/v2\/tags?post=7998"}],"curies":[{"name":"wp","href":"https:\/\/api.w.org\/{rel}","templated":true}]}}