{"id":7995,"date":"2017-07-03T16:05:59","date_gmt":"2017-07-03T19:05:59","guid":{"rendered":"http:\/\/172.16.0.7\/site-antigo\/?p=7995"},"modified":"2024-10-08T09:14:51","modified_gmt":"2024-10-08T12:14:51","slug":"polo-oferece-cursos-de-especializacao-da-uel","status":"publish","type":"post","link":"http:\/\/www.apucarana.pr.gov.br\/site\/polo-oferece-cursos-de-especializacao-da-uel\/","title":{"rendered":"Polo oferece cursos de especializa\u00e7\u00e3o da UEL"},"content":{"rendered":"<p>O Polo da Universidade Aberta do Brasil (UAB) em Apucarana recebe inscri\u00e7\u00f5es, at\u00e9 20 de julho, para 110 vagas em cursos de p\u00f3s-gradua\u00e7\u00e3o lato sensu, realizados \u00e0 dist\u00e2ncia. Os cursos s\u00e3o Especializa\u00e7\u00e3o em Ensino de Biologia (35 vagas); Especializa\u00e7\u00e3o em Educa\u00e7\u00e3o F\u00edsica Inclusiva (40 vagas); Especializa\u00e7\u00e3o em Educa\u00e7\u00e3o F\u00edsica na Educa\u00e7\u00e3o B\u00e1sica (40 vagas); Especializa\u00e7\u00e3o em Ensino de Ingl\u00eas para Crian\u00e7as (30 vagas) e Especializa\u00e7\u00e3o em Tecnologias de Inform\u00e1tica na Educa\u00e7\u00e3o (25 vagas).<br \/>\nEsta \u00e9 a primeira vez que a Universidade Estadual de Londrina (UEL) oferece vagas em cursos no Polo de Apucarana, que est\u00e1 em funcionamento desde 2009. \u201cAs atividades do Polo em 2017 v\u00eam crescendo de modo substancial. Com essas cinco especializa\u00e7\u00f5es oferecidas pela UEL, teremos 20 cursos, inteiramente gratuitos, em andamento na nossa cidade, promovidos por excelentes institui\u00e7\u00f5es de ensino estaduais e federais\u201d, destacou a coordenadora do Polo Sueli Gomes R\u00eais.<br \/>\nA secret\u00e1ria municipal de Educa\u00e7\u00e3o, professora Marli Fernandes, acredita que o ensino \u00e0 dist\u00e2ncia seja um instrumento de democratiza\u00e7\u00e3o da educa\u00e7\u00e3o. Para ela, o perfil do aluno que estuda no Polo \u00e9 diferente daqueles que frequentam o ensino presencial. \u201cNo ensino \u00e0 dist\u00e2ncia, o estudante precisa ter disciplina e muita dedica\u00e7\u00e3o, tanto ao estudo quanto \u00e0 pesquisa. Por isso, muitas vezes, quem come\u00e7a um curso se surpreende com o comprometimento exigido nessa modalidade. Se, por um lado, o aluno pode estudar nos momentos dispon\u00edveis, por outro requer que tenha foco para acompanhar o aprendizado\u201d, afirma.<br \/>\nA taxa de inscri\u00e7\u00e3o para os cursos oferecidos pela UEL \u00e9 de R$ 81,00. Mais informa\u00e7\u00f5es sobre documentos necess\u00e1rios, crit\u00e9rios de sele\u00e7\u00e3o e calend\u00e1rio de encontros presenciais podem ser obtidas no site <a href=\"http:\/\/www.labted.net\/editais\">http:\/\/www.labted.net\/editais<\/a> ou por meio do telefone (43) 3425-1603.<\/p>\n","protected":false},"excerpt":{"rendered":"<p>UAB abre inscri\u00e7\u00f5es para 110 vagas de p\u00f3s-gradua\u00e7\u00e3o na Universidade Estadual de Londrina (Foto: Edson Denobi)<\/p>\n","protected":false},"author":4,"featured_media":7996,"comment_status":"closed","ping_status":"open","sticky":false,"template":"","format":"standard","meta":{"footnotes":""},"categories":[24],"tags":[],"class_list":["post-7995","post","type-post","status-publish","format-standard","has-post-thumbnail","hentry","category-noticias"],"acf":[],"_links":{"self":[{"href":"http:\/\/www.apucarana.pr.gov.br\/site\/wp-json\/wp\/v2\/posts\/7995","targetHints":{"allow":["GET"]}}],"collection":[{"href":"http:\/\/www.apucarana.pr.gov.br\/site\/wp-json\/wp\/v2\/posts"}],"about":[{"href":"http:\/\/www.apucarana.pr.gov.br\/site\/wp-json\/wp\/v2\/types\/post"}],"author":[{"embeddable":true,"href":"http:\/\/www.apucarana.pr.gov.br\/site\/wp-json\/wp\/v2\/users\/4"}],"replies":[{"embeddable":true,"href":"http:\/\/www.apucarana.pr.gov.br\/site\/wp-json\/wp\/v2\/comments?post=7995"}],"version-history":[{"count":1,"href":"http:\/\/www.apucarana.pr.gov.br\/site\/wp-json\/wp\/v2\/posts\/7995\/revisions"}],"predecessor-version":[{"id":102253,"href":"http:\/\/www.apucarana.pr.gov.br\/site\/wp-json\/wp\/v2\/posts\/7995\/revisions\/102253"}],"wp:featuredmedia":[{"embeddable":true,"href":"http:\/\/www.apucarana.pr.gov.br\/site\/wp-json\/"}],"wp:attachment":[{"href":"http:\/\/www.apucarana.pr.gov.br\/site\/wp-json\/wp\/v2\/media?parent=7995"}],"wp:term":[{"taxonomy":"category","embeddable":true,"href":"http:\/\/www.apucarana.pr.gov.br\/site\/wp-json\/wp\/v2\/categories?post=7995"},{"taxonomy":"post_tag","embeddable":true,"href":"http:\/\/www.apucarana.pr.gov.br\/site\/wp-json\/wp\/v2\/tags?post=7995"}],"curies":[{"name":"wp","href":"https:\/\/api.w.org\/{rel}","templated":true}]}}