{"id":7989,"date":"2017-07-03T15:51:16","date_gmt":"2017-07-03T18:51:16","guid":{"rendered":"http:\/\/172.16.0.7\/site-antigo\/?p=7989"},"modified":"2024-10-08T09:14:51","modified_gmt":"2024-10-08T12:14:51","slug":"acao-social-inscreve-para-conferencia-municipal","status":"publish","type":"post","link":"http:\/\/www.apucarana.pr.gov.br\/site\/acao-social-inscreve-para-conferencia-municipal\/","title":{"rendered":"Assist\u00eancia Social inscreve para confer\u00eancia municipal"},"content":{"rendered":"<p>A Prefeitura de Apucarana realiza neste dia 13 de julho, a partir das 8 horas, no audit\u00f3rio da Adefiap, a XI Confer\u00eancia Municipal de Assist\u00eancia Social. Organizada pela Secretaria Municipal da Assist\u00eancia Social, as inscri\u00e7\u00f5es devem ser feitas pelo site <a href=\"http:\/\/www.apucarana.pr.gov.br\">http:\/\/www.apucarana.pr.gov.br<\/a>. Com o tema \u201cGarantia de direitos no fortalecimento do Sistema \u00danico de Assist\u00eancia Social (SUAS), o momento contar\u00e1 com palestra magna da professora e assistente social Claudiana Tavares. \u201cPodem se inscrever como participantes da confer\u00eancia todos os atores envolvidos na Pol\u00edtica de Assist\u00eancia Social\u201d, informa Ana Paula Nazarko, secret\u00e1ria Municipal. Ela explica que um link espec\u00edfico do evento estar\u00e1 na p\u00e1gina principal da prefeitura e conter\u00e1 todas as orienta\u00e7\u00f5es de inscri\u00e7\u00e3o. O prazo final para credenciamento foi 18 horas desta segunda-feira (10\/07).<br \/>\nA programa\u00e7\u00e3o j\u00e1 est\u00e1 definida. Das 8 \u00e0s 9 horas acontece o credenciamento. \u201cNa sequ\u00eancia realizaremos a abertura oficial das atividades, com a presen\u00e7a das autoridades e, \u00e0s 9h30, leitura e aprova\u00e7\u00e3o do Regimento Interno da confer\u00eancia\u201d, relata Ana Paula.<br \/>\nA palestra magna est\u00e1 prevista para as 9h45. \u201cAp\u00f3s pausa para o almo\u00e7o, a confer\u00eancia reinicia \u00e0s 13h30 com discuss\u00e3o sobre os Eixos da Confer\u00eancia, levantamento das propostas e indica\u00e7\u00e3o e elei\u00e7\u00e3o dos conselheiros suplentes e titulares representantes da sociedade civil\u201d, diz a secret\u00e1ria Municipal da Assist\u00eancia Social. O encerramento da confer\u00eancia acontece por volta das 17 horas.<br \/>\nOs quatro eixos tem\u00e1ticos a serem discutidos no evento ser\u00e3o: &#8211; EIXO 1:\u00a0 A prote\u00e7\u00e3o social n\u00e3o-contributiva e o princ\u00edpio da equidade como paradigma para a gest\u00e3o dos direitos socioassistenciais; &#8211; EIXO 2: Gest\u00e3o democr\u00e1tica e controle social: o lugar da sociedade civil no SUAS; &#8211; EIXO 3: Acesso \u00e0s seguran\u00e7as socioassistenciais e a articula\u00e7\u00e3o entre servi\u00e7os, benef\u00edcios e transfer\u00eancia de renda como garantias de direitos socioassistenciais; &#8211; EIXO 4: A legisla\u00e7\u00e3o como instrumento para uma gest\u00e3o de compromissos e co-responsabilidades dos entes federativos para a garantia dos direitos socioassistenciais.<br \/>\nOberva\u00e7\u00e3o:<br \/>\nO credenciamento para a confer\u00eancia encerrou as 18 horas desta segunda-feira (10\/07). <\/p>\n","protected":false},"excerpt":{"rendered":"<p>Podem se inscrever como participantes da confer\u00eancia todos os atores envolvidos na Pol\u00edtica de Assist\u00eancia Social (Foto: Edson Denobi)<\/p>\n","protected":false},"author":4,"featured_media":7991,"comment_status":"closed","ping_status":"open","sticky":false,"template":"","format":"standard","meta":{"footnotes":""},"categories":[24],"tags":[],"class_list":["post-7989","post","type-post","status-publish","format-standard","has-post-thumbnail","hentry","category-noticias"],"acf":[],"_links":{"self":[{"href":"http:\/\/www.apucarana.pr.gov.br\/site\/wp-json\/wp\/v2\/posts\/7989","targetHints":{"allow":["GET"]}}],"collection":[{"href":"http:\/\/www.apucarana.pr.gov.br\/site\/wp-json\/wp\/v2\/posts"}],"about":[{"href":"http:\/\/www.apucarana.pr.gov.br\/site\/wp-json\/wp\/v2\/types\/post"}],"author":[{"embeddable":true,"href":"http:\/\/www.apucarana.pr.gov.br\/site\/wp-json\/wp\/v2\/users\/4"}],"replies":[{"embeddable":true,"href":"http:\/\/www.apucarana.pr.gov.br\/site\/wp-json\/wp\/v2\/comments?post=7989"}],"version-history":[{"count":1,"href":"http:\/\/www.apucarana.pr.gov.br\/site\/wp-json\/wp\/v2\/posts\/7989\/revisions"}],"predecessor-version":[{"id":102254,"href":"http:\/\/www.apucarana.pr.gov.br\/site\/wp-json\/wp\/v2\/posts\/7989\/revisions\/102254"}],"wp:featuredmedia":[{"embeddable":true,"href":"http:\/\/www.apucarana.pr.gov.br\/site\/wp-json\/"}],"wp:attachment":[{"href":"http:\/\/www.apucarana.pr.gov.br\/site\/wp-json\/wp\/v2\/media?parent=7989"}],"wp:term":[{"taxonomy":"category","embeddable":true,"href":"http:\/\/www.apucarana.pr.gov.br\/site\/wp-json\/wp\/v2\/categories?post=7989"},{"taxonomy":"post_tag","embeddable":true,"href":"http:\/\/www.apucarana.pr.gov.br\/site\/wp-json\/wp\/v2\/tags?post=7989"}],"curies":[{"name":"wp","href":"https:\/\/api.w.org\/{rel}","templated":true}]}}