{"id":79849,"date":"2023-04-19T13:47:01","date_gmt":"2023-04-19T16:47:01","guid":{"rendered":"http:\/\/www.apucarana.pr.gov.br\/site\/?p=79849"},"modified":"2024-10-08T09:30:12","modified_gmt":"2024-10-08T12:30:12","slug":"secretario-municipal-de-esportes-visita-o-projeto-1-gol-de-letra","status":"publish","type":"post","link":"http:\/\/www.apucarana.pr.gov.br\/site\/secretario-municipal-de-esportes-visita-o-projeto-1-gol-de-letra\/","title":{"rendered":"Secret\u00e1rio Municipal de Esportes visita o Projeto 1 Gol de Letra"},"content":{"rendered":"\n\t\t<!-- MasterSlider -->\n\t\t<div id=\"P_MS69efb80baca4c\" class=\"master-slider-parent master-slider-gallery   ms-parent-id-0\" style=\"\" >\n\n\t\t\t\n\t\t\t<!-- MasterSlider Main -->\n\t\t\t<div id=\"MS69efb80baca4c\" class=\"master-slider ms-skin-default\" >\n\t\t\t\t \t\t\t\t \n\t\t\t<div  class=\"ms-slide\" data-delay=\"3\"    >\n\t\t\t\t\t<img decoding=\"async\" src=\"http:\/\/www.apucarana.pr.gov.br\/site\/wp-content\/plugins\/masterslider\/public\/assets\/css\/blank.gif\" alt=\"WhatsApp Image 2023-04-19 at 13.41.48\" title=\"WhatsApp Image 2023-04-19 at 13.41.48\" data-src=\"http:\/\/www.apucarana.pr.gov.br\/site\/wp-content\/uploads\/2023\/04\/WhatsApp-Image-2023-04-19-at-13.41.48-1-1024x768.jpeg\" \/>\n\t<a href=\"http:\/\/www.apucarana.pr.gov.br\/site\/wp-content\/uploads\/2023\/04\/WhatsApp-Image-2023-04-19-at-13.41.48-1-1024x768.jpeg\" target=\"_self\"    >WhatsApp Image 2023-04-19 at 13.41.48<\/a>\n\n\n\t<img decoding=\"async\" class=\"ms-thumb\" src=\"http:\/\/www.apucarana.pr.gov.br\/site\/wp-content\/uploads\/2023\/04\/WhatsApp-Image-2023-04-19-at-13.41.48-1-1024x768-140x80.jpeg\" alt=\"WhatsApp Image 2023-04-19 at 13.41.48\" \/>\n\t\t\t\t<\/div>\n\t\t\t<div  class=\"ms-slide\" data-delay=\"3\"    >\n\t\t\t\t\t<img decoding=\"async\" src=\"http:\/\/www.apucarana.pr.gov.br\/site\/wp-content\/plugins\/masterslider\/public\/assets\/css\/blank.gif\" alt=\"WhatsApp Image 2023-04-19 at 13.42.37 (1)\" title=\"WhatsApp Image 2023-04-19 at 13.42.37 (1)\" data-src=\"http:\/\/www.apucarana.pr.gov.br\/site\/wp-content\/uploads\/2023\/04\/WhatsApp-Image-2023-04-19-at-13.42.37-1-1024x768.jpeg\" \/>\n\t<a href=\"http:\/\/www.apucarana.pr.gov.br\/site\/wp-content\/uploads\/2023\/04\/WhatsApp-Image-2023-04-19-at-13.42.37-1-1024x768.jpeg\" target=\"_self\"    >WhatsApp Image 2023-04-19 at 13.42.37 (1)<\/a>\n\n\n\t<img decoding=\"async\" class=\"ms-thumb\" src=\"http:\/\/www.apucarana.pr.gov.br\/site\/wp-content\/uploads\/2023\/04\/WhatsApp-Image-2023-04-19-at-13.42.37-1-1024x768-140x80.jpeg\" alt=\"WhatsApp Image 2023-04-19 at 13.42.37 (1)\" \/>\n\t\t\t\t<\/div>\n\t\t\t<div  class=\"ms-slide\" data-delay=\"3\"    >\n\t\t\t\t\t<img decoding=\"async\" src=\"http:\/\/www.apucarana.pr.gov.br\/site\/wp-content\/plugins\/masterslider\/public\/assets\/css\/blank.gif\" alt=\"WhatsApp Image 2023-04-19 at 13.42.37 (2)\" title=\"WhatsApp Image 2023-04-19 at 13.42.37 (2)\" data-src=\"http:\/\/www.apucarana.pr.gov.br\/site\/wp-content\/uploads\/2023\/04\/WhatsApp-Image-2023-04-19-at-13.42.37-2-1024x768.jpeg\" \/>\n\t<a href=\"http:\/\/www.apucarana.pr.gov.br\/site\/wp-content\/uploads\/2023\/04\/WhatsApp-Image-2023-04-19-at-13.42.37-2-1024x768.jpeg\" target=\"_self\"    >WhatsApp Image 2023-04-19 at 13.42.37 (2)<\/a>\n\n\n\t<img decoding=\"async\" class=\"ms-thumb\" src=\"http:\/\/www.apucarana.pr.gov.br\/site\/wp-content\/uploads\/2023\/04\/WhatsApp-Image-2023-04-19-at-13.42.37-2-1024x768-140x80.jpeg\" alt=\"WhatsApp Image 2023-04-19 at 13.42.37 (2)\" \/>\n\t\t\t\t<\/div>\n\t\t\t<div  class=\"ms-slide\" data-delay=\"3\"    >\n\t\t\t\t\t<img decoding=\"async\" src=\"http:\/\/www.apucarana.pr.gov.br\/site\/wp-content\/plugins\/masterslider\/public\/assets\/css\/blank.gif\" alt=\"WhatsApp Image 2023-04-19 at 13.42.37\" title=\"WhatsApp Image 2023-04-19 at 13.42.37\" data-src=\"http:\/\/www.apucarana.pr.gov.br\/site\/wp-content\/uploads\/2023\/04\/WhatsApp-Image-2023-04-19-at-13.42.37-1024x749.jpeg\" \/>\n\t<a href=\"http:\/\/www.apucarana.pr.gov.br\/site\/wp-content\/uploads\/2023\/04\/WhatsApp-Image-2023-04-19-at-13.42.37-1024x749.jpeg\" target=\"_self\"    >WhatsApp Image 2023-04-19 at 13.42.37<\/a>\n\n\n\t<img decoding=\"async\" class=\"ms-thumb\" src=\"http:\/\/www.apucarana.pr.gov.br\/site\/wp-content\/uploads\/2023\/04\/WhatsApp-Image-2023-04-19-at-13.42.37-1024x749-140x80.jpeg\" alt=\"WhatsApp Image 2023-04-19 at 13.42.37\" \/>\n\t\t\t\t<\/div>\n\t\t\t<div  class=\"ms-slide\" data-delay=\"3\"    >\n\t\t\t\t\t<img decoding=\"async\" src=\"http:\/\/www.apucarana.pr.gov.br\/site\/wp-content\/plugins\/masterslider\/public\/assets\/css\/blank.gif\" alt=\"WhatsApp Image 2023-04-19 at 13.42.38 (1)\" title=\"WhatsApp Image 2023-04-19 at 13.42.38 (1)\" data-src=\"http:\/\/www.apucarana.pr.gov.br\/site\/wp-content\/uploads\/2023\/04\/WhatsApp-Image-2023-04-19-at-13.42.38-1-1024x768.jpeg\" \/>\n\t<a href=\"http:\/\/www.apucarana.pr.gov.br\/site\/wp-content\/uploads\/2023\/04\/WhatsApp-Image-2023-04-19-at-13.42.38-1-1024x768.jpeg\" target=\"_self\"    >WhatsApp Image 2023-04-19 at 13.42.38 (1)<\/a>\n\n\n\t<img decoding=\"async\" class=\"ms-thumb\" src=\"http:\/\/www.apucarana.pr.gov.br\/site\/wp-content\/uploads\/2023\/04\/WhatsApp-Image-2023-04-19-at-13.42.38-1-1024x768-140x80.jpeg\" alt=\"WhatsApp Image 2023-04-19 at 13.42.38 (1)\" \/>\n\t\t\t\t<\/div>\n\t\t\t<div  class=\"ms-slide\" data-delay=\"3\"    >\n\t\t\t\t\t<img decoding=\"async\" src=\"http:\/\/www.apucarana.pr.gov.br\/site\/wp-content\/plugins\/masterslider\/public\/assets\/css\/blank.gif\" alt=\"WhatsApp Image 2023-04-19 at 13.42.38\" title=\"WhatsApp Image 2023-04-19 at 13.42.38\" data-src=\"http:\/\/www.apucarana.pr.gov.br\/site\/wp-content\/uploads\/2023\/04\/WhatsApp-Image-2023-04-19-at-13.42.38-1024x768.jpeg\" \/>\n\t<a href=\"http:\/\/www.apucarana.pr.gov.br\/site\/wp-content\/uploads\/2023\/04\/WhatsApp-Image-2023-04-19-at-13.42.38-1024x768.jpeg\" target=\"_self\"    >WhatsApp Image 2023-04-19 at 13.42.38<\/a>\n\n\n\t<img decoding=\"async\" class=\"ms-thumb\" src=\"http:\/\/www.apucarana.pr.gov.br\/site\/wp-content\/uploads\/2023\/04\/WhatsApp-Image-2023-04-19-at-13.42.38-1024x768-140x80.jpeg\" alt=\"WhatsApp Image 2023-04-19 at 13.42.38\" \/>\n\t\t\t\t<\/div>\n\n\t\t\t<\/div>\n\t\t\t<!-- END MasterSlider Main -->\n\n\t\t\t \n\t\t<\/div>\n\t\t<!-- END MasterSlider -->\n\n\t\t<script>\n\t\t( window.MSReady = window.MSReady || [] ).push( function( $ ) {\n\n\t\t\t\"use strict\";\n\t\t\tvar masterslider_ca4c = new MasterSlider();\n\n\t\t\t\/\/ slider controls\n\t\t\tmasterslider_ca4c.control('arrows'     ,{ autohide:true, overVideo:true  });\n\t\t\tmasterslider_ca4c.control('thumblist'  ,{ autohide:false, overVideo:true, dir:'h', speed:17, inset:false, arrows:false, hover:false, customClass:'', align:'bottom',type:'thumbs', margin:2, width:140, height:80, space:2, fillMode:'fill'  });\n\t\t\t\/\/ slider setup\n\t\t\tmasterslider_ca4c.setup(\"MS69efb80baca4c\", {\n\t\t\t\twidth           : 960,\n\t\t\t\theight          : 540,\n\t\t\t\tminHeight       : 0,\n\t\t\t\tspace           : 0,\n\t\t\t\tstart           : 1,\n\t\t\t\tgrabCursor      : true,\n\t\t\t\tswipe           : true,\n\t\t\t\tmouse           : true,\n\t\t\t\tkeyboard        : false,\n\t\t\t\tlayout          : \"fillwidth\",\n\t\t\t\twheel           : false,\n\t\t\t\tautoplay        : true,\n                instantStartLayers:false,\n\t\t\t\tmobileBGVideo:false,\n\t\t\t\tloop            : true,\n\t\t\t\tshuffle         : false,\n\t\t\t\tpreload         : 3,\n\t\t\t\theightLimit     : false,\n\t\t\t\tautoHeight      : false,\n\t\t\t\tsmoothHeight    : true,\n\t\t\t\tendPause        : false,\n\t\t\t\toverPause       : false,\n\t\t\t\tfillMode        : \"fill\",\n\t\t\t\tcenterControls  : true,\n\t\t\t\tstartOnAppear   : false,\n\t\t\t\tlayersMode      : \"center\",\n\t\t\t\tautofillTarget  : \"\",\n\t\t\t\thideLayers      : false,\n\t\t\t\tfullscreenMargin: 0,\n\t\t\t\tspeed           : 17,\n\t\t\t\tdir             : \"h\",\n\t\t\t\tresponsive      : true,\n\t\t\t\ttabletWidth     : 768,\n\t\t\t\ttabletHeight    : null,\n\t\t\t\tphoneWidth      : 480,\n\t\t\t\tphoneHeight    : null,\n\t\t\t\tsizingReference : window,\n\t\t\t\tparallaxMode    : 'swipe',\n\t\t\t\tview            : \"basic\"\n\t\t\t});\n\n\t\t\t\n\t\t\twindow.masterslider_instances = window.masterslider_instances || [];\n\t\t\twindow.masterslider_instances.push( masterslider_ca4c );\n\t\t});\n\t\t<\/script>\n\n\n<p>O professor Jos\u00e9 Marcelino da Silva, o Grillo, secret\u00e1rio municipal de Esportes da Prefeitura de Apucarana, esteve no Est\u00e1dio Adilson L\u00e1zaro Ribeiro (antigo campo do Frigosanto), no Jardim Diamantina, onde acompanhou parte do treinamento do Projeto 1 Gol de Letra, comandado pelo ex-jogador de futebol profissional, Jos\u00e9 Roberto Bezerra, o Robertinho.<\/p>\n<p>\u201cO Robertinho e sua equipe est\u00e3o de parab\u00e9ns pelo projeto que \u00e9 realizado aos s\u00e1bados no per\u00edodo da tarde com as crian\u00e7as e os jovens, fazendo um trabalho de qualidade e de efici\u00eancia, oportunizando lazer e esporte para a comunidade daquele bairro e de outras localidades pr\u00f3ximas. A Secretaria de Esportes e o Conselho Municipal de Esportes t\u00eam ajudado e contribu\u00eddo para o andamento do projeto, contando tamb\u00e9m com o apoio do prefeito Junior da Femac e do vice-prefeito Paulo Vital\u201d, destaca o professor Grillo.<\/p>\n<p>Ex-jogador do Arapongas e do Nacional, de Rol\u00e2ndia, Robertinho disse que o projeto existe h\u00e1 mais de 3 anos. \u201cFa\u00e7o um trabalho volunt\u00e1rio com a minha esposa e com pessoas de minha confian\u00e7a que me auxiliam nas atividades aos s\u00e1bados. Fico feliz e recompensado em ver o sucesso do projeto, que atende meninos e meninas entre 6 a 17 anos de idade. Hoje s\u00e3o mais de 60 atletas que treinam no projeto com o sonho de se tornarem jogadores profissionais, mas o nosso objetivo maior \u00e9 de formar bons cidad\u00e3os\u201d, frisa Robertinho.<\/p>\n<p>Tamb\u00e9m fazem parte do projeto os assistentes Jos\u00e9 Ademir da Silva, F\u00e1bio Jos\u00e9 de Andrade e Maria Gabriele de Oliveira Andrade, o treinador de goleiros Jos\u00e9 M\u00e1rcio da Silva, o psic\u00f3logo Ed\u00edlson Schmidt, as auxiliares Sueli Rosa dos Santos Mathias e Sirlei Cremer da Silva, o advogado Luccas Felipe Machado, o diretor esportivo Paulo Pedro Vieira e a diretora-executiva M\u00e1rcia Maria da Silva.<\/p>\n<p><strong>\u00a0<\/strong><\/p>\n<p>&nbsp;<\/p>\n","protected":false},"excerpt":{"rendered":"<p>O professor Jos&eacute; Marcelino da Silva, o Grillo, secret&aacute;rio municipal de Esportes da Prefeitura de Apucarana, esteve no Est&aacute;dio Adilson L&aacute;zaro Ribeiro (antigo campo do Frigosanto), no Jardim Diamantina, onde acompanhou parte do treinamento do Projeto 1 Gol de Letra, comandado pelo ex-jogador de futebol profissional, Jos&eacute; Roberto Bezerra, o Robertinho. &ldquo;O Robertinho e sua [&hellip;]<\/p>\n","protected":false},"author":12,"featured_media":79850,"comment_status":"closed","ping_status":"closed","sticky":false,"template":"","format":"standard","meta":{"footnotes":""},"categories":[24],"tags":[],"class_list":["post-79849","post","type-post","status-publish","format-standard","has-post-thumbnail","hentry","category-noticias"],"acf":[],"_links":{"self":[{"href":"http:\/\/www.apucarana.pr.gov.br\/site\/wp-json\/wp\/v2\/posts\/79849","targetHints":{"allow":["GET"]}}],"collection":[{"href":"http:\/\/www.apucarana.pr.gov.br\/site\/wp-json\/wp\/v2\/posts"}],"about":[{"href":"http:\/\/www.apucarana.pr.gov.br\/site\/wp-json\/wp\/v2\/types\/post"}],"author":[{"embeddable":true,"href":"http:\/\/www.apucarana.pr.gov.br\/site\/wp-json\/wp\/v2\/users\/12"}],"replies":[{"embeddable":true,"href":"http:\/\/www.apucarana.pr.gov.br\/site\/wp-json\/wp\/v2\/comments?post=79849"}],"version-history":[{"count":1,"href":"http:\/\/www.apucarana.pr.gov.br\/site\/wp-json\/wp\/v2\/posts\/79849\/revisions"}],"predecessor-version":[{"id":79857,"href":"http:\/\/www.apucarana.pr.gov.br\/site\/wp-json\/wp\/v2\/posts\/79849\/revisions\/79857"}],"wp:featuredmedia":[{"embeddable":true,"href":"http:\/\/www.apucarana.pr.gov.br\/site\/wp-json\/wp\/v2\/media\/79850"}],"wp:attachment":[{"href":"http:\/\/www.apucarana.pr.gov.br\/site\/wp-json\/wp\/v2\/media?parent=79849"}],"wp:term":[{"taxonomy":"category","embeddable":true,"href":"http:\/\/www.apucarana.pr.gov.br\/site\/wp-json\/wp\/v2\/categories?post=79849"},{"taxonomy":"post_tag","embeddable":true,"href":"http:\/\/www.apucarana.pr.gov.br\/site\/wp-json\/wp\/v2\/tags?post=79849"}],"curies":[{"name":"wp","href":"https:\/\/api.w.org\/{rel}","templated":true}]}}