{"id":7981,"date":"2017-07-03T11:26:42","date_gmt":"2017-07-03T14:26:42","guid":{"rendered":"http:\/\/172.16.0.7\/site-antigo\/?p=7981"},"modified":"2024-10-08T09:14:51","modified_gmt":"2024-10-08T12:14:51","slug":"cresce-aceitacao-de-partos-normais-em-apucarana","status":"publish","type":"post","link":"http:\/\/www.apucarana.pr.gov.br\/site\/cresce-aceitacao-de-partos-normais-em-apucarana\/","title":{"rendered":"Cresce aceita\u00e7\u00e3o de partos normais em Apucarana"},"content":{"rendered":"<p>A\u00e7\u00f5es inovadoras intensificadas no Hospital da Provid\u00eancia Materno Infantil de Apucarana, a partir da atua\u00e7\u00e3o de profissionais da Resid\u00eancia Multiprofissional em Sa\u00fade &#8211; conquistada desde 2016 pela Autarquia Municipal de Sa\u00fade (AMS) -, j\u00e1 produziram resultados positivos na redu\u00e7\u00e3o de cesarianas naquela unidade de sa\u00fade. M\u00e9todos apresentados e cada vez mais bem aceitos entre futuras mam\u00e3es atendidas na Escola da Gestante e mesmo na rede particular mostraram que o n\u00famero de parto normal cresceu 12% entre abril e maio deste ano. Entre um m\u00eas e outro o percentual de cesarianas caiu de 73% para 61%.<br \/>\nJ\u00e1 no balan\u00e7o de junho, no comparativo com o m\u00eas anterior, houve novo crescimento, de 18%.\u00a0Duas das cinco profissionais da \u00e1rea de enfermagem obst\u00e9trica da Resid\u00eancia Multiprofissional, Gabriela Menezes e C\u00e1ssia Martins, est\u00e3o atuando no Hospital Materno Infantil a quem cabe, com a supervis\u00e3o da m\u00e9dica obstetra da Casa da Gestante e plantonista do Hospital, Silvana Fisco, realizar m\u00e9todos para amenizar a dor do trabalho de parto, aumentando assim os \u00edndices de parto normal.<br \/>\n\u201cUtilizamos m\u00e9todos de musicoterapia; aromaterapia (exala essenciais no quarto); penumbra (ambiente escuro e silencioso); pintura de barriga; escalda p\u00e9s; banho de chuveiro morno; caminhadas; bola de pilates; e massagens nas costas, p\u00e9s e c\u00f3ccix. Tudo ajuda amenizar a dor e a ansiedade\u201d, explica a tutora e preceptora da Resid\u00eancia Multiprofissional,\u00a0a enfermeira obstetra Maria Aparecida Moreira das Neves, a \u201cCidinha\u201d, que tamb\u00e9m \u00e9 coordenadora da Escola da Gestante.<br \/>\nConforme explica Maria Aparecida, os m\u00e9todos tranquilizantes (n\u00e3o farmacol\u00f3gicos) s\u00e3o realizados na sala pr\u00e9-parto e parto, sempre com acompanhamento m\u00e9dico obstetra e da enfermeira obstetra. \u201cBem assistidas com a presen\u00e7a dos profissionais e envolvidas num ambiente tranq\u00fcilo, as gestantes vem optando mais pelo parto normal. O hospital vinha trabalhando com uma m\u00e9dia hist\u00f3rica de 70% cesariana\u201d, observa Cidinha.<br \/>\nO resultado que j\u00e1 est\u00e1 aparecendo faz parte de um processo que come\u00e7a na Escola da Gestante com conversas explicando as metodologias e as vantagens. Quando chegam na maternidade elas se deparam na pr\u00e1tica com as inova\u00e7\u00f5es.<br \/>\nO conceito de que o nascimento da crian\u00e7a deve ser feito na sala de parto, tamb\u00e9m est\u00e1 mudando. \u201cO nascimento do beb\u00ea est\u00e1 acontecendo no leito, na cadeira, no quarto pr\u00e9-parto e na posi\u00e7\u00e3o que a m\u00e3e se sentir mais confort\u00e1vel. O que antes as mulheres consideravam desleixo, parto no leito, hoje se tornou uma rotina, priorizando o conforto das m\u00e3es\u201d, pondera a m\u00e9dica Silvana Fisco.<br \/>\n<strong>\u201cSuperei meu nervosismo\u201d,<\/strong><br \/>\n<strong>diz mam\u00e3e de 17 anos<\/strong><br \/>\nAna Carla Dallacosta, 17 anos, deu a luz em junho ao seu primeiro filho (Davi), com parto normal no leito, sob os cuidados das enfermeiras obstetras e da m\u00e9dica Silvana. \u201cGra\u00e7as a Deus, parte do meu nervosismo passou com o atendimento que recebi. As enfermeiras fizeram massagem coluna, tomei banho morno e posi\u00e7\u00f5es com bola de pilates para amenizar a dor do trabalho de parto e ajudar na descida do beb\u00ea. Foram tamb\u00e9m experimentadas posi\u00e7\u00f5es variadas e escolhi a de quatro apoio (gatinho)\u201d, comentou Ana Carla.<br \/>\n\u201cCom todos esses m\u00e9todos, tamb\u00e9m se faz desnecess\u00e1rio o uso da episiotomia (corte no per\u00edneo)\u201d, detalha a tutora da Resid\u00eancia Multiprofissional, Maria Aparecida.<br \/>\nQuinze minutos depois do parto, Ana Carla estava no quarto amamentando seu filho, sem dor e com apar\u00eancia que n\u00e3o lembrava a experi\u00eancia ter acabado de sair de um parto. Durante as primeiras duas horas Davi foi mantido com a m\u00e3e, sem banho, sem vacina, promovendo o contato pele a pele, aumentando o v\u00ednculo materno e facilitando a descida do leite.<br \/>\nAinda como parte do processo de humaniza\u00e7\u00e3o do parto, as enfermeiras obstetras da resid\u00eancia multiprofissional em sa\u00fade da AMS est\u00e3o oferecendo uma lembran\u00e7a \u00e0s m\u00e3es. Trata-se do carimbo da placenta numa folha de papel sulfite, onde posteriormente \u00e9 adicionada a impress\u00e3o do pezinho do beb\u00ea e a hist\u00f3ria da gesta\u00e7\u00e3o e dados das medidas do beb\u00ea.<br \/>\n&nbsp;<br \/>\n&nbsp;<\/p>\n","protected":false},"excerpt":{"rendered":"<p>M\u00e9todos tranquilizantes e para amenizar a dor foram intensificados por profissionais da Resid\u00eancia Multiprofissional em Sa\u00fade (Fotos &#8211; Profeta)<\/p>\n","protected":false},"author":4,"featured_media":7982,"comment_status":"closed","ping_status":"open","sticky":false,"template":"","format":"standard","meta":{"footnotes":""},"categories":[24],"tags":[],"class_list":["post-7981","post","type-post","status-publish","format-standard","has-post-thumbnail","hentry","category-noticias"],"acf":[],"_links":{"self":[{"href":"http:\/\/www.apucarana.pr.gov.br\/site\/wp-json\/wp\/v2\/posts\/7981","targetHints":{"allow":["GET"]}}],"collection":[{"href":"http:\/\/www.apucarana.pr.gov.br\/site\/wp-json\/wp\/v2\/posts"}],"about":[{"href":"http:\/\/www.apucarana.pr.gov.br\/site\/wp-json\/wp\/v2\/types\/post"}],"author":[{"embeddable":true,"href":"http:\/\/www.apucarana.pr.gov.br\/site\/wp-json\/wp\/v2\/users\/4"}],"replies":[{"embeddable":true,"href":"http:\/\/www.apucarana.pr.gov.br\/site\/wp-json\/wp\/v2\/comments?post=7981"}],"version-history":[{"count":1,"href":"http:\/\/www.apucarana.pr.gov.br\/site\/wp-json\/wp\/v2\/posts\/7981\/revisions"}],"predecessor-version":[{"id":102255,"href":"http:\/\/www.apucarana.pr.gov.br\/site\/wp-json\/wp\/v2\/posts\/7981\/revisions\/102255"}],"wp:featuredmedia":[{"embeddable":true,"href":"http:\/\/www.apucarana.pr.gov.br\/site\/wp-json\/"}],"wp:attachment":[{"href":"http:\/\/www.apucarana.pr.gov.br\/site\/wp-json\/wp\/v2\/media?parent=7981"}],"wp:term":[{"taxonomy":"category","embeddable":true,"href":"http:\/\/www.apucarana.pr.gov.br\/site\/wp-json\/wp\/v2\/categories?post=7981"},{"taxonomy":"post_tag","embeddable":true,"href":"http:\/\/www.apucarana.pr.gov.br\/site\/wp-json\/wp\/v2\/tags?post=7981"}],"curies":[{"name":"wp","href":"https:\/\/api.w.org\/{rel}","templated":true}]}}