{"id":79793,"date":"2023-04-18T11:22:16","date_gmt":"2023-04-18T14:22:16","guid":{"rendered":"http:\/\/www.apucarana.pr.gov.br\/site\/?p=79793"},"modified":"2024-10-08T09:30:12","modified_gmt":"2024-10-08T12:30:12","slug":"escola-de-pais-discute-a-influencia-das-tecnologias-digitais-na-educacao-dos-filhos","status":"publish","type":"post","link":"http:\/\/www.apucarana.pr.gov.br\/site\/escola-de-pais-discute-a-influencia-das-tecnologias-digitais-na-educacao-dos-filhos\/","title":{"rendered":"Escola de Pais discute a influ\u00eancia das tecnologias digitais na educa\u00e7\u00e3o dos filhos"},"content":{"rendered":"\n\t\t<!-- MasterSlider -->\n\t\t<div id=\"P_MS69f1b06edb1b7\" class=\"master-slider-parent master-slider-gallery   ms-parent-id-0\" style=\"\" >\n\n\t\t\t\n\t\t\t<!-- MasterSlider Main -->\n\t\t\t<div id=\"MS69f1b06edb1b7\" class=\"master-slider ms-skin-default\" >\n\t\t\t\t \t\t\t\t \n\t\t\t<div  class=\"ms-slide\" data-delay=\"3\"    >\n\t\t\t\t\t<img decoding=\"async\" src=\"http:\/\/www.apucarana.pr.gov.br\/site\/wp-content\/plugins\/masterslider\/public\/assets\/css\/blank.gif\" alt=\"IMG_6444\" title=\"IMG_6444\" data-src=\"http:\/\/www.apucarana.pr.gov.br\/site\/wp-content\/uploads\/2023\/04\/IMG_6444-1024x664.jpg\" \/>\n\t<a href=\"http:\/\/www.apucarana.pr.gov.br\/site\/wp-content\/uploads\/2023\/04\/IMG_6444-1024x664.jpg\" target=\"_self\"    >IMG_6444<\/a>\n\n\n\t<img decoding=\"async\" class=\"ms-thumb\" src=\"http:\/\/www.apucarana.pr.gov.br\/site\/wp-content\/uploads\/2023\/04\/IMG_6444-1024x664-140x80.jpg\" alt=\"IMG_6444\" \/>\n\t\t\t\t<\/div>\n\t\t\t<div  class=\"ms-slide\" data-delay=\"3\"    >\n\t\t\t\t\t<img decoding=\"async\" src=\"http:\/\/www.apucarana.pr.gov.br\/site\/wp-content\/plugins\/masterslider\/public\/assets\/css\/blank.gif\" alt=\"IMG_6461\" title=\"IMG_6461\" data-src=\"http:\/\/www.apucarana.pr.gov.br\/site\/wp-content\/uploads\/2023\/04\/IMG_6461-1024x683.jpg\" \/>\n\t<a href=\"http:\/\/www.apucarana.pr.gov.br\/site\/wp-content\/uploads\/2023\/04\/IMG_6461-1024x683.jpg\" target=\"_self\"    >IMG_6461<\/a>\n\n\n\t<img decoding=\"async\" class=\"ms-thumb\" src=\"http:\/\/www.apucarana.pr.gov.br\/site\/wp-content\/uploads\/2023\/04\/IMG_6461-1024x683-140x80.jpg\" alt=\"IMG_6461\" \/>\n\t\t\t\t<\/div>\n\t\t\t<div  class=\"ms-slide\" data-delay=\"3\"    >\n\t\t\t\t\t<img decoding=\"async\" src=\"http:\/\/www.apucarana.pr.gov.br\/site\/wp-content\/plugins\/masterslider\/public\/assets\/css\/blank.gif\" alt=\"IMG_6496\" title=\"IMG_6496\" data-src=\"http:\/\/www.apucarana.pr.gov.br\/site\/wp-content\/uploads\/2023\/04\/IMG_6496-1024x680.jpg\" \/>\n\t<a href=\"http:\/\/www.apucarana.pr.gov.br\/site\/wp-content\/uploads\/2023\/04\/IMG_6496-1024x680.jpg\" target=\"_self\"    >IMG_6496<\/a>\n\n\n\t<img decoding=\"async\" class=\"ms-thumb\" src=\"http:\/\/www.apucarana.pr.gov.br\/site\/wp-content\/uploads\/2023\/04\/IMG_6496-1024x680-140x80.jpg\" alt=\"IMG_6496\" \/>\n\t\t\t\t<\/div>\n\t\t\t<div  class=\"ms-slide\" data-delay=\"3\"    >\n\t\t\t\t\t<img decoding=\"async\" src=\"http:\/\/www.apucarana.pr.gov.br\/site\/wp-content\/plugins\/masterslider\/public\/assets\/css\/blank.gif\" alt=\"IMG_6519\" title=\"IMG_6519\" data-src=\"http:\/\/www.apucarana.pr.gov.br\/site\/wp-content\/uploads\/2023\/04\/IMG_6519-1024x607.jpg\" \/>\n\t<a href=\"http:\/\/www.apucarana.pr.gov.br\/site\/wp-content\/uploads\/2023\/04\/IMG_6519-1024x607.jpg\" target=\"_self\"    >IMG_6519<\/a>\n\n\n\t<img decoding=\"async\" class=\"ms-thumb\" src=\"http:\/\/www.apucarana.pr.gov.br\/site\/wp-content\/uploads\/2023\/04\/IMG_6519-1024x607-140x80.jpg\" alt=\"IMG_6519\" \/>\n\t\t\t\t<\/div>\n\t\t\t<div  class=\"ms-slide\" data-delay=\"3\"    >\n\t\t\t\t\t<img decoding=\"async\" src=\"http:\/\/www.apucarana.pr.gov.br\/site\/wp-content\/plugins\/masterslider\/public\/assets\/css\/blank.gif\" alt=\"IMG_6539\" title=\"IMG_6539\" data-src=\"http:\/\/www.apucarana.pr.gov.br\/site\/wp-content\/uploads\/2023\/04\/IMG_6539-1024x575.jpg\" \/>\n\t<a href=\"http:\/\/www.apucarana.pr.gov.br\/site\/wp-content\/uploads\/2023\/04\/IMG_6539-1024x575.jpg\" target=\"_self\"    >IMG_6539<\/a>\n\n\n\t<img decoding=\"async\" class=\"ms-thumb\" src=\"http:\/\/www.apucarana.pr.gov.br\/site\/wp-content\/uploads\/2023\/04\/IMG_6539-1024x575-140x80.jpg\" alt=\"IMG_6539\" \/>\n\t\t\t\t<\/div>\n\t\t\t<div  class=\"ms-slide\" data-delay=\"3\"    >\n\t\t\t\t\t<img decoding=\"async\" src=\"http:\/\/www.apucarana.pr.gov.br\/site\/wp-content\/plugins\/masterslider\/public\/assets\/css\/blank.gif\" alt=\"IMG_6543\" title=\"IMG_6543\" data-src=\"http:\/\/www.apucarana.pr.gov.br\/site\/wp-content\/uploads\/2023\/04\/IMG_6543-1024x575.jpg\" \/>\n\t<a href=\"http:\/\/www.apucarana.pr.gov.br\/site\/wp-content\/uploads\/2023\/04\/IMG_6543-1024x575.jpg\" target=\"_self\"    >IMG_6543<\/a>\n\n\n\t<img decoding=\"async\" class=\"ms-thumb\" src=\"http:\/\/www.apucarana.pr.gov.br\/site\/wp-content\/uploads\/2023\/04\/IMG_6543-1024x575-140x80.jpg\" alt=\"IMG_6543\" \/>\n\t\t\t\t<\/div>\n\t\t\t<div  class=\"ms-slide\" data-delay=\"3\"    >\n\t\t\t\t\t<img decoding=\"async\" src=\"http:\/\/www.apucarana.pr.gov.br\/site\/wp-content\/plugins\/masterslider\/public\/assets\/css\/blank.gif\" alt=\"IMG_6551\" title=\"IMG_6551\" data-src=\"http:\/\/www.apucarana.pr.gov.br\/site\/wp-content\/uploads\/2023\/04\/IMG_6551-1024x575.jpg\" \/>\n\t<a href=\"http:\/\/www.apucarana.pr.gov.br\/site\/wp-content\/uploads\/2023\/04\/IMG_6551-1024x575.jpg\" target=\"_self\"    >IMG_6551<\/a>\n\n\n\t<img decoding=\"async\" class=\"ms-thumb\" src=\"http:\/\/www.apucarana.pr.gov.br\/site\/wp-content\/uploads\/2023\/04\/IMG_6551-1024x575-140x80.jpg\" alt=\"IMG_6551\" \/>\n\t\t\t\t<\/div>\n\n\t\t\t<\/div>\n\t\t\t<!-- END MasterSlider Main -->\n\n\t\t\t \n\t\t<\/div>\n\t\t<!-- END MasterSlider -->\n\n\t\t<script>\n\t\t( window.MSReady = window.MSReady || [] ).push( function( $ ) {\n\n\t\t\t\"use strict\";\n\t\t\tvar masterslider_b1b7 = new MasterSlider();\n\n\t\t\t\/\/ slider controls\n\t\t\tmasterslider_b1b7.control('arrows'     ,{ autohide:true, overVideo:true  });\n\t\t\tmasterslider_b1b7.control('thumblist'  ,{ autohide:false, overVideo:true, dir:'h', speed:17, inset:false, arrows:false, hover:false, customClass:'', align:'bottom',type:'thumbs', margin:2, width:140, height:80, space:2, fillMode:'fill'  });\n\t\t\t\/\/ slider setup\n\t\t\tmasterslider_b1b7.setup(\"MS69f1b06edb1b7\", {\n\t\t\t\twidth           : 960,\n\t\t\t\theight          : 540,\n\t\t\t\tminHeight       : 0,\n\t\t\t\tspace           : 0,\n\t\t\t\tstart           : 1,\n\t\t\t\tgrabCursor      : true,\n\t\t\t\tswipe           : true,\n\t\t\t\tmouse           : true,\n\t\t\t\tkeyboard        : false,\n\t\t\t\tlayout          : \"fillwidth\",\n\t\t\t\twheel           : false,\n\t\t\t\tautoplay        : true,\n                instantStartLayers:false,\n\t\t\t\tmobileBGVideo:false,\n\t\t\t\tloop            : true,\n\t\t\t\tshuffle         : false,\n\t\t\t\tpreload         : 3,\n\t\t\t\theightLimit     : false,\n\t\t\t\tautoHeight      : false,\n\t\t\t\tsmoothHeight    : true,\n\t\t\t\tendPause        : false,\n\t\t\t\toverPause       : false,\n\t\t\t\tfillMode        : \"fill\",\n\t\t\t\tcenterControls  : true,\n\t\t\t\tstartOnAppear   : false,\n\t\t\t\tlayersMode      : \"center\",\n\t\t\t\tautofillTarget  : \"\",\n\t\t\t\thideLayers      : false,\n\t\t\t\tfullscreenMargin: 0,\n\t\t\t\tspeed           : 17,\n\t\t\t\tdir             : \"h\",\n\t\t\t\tresponsive      : true,\n\t\t\t\ttabletWidth     : 768,\n\t\t\t\ttabletHeight    : null,\n\t\t\t\tphoneWidth      : 480,\n\t\t\t\tphoneHeight    : null,\n\t\t\t\tsizingReference : window,\n\t\t\t\tparallaxMode    : 'swipe',\n\t\t\t\tview            : \"basic\"\n\t\t\t});\n\n\t\t\t\n\t\t\twindow.masterslider_instances = window.masterslider_instances || [];\n\t\t\twindow.masterslider_instances.push( masterslider_b1b7 );\n\t\t});\n\t\t<\/script>\n\n\n<p>A Autarquia Municipal de Educa\u00e7\u00e3o realizou, na noite de ontem (17\/4), no Cine Teatro F\u00eanix, a quinta edi\u00e7\u00e3o da Escola de Pais. Na ocasi\u00e3o, a especialista em Gest\u00e3o Educacional, Marialba da Gl\u00f3ria Garcia Carneiro, conversou com as fam\u00edlias dos estudantes sobre \u201cA influ\u00eancia das tecnologias digitais na educa\u00e7\u00e3o dos filhos\u201d. A palestra tamb\u00e9m foi transmitida ao vivo e o v\u00eddeo continua dispon\u00edvel por meio do link:<a href=\"https:\/\/www.youtube.com\/watch?v=Mod7VtTJX1o\"> https:\/\/www.youtube.com\/watch?v=Mod7VtTJX1o<\/a><\/p>\n<p>A Escola de Pais foi implantada na rede municipal de educa\u00e7\u00e3o de Apucarana no ano passado, no contexto p\u00f3s-pandemia de Covid-19, e faz parte de um projeto maior de Educa\u00e7\u00e3o Socioemocional. \u201cO nosso objetivo \u00e9 estreitar os la\u00e7os entre as fam\u00edlias e as institui\u00e7\u00f5es de ensino e compartilhar informa\u00e7\u00f5es e conhecimentos relevantes, que auxiliem os pais na tarefa de educar as crian\u00e7as. N\u00f3s tamb\u00e9m implantamos o programa L\u00edder em Mim em todas as escolas da nossa rede, que incentiva os estudantes a desenvolverem habilidades socioemocionais como empatia, autoestima, autonomia, criatividade, \u00e9tica e paci\u00eancia. Al\u00e9m disso, n\u00f3s disponibilizamos psic\u00f3logos para o acompanhamento de professores e alunos que apresentaram transtornos emocionais ap\u00f3s a pandemia,\u201d afirmou a secret\u00e1ria de educa\u00e7\u00e3o, Marli Fernandes.<\/p>\n<p>O prefeito Junior da Femac frisou a pertin\u00eancia do tema abordado nesta quinta edi\u00e7\u00e3o da Escola de Pais. \u201cN\u00f3s temos discutido sobre o que podemos fazer para aumentar a seguran\u00e7a nos centros infantis e escolas. Todas as unidades de ensino da rede municipal j\u00e1 possuem c\u00e2meras de seguran\u00e7a, alarmes, port\u00f5es com trava eletr\u00f4nica e interfones. O 10\u00ba Batalh\u00e3o da Pol\u00edcia Militar e Guarda Civil Municipal tamb\u00e9m intensificaram as rondas da patrulha escolar nos \u00faltimos dias, com a disponibiliza\u00e7\u00e3o de mais quinze viaturas. E n\u00f3s ainda estamos trabalhando para implantar bot\u00f5es de alerta nas unidades de ensino e erguer os muros de alguns pr\u00e9dios, que s\u00e3o considerados baixos pela comunidade. Mas nada disso ser\u00e1 suficiente se n\u00f3s n\u00e3o tivermos o apoio dos pais, no sentido de supervisionarem as conversas que seus filhos mant\u00eam na internet e fiscalizarem periodicamente as mochilas e quartos deles,\u201d pediu.<\/p>\n<p>A especialista em Gest\u00e3o Educacional, Marialba da Gl\u00f3ria Garcia Carneiro, explicou ao p\u00fablico que a Gera\u00e7\u00e3o Alpha, formada por crian\u00e7as e adolescentes nascidos ap\u00f3s 2010, \u00e9 bombardeada continuamente por informa\u00e7\u00f5es, \u00e9 multitarefa e interage o tempo todo pela internet. \u201cNo entanto, percebemos que os meninos e meninas desta gera\u00e7\u00e3o n\u00e3o conseguem separar o mundo real do virtual, s\u00e3o extremamente ansiosos, impulsivos, impacientes e irritadi\u00e7os. Al\u00e9m disso, eles t\u00eam desenvolvido mais transtornos do sono, d\u00e9ficit de aten\u00e7\u00e3o e hiperatividade e doen\u00e7as relacionadas ao sedentarismo,\u201d detalhou.<br \/>\nA palestrante acrescentou ainda que os pais, em parceria com as escolas, s\u00e3o respons\u00e1veis por controlar o acesso das crian\u00e7as e adolescentes \u00e0s telas. \u201cA Sociedade Brasileira de Pediatria recomenda que as crian\u00e7as com menos de dois anos n\u00e3o devem ser expostas a nenhum tipo de tela. As crian\u00e7as entre dois e cinco anos devem passar no m\u00e1ximo uma hora assistindo televis\u00e3o ou mexendo no celular. Entre seis e dez anos, o limite recomendado \u00e9 de duas horas. J\u00e1 os adolescentes de onze a dezoito anos n\u00e3o devem ultrapassar tr\u00eas horas por dia na frente das telas, evitando o per\u00edodo noturno e sempre com a supervis\u00e3o dos pais ou respons\u00e1veis,\u201d disse.<\/p>\n<p>Durante a quinta edi\u00e7\u00e3o da Escola de Pais, o p\u00fablico ainda p\u00f4de assistir a apresenta\u00e7\u00f5es art\u00edsticas protagonizadas pelos estudantes do CMEI Sonhos de Esperan\u00e7a e da Escola Professor Idalice Moreira Prates. Al\u00e9m das fam\u00edlias dos estudantes da rede municipal de educa\u00e7\u00e3o, acompanharam a programa\u00e7\u00e3o os secret\u00e1rios municipais Ivanildo da Silva e Gerson Canuto, a t\u00e9cnica do N\u00facleo Regional de Educa\u00e7\u00e3o, Cristiane Costa Moreira, e o chefe da 15\u00aa Circunscri\u00e7\u00e3o Regional do Tr\u00e2nsito (Ciretran), Fernando Garcia Algarte.<\/p>\n","protected":false},"excerpt":{"rendered":"<p>A Autarquia Municipal de Educa&ccedil;&atilde;o realizou, na noite de ontem (17\/4), no Cine Teatro F&ecirc;nix, a quinta edi&ccedil;&atilde;o da Escola de Pais. Na ocasi&atilde;o, a especialista em Gest&atilde;o Educacional, Marialba da Gl&oacute;ria Garcia Carneiro, conversou com as fam&iacute;lias dos estudantes sobre &ldquo;A influ&ecirc;ncia das tecnologias digitais na educa&ccedil;&atilde;o dos filhos&rdquo;. A palestra tamb&eacute;m foi transmitida [&hellip;]<\/p>\n","protected":false},"author":8,"featured_media":79801,"comment_status":"closed","ping_status":"closed","sticky":false,"template":"","format":"standard","meta":{"footnotes":""},"categories":[24],"tags":[106,53,219,111,218,39,220],"class_list":["post-79793","post","type-post","status-publish","format-standard","has-post-thumbnail","hentry","category-noticias","tag-cmeis","tag-educacao","tag-escola-de-pais","tag-escolas-muncipais","tag-fe-esperanca-e-trabalho","tag-prefeitura-de-apucarana","tag-tecnologias-digitais"],"acf":[],"_links":{"self":[{"href":"http:\/\/www.apucarana.pr.gov.br\/site\/wp-json\/wp\/v2\/posts\/79793","targetHints":{"allow":["GET"]}}],"collection":[{"href":"http:\/\/www.apucarana.pr.gov.br\/site\/wp-json\/wp\/v2\/posts"}],"about":[{"href":"http:\/\/www.apucarana.pr.gov.br\/site\/wp-json\/wp\/v2\/types\/post"}],"author":[{"embeddable":true,"href":"http:\/\/www.apucarana.pr.gov.br\/site\/wp-json\/wp\/v2\/users\/8"}],"replies":[{"embeddable":true,"href":"http:\/\/www.apucarana.pr.gov.br\/site\/wp-json\/wp\/v2\/comments?post=79793"}],"version-history":[{"count":1,"href":"http:\/\/www.apucarana.pr.gov.br\/site\/wp-json\/wp\/v2\/posts\/79793\/revisions"}],"predecessor-version":[{"id":79802,"href":"http:\/\/www.apucarana.pr.gov.br\/site\/wp-json\/wp\/v2\/posts\/79793\/revisions\/79802"}],"wp:featuredmedia":[{"embeddable":true,"href":"http:\/\/www.apucarana.pr.gov.br\/site\/wp-json\/wp\/v2\/media\/79801"}],"wp:attachment":[{"href":"http:\/\/www.apucarana.pr.gov.br\/site\/wp-json\/wp\/v2\/media?parent=79793"}],"wp:term":[{"taxonomy":"category","embeddable":true,"href":"http:\/\/www.apucarana.pr.gov.br\/site\/wp-json\/wp\/v2\/categories?post=79793"},{"taxonomy":"post_tag","embeddable":true,"href":"http:\/\/www.apucarana.pr.gov.br\/site\/wp-json\/wp\/v2\/tags?post=79793"}],"curies":[{"name":"wp","href":"https:\/\/api.w.org\/{rel}","templated":true}]}}