{"id":7973,"date":"2017-06-30T11:50:25","date_gmt":"2017-06-30T14:50:25","guid":{"rendered":"http:\/\/172.16.0.7\/site-antigo\/?p=7973"},"modified":"2024-10-08T09:14:51","modified_gmt":"2024-10-08T12:14:51","slug":"vice-prefeito-prestigia-posse-do-diretor-da-utfpr","status":"publish","type":"post","link":"http:\/\/www.apucarana.pr.gov.br\/site\/vice-prefeito-prestigia-posse-do-diretor-da-utfpr\/","title":{"rendered":"Vice-prefeito prestigia posse do diretor da UTFPR"},"content":{"rendered":"<p>O professor Marcelo Ferreira da Silva tomou posse do cargo de diretor-geral do c\u00e2mpus Apucarana da UTFPR. A solenidade, que ocorreu na quinta-feira, foi presidida pelo reitor da universidade, professor Luiz Alberto Pilatti, e teve a presen\u00e7a do vice-prefeito de Apucarana, Sebasti\u00e3o Ferreira Martins Junior (Junior da Femac), que no ato representou o prefeito Beto Preto.<br \/>\nTamb\u00e9m estiveram presentes do deputado federal Alex Canziani, o presidente da C\u00e2mara de Vereadores, Mauro Bertoli, e o vice-presidente da Acia, Ricardo Amaral, al\u00e9m autoridades militares, civis e religiosas de Apucarana e regi\u00e3o.<br \/>\nMarcelo, que \u00e9 mestre e doutor em F\u00edsica e leciona na institui\u00e7\u00e3o desde 2010, administrou o c\u00e2mpus interinamente no per\u00edodo de 24 de mar\u00e7o a 31 de maio deste ano, sendo eleito pela comunidade acad\u00eamica, em consulta realizada em abril, para permanecer na dire\u00e7\u00e3o-geral pelo quadri\u00eanio 2017-2021.<br \/>\nAp\u00f3s a cerim\u00f4nia de posse, houve a inaugura\u00e7\u00e3o da galeria de quadros dos ex-Diretores-Gerais do c\u00e2mpus, com a entroniza\u00e7\u00e3o do quadro do professor Aloysio Gomes de Souza Filho, que esteve \u00e0 frente da gest\u00e3o no per\u00edodo de 2007 a 2017. \u201cA prefeitura \u00e9 parceria do campus da UTFPR desde a \u00e9poca do professor Aloysio, com muitas coisas boas revertendo para a sociedade. E tenho certeza que continuar\u00e1 assim com esse profissional competente e de gabarito, que \u00e9 o professor Marcelo\u201d, ressalta Junior da Femac.<br \/>\nO vice-prefeito de Apucarana destacou ainda \u00a0a import\u00e2ncia da UTFPR e a uni\u00e3o de for\u00e7as para viabilizar o c\u00e2mpus. \u201c\u00c9 importante salientar a luta de toda a sociedade apucaranense. Primeiro, apoiando na instala\u00e7\u00e3o da UTFPR e, depois, na conquista dos cursos de engenharia. Quero destacar especialmente o trabalho do prefeito Beto Preto, da Acia e da Associa\u00e7\u00e3o dos Engenheiros e Arquitetos de Apucarana\u201d, frisa Junior da Femac.<\/p>\n","protected":false},"excerpt":{"rendered":"<p>O professor Marcelo Ferreira da Silva \u00e9 mestre e doutor em F\u00edsica e leciona na institui\u00e7\u00e3o desde 2010 (Foto: Irineu Garcia)<\/p>\n","protected":false},"author":4,"featured_media":7976,"comment_status":"closed","ping_status":"open","sticky":false,"template":"","format":"standard","meta":{"footnotes":""},"categories":[24],"tags":[],"class_list":["post-7973","post","type-post","status-publish","format-standard","has-post-thumbnail","hentry","category-noticias"],"acf":[],"_links":{"self":[{"href":"http:\/\/www.apucarana.pr.gov.br\/site\/wp-json\/wp\/v2\/posts\/7973","targetHints":{"allow":["GET"]}}],"collection":[{"href":"http:\/\/www.apucarana.pr.gov.br\/site\/wp-json\/wp\/v2\/posts"}],"about":[{"href":"http:\/\/www.apucarana.pr.gov.br\/site\/wp-json\/wp\/v2\/types\/post"}],"author":[{"embeddable":true,"href":"http:\/\/www.apucarana.pr.gov.br\/site\/wp-json\/wp\/v2\/users\/4"}],"replies":[{"embeddable":true,"href":"http:\/\/www.apucarana.pr.gov.br\/site\/wp-json\/wp\/v2\/comments?post=7973"}],"version-history":[{"count":1,"href":"http:\/\/www.apucarana.pr.gov.br\/site\/wp-json\/wp\/v2\/posts\/7973\/revisions"}],"predecessor-version":[{"id":102256,"href":"http:\/\/www.apucarana.pr.gov.br\/site\/wp-json\/wp\/v2\/posts\/7973\/revisions\/102256"}],"wp:featuredmedia":[{"embeddable":true,"href":"http:\/\/www.apucarana.pr.gov.br\/site\/wp-json\/"}],"wp:attachment":[{"href":"http:\/\/www.apucarana.pr.gov.br\/site\/wp-json\/wp\/v2\/media?parent=7973"}],"wp:term":[{"taxonomy":"category","embeddable":true,"href":"http:\/\/www.apucarana.pr.gov.br\/site\/wp-json\/wp\/v2\/categories?post=7973"},{"taxonomy":"post_tag","embeddable":true,"href":"http:\/\/www.apucarana.pr.gov.br\/site\/wp-json\/wp\/v2\/tags?post=7973"}],"curies":[{"name":"wp","href":"https:\/\/api.w.org\/{rel}","templated":true}]}}