{"id":7964,"date":"2017-06-30T11:19:16","date_gmt":"2017-06-30T14:19:16","guid":{"rendered":"http:\/\/172.16.0.7\/site-antigo\/?p=7964"},"modified":"2024-10-08T09:14:51","modified_gmt":"2024-10-08T12:14:51","slug":"coral-da-catedral-visita-gabinete-do-prefeito","status":"publish","type":"post","link":"http:\/\/www.apucarana.pr.gov.br\/site\/coral-da-catedral-visita-gabinete-do-prefeito\/","title":{"rendered":"Coral da Catedral visita gabinete do prefeito"},"content":{"rendered":"<p>No final da tarde desta quinta-feira (29) foi muito especial no gabinete do prefeito Beto Preto. Ele recebeu a visita do coral da Pastoral do Idoso, da Catedral Nossa Senhora de Lourdes, que fez uma bela apresenta\u00e7\u00e3o. O grupo apresentou m\u00fasicas religiosas e at\u00e9 sucesso de Roberto Carlos, sendo aplaudido pelo prefeito, secret\u00e1rios, servidores e pessoas que estavam na prefeitura.<br \/>\nO prefeito recepcionou todos integrantes do coral e ainda foi surpreendido com uma homenagem do grupo, que lhe presenteou com uma B\u00edblia. Para ele, a homenagem e o carinho recebido dos idosos do coral foi algo muito especial. &#8220;Todos os cantores do coral se dedicam muito nesta atividade e merecem o nosso reconhecimento. O carinho que eles transmitem \u00e9 muito especial&#8221;, disse Beto Preto, visivelmente emocionado.<br \/>\nA Pastoral do Idoso foi fundada em 1998 com o objetivo de integrar os participantes \u00e0 vida ativa e feliz, com o lema: Amor e conviv\u00eancia social e familiar entre os integrantes. \u201cCantar \u00e9 o nosso glamour. Entre partituras e t\u00e9cnicas de voz, nossas emo\u00e7\u00f5es mant\u00eam o dom\u00ednio nesta arte de louvar a Deus atrav\u00e9s de c\u00e2nticos. Quem canta, reza duas vezes\u201d, afirmou a coordenadora da pastoral do idoso da catedral Arlete Pagani.<br \/>\nEntre as m\u00fasicas apresentadas se inclu\u00edram \u201cTocando em Frente\u201d, de Renato Teixeira, que marcou a trajet\u00f3ria de Beto Preto, ao ser cantada pelo p\u00fablico, em 2012, durante a solenidade em que foi diplomado como prefeito, no f\u00f3rum da comarca. O coral tamb\u00e9m cantou m\u00fasicas de Pixinguinha e Braguinha (Carinhoso), e de Roberto Carlos (Eu quero apenas), al\u00e9m de hinos de louvor a Deus.<\/p>\n","protected":false},"excerpt":{"rendered":"<p>Fotos: Edson Denobi <\/p>\n","protected":false},"author":4,"featured_media":7965,"comment_status":"closed","ping_status":"open","sticky":false,"template":"","format":"standard","meta":{"footnotes":""},"categories":[24],"tags":[],"class_list":["post-7964","post","type-post","status-publish","format-standard","has-post-thumbnail","hentry","category-noticias"],"acf":[],"_links":{"self":[{"href":"http:\/\/www.apucarana.pr.gov.br\/site\/wp-json\/wp\/v2\/posts\/7964","targetHints":{"allow":["GET"]}}],"collection":[{"href":"http:\/\/www.apucarana.pr.gov.br\/site\/wp-json\/wp\/v2\/posts"}],"about":[{"href":"http:\/\/www.apucarana.pr.gov.br\/site\/wp-json\/wp\/v2\/types\/post"}],"author":[{"embeddable":true,"href":"http:\/\/www.apucarana.pr.gov.br\/site\/wp-json\/wp\/v2\/users\/4"}],"replies":[{"embeddable":true,"href":"http:\/\/www.apucarana.pr.gov.br\/site\/wp-json\/wp\/v2\/comments?post=7964"}],"version-history":[{"count":1,"href":"http:\/\/www.apucarana.pr.gov.br\/site\/wp-json\/wp\/v2\/posts\/7964\/revisions"}],"predecessor-version":[{"id":102257,"href":"http:\/\/www.apucarana.pr.gov.br\/site\/wp-json\/wp\/v2\/posts\/7964\/revisions\/102257"}],"wp:featuredmedia":[{"embeddable":true,"href":"http:\/\/www.apucarana.pr.gov.br\/site\/wp-json\/"}],"wp:attachment":[{"href":"http:\/\/www.apucarana.pr.gov.br\/site\/wp-json\/wp\/v2\/media?parent=7964"}],"wp:term":[{"taxonomy":"category","embeddable":true,"href":"http:\/\/www.apucarana.pr.gov.br\/site\/wp-json\/wp\/v2\/categories?post=7964"},{"taxonomy":"post_tag","embeddable":true,"href":"http:\/\/www.apucarana.pr.gov.br\/site\/wp-json\/wp\/v2\/tags?post=7964"}],"curies":[{"name":"wp","href":"https:\/\/api.w.org\/{rel}","templated":true}]}}