{"id":7960,"date":"2017-06-29T17:28:59","date_gmt":"2017-06-29T20:28:59","guid":{"rendered":"http:\/\/172.16.0.7\/site-antigo\/?p=7960"},"modified":"2024-10-08T09:14:51","modified_gmt":"2024-10-08T12:14:51","slug":"profissionais-da-saude-encerram-capacitacao-para-pre-natal-nas-ubss","status":"publish","type":"post","link":"http:\/\/www.apucarana.pr.gov.br\/site\/profissionais-da-saude-encerram-capacitacao-para-pre-natal-nas-ubss\/","title":{"rendered":"Profissionais da sa\u00fade encerram capacita\u00e7\u00e3o para\u00a0pr\u00e9-natal nas UBSs"},"content":{"rendered":"<p>Cerca de 50 profissionais da Autarquia Municipal de Sa\u00fade, entre m\u00e9dicos e enfermeiros, encerram hoje o processo de capacita\u00e7\u00e3o para formar as equipes respons\u00e1veis para o atendimento do pr\u00e9-natal em 18 Unidades B\u00e1sicas de Sa\u00fade (UBSs). A conclus\u00e3o do curso, iniciado em maio, contou com a presen\u00e7a do prefeito Beto Preto, no Polo da Universidade Aberta do Brasil (UAB).<br \/>\n\u201cEstou aqui numa forma de reconhecimento pelo trabalho bem feito dos nossos profissionais de sa\u00fade, e ao mesmo bem reiterar a import\u00e2ncia dessa capacita\u00e7\u00e3o e da nova estrat\u00e9gia de descentralizar as consultas do pr\u00e9-natal da Casa da Gestante para as Unidades B\u00e1sicas de Sa\u00fade\u201d, disse o Beto Preto.<br \/>\nNovas medidas, segundo Beto Preto, est\u00e3o sendo adotadas para melhorar cada vez mais o atendimento as gestantes, como a maior oferta de exames laboratoriais necess\u00e1rios durante a gravidez. \u201cTeremos mais novidades em breve, tamb\u00e9m na quest\u00e3o de equipamentos\u201d, observou o prefeito.<br \/>\nUma realidade na rede p\u00fablica de sa\u00fade municipal desde agosto de 2015, a descentraliza\u00e7\u00e3o gradativa das consultas do pr\u00e9-natal envolve hoje o atendimento de aproximadamente 400 gestantes. O projeto da Autarquia Municipal de Sa\u00fade (AMS), atrav\u00e9s da Estrat\u00e9gia Sa\u00fade da Fam\u00edlia (ESF), que atualmente est\u00e1 presente em 7 UBSs, vai chegar a outras 11 unidades ainda neste ano, de forma gradativa.<br \/>\n\u201cA capacita\u00e7\u00e3o, encerrada hoje, foi ministrada por profissionais da rede municipal de sa\u00fade, da 16\u00aa Regional de Sa\u00fade, Hospital da Provid\u00eancia e Cisvir. Participam m\u00e9dicos e enfermeiros das 11 novas UBSs que ser\u00e3o integradas ao projeto de descentraliza\u00e7\u00e3o, bem com os das 7 que j\u00e1 prestam o servi\u00e7o\u201d, informa o observa superintendente da Aten\u00e7\u00e3o B\u00e1sica da AMS, Marcelo Viana de Castro.<br \/>\nO diretor presidente da AMS, Roberto Kaneta, detalha que a consulta pr\u00e9-natal nas UBSs tem como foco as mulheres com gesta\u00e7\u00e3o de baixo risco e que o atendimento \u00e9 prestado por m\u00e9dicos com especialidade em Medicina da Fam\u00edlia e Comunidade. Os casos identificados durante as consultas como gesta\u00e7\u00e3o de risco intermedi\u00e1rio e alto risco ser\u00e3o encaminhados a Escola da Gestante e passam a ser acompanhados simultaneamente pelo obstetra daquele local, bem como pelo m\u00e9dico da UBS da comunidade em que a mulher gr\u00e1vida residir.<br \/>\nA realiza\u00e7\u00e3o do pr\u00e9-natal na pr\u00f3pria UBS do bairro da gestante \u00e9 uma recomenda\u00e7\u00e3o do programa Rede M\u00e3e Paranaense, do Governo do Estado, como forma de facilitar o acesso ao atendimento.<br \/>\nAs novas UBS que passar\u00e3o a realizar consultas do pr\u00e9-natal s\u00e3o: UBS Elayne Mazur, Jardim Interlagos; Walter Lazarini, no distrito do Pirap\u00f3; Ana Maria Pepato, Jardim Trabalhista; Mioji Kogure, Jardim Aclima\u00e7\u00e3o; Raul Castilho, no N\u00facleo Jo\u00e3o Paulo; Em\u00edlia Gretuchi, Parque Bela Vista; Leopoldo Hartwig Junior, naVila Nova; Orestes Marquito, no Jardim Marissol; Osvaldo Damim, no Lago Jaboti; Mercedes Moreno, na Vila Regina; e Pedro Barreto, na Vila Reis.<br \/>\nO atendimento j\u00e1 \u00e9 realizado nas unidades Valdecir de Paula, no Jardim das Flores; Eunice Penharbel, no Residencial Sumatra; Antonio Sachelli, no Jardim Colonial; Bolivar Pav\u00e3o, no Jardim Am\u00e9rica; Takaiti Myadi, no n\u00facleo Dom Romeu; e Marcos Mascaro, no Parigot de Souza.<br \/>\n&nbsp;<br \/>\n&nbsp;<\/p>\n","protected":false},"excerpt":{"rendered":"<p>Descentraliza\u00e7\u00e3o do atendimento \u00e0s gestantes est\u00e1 acontecendo gradativamente na rede p\u00fablica de sa\u00fade do munic\u00edpio (Foto &#8211; Profeta)<\/p>\n","protected":false},"author":4,"featured_media":7961,"comment_status":"closed","ping_status":"open","sticky":false,"template":"","format":"standard","meta":{"footnotes":""},"categories":[24],"tags":[],"class_list":["post-7960","post","type-post","status-publish","format-standard","has-post-thumbnail","hentry","category-noticias"],"acf":[],"_links":{"self":[{"href":"http:\/\/www.apucarana.pr.gov.br\/site\/wp-json\/wp\/v2\/posts\/7960","targetHints":{"allow":["GET"]}}],"collection":[{"href":"http:\/\/www.apucarana.pr.gov.br\/site\/wp-json\/wp\/v2\/posts"}],"about":[{"href":"http:\/\/www.apucarana.pr.gov.br\/site\/wp-json\/wp\/v2\/types\/post"}],"author":[{"embeddable":true,"href":"http:\/\/www.apucarana.pr.gov.br\/site\/wp-json\/wp\/v2\/users\/4"}],"replies":[{"embeddable":true,"href":"http:\/\/www.apucarana.pr.gov.br\/site\/wp-json\/wp\/v2\/comments?post=7960"}],"version-history":[{"count":1,"href":"http:\/\/www.apucarana.pr.gov.br\/site\/wp-json\/wp\/v2\/posts\/7960\/revisions"}],"predecessor-version":[{"id":102258,"href":"http:\/\/www.apucarana.pr.gov.br\/site\/wp-json\/wp\/v2\/posts\/7960\/revisions\/102258"}],"wp:featuredmedia":[{"embeddable":true,"href":"http:\/\/www.apucarana.pr.gov.br\/site\/wp-json\/"}],"wp:attachment":[{"href":"http:\/\/www.apucarana.pr.gov.br\/site\/wp-json\/wp\/v2\/media?parent=7960"}],"wp:term":[{"taxonomy":"category","embeddable":true,"href":"http:\/\/www.apucarana.pr.gov.br\/site\/wp-json\/wp\/v2\/categories?post=7960"},{"taxonomy":"post_tag","embeddable":true,"href":"http:\/\/www.apucarana.pr.gov.br\/site\/wp-json\/wp\/v2\/tags?post=7960"}],"curies":[{"name":"wp","href":"https:\/\/api.w.org\/{rel}","templated":true}]}}