{"id":7954,"date":"2017-06-29T17:13:12","date_gmt":"2017-06-29T20:13:12","guid":{"rendered":"http:\/\/172.16.0.7\/site-antigo\/?p=7954"},"modified":"2024-10-08T09:14:51","modified_gmt":"2024-10-08T12:14:51","slug":"santuario-sao-jose-promove-4a-semana-de-espiritualidade","status":"publish","type":"post","link":"http:\/\/www.apucarana.pr.gov.br\/site\/santuario-sao-jose-promove-4a-semana-de-espiritualidade\/","title":{"rendered":"Santu\u00e1rio S\u00e3o Jos\u00e9 promove 4\u00aa Semana de Espiritualidade"},"content":{"rendered":"<p>A Congrega\u00e7\u00e3o dos Oblatos de S\u00e3o Jos\u00e9 promove de 10 a 14 de julho a 4\u00aa Semana de Espiritualidade. O evento vai ocorrer no Santu\u00e1rio S\u00e3o Jos\u00e9 e, a cada dia, ser\u00e1 desenvolvido um tema, abrangendo estudos b\u00edblicos e forma\u00e7\u00e3o humana. Em 2016, a semana reuniu cerca de 800 pessoas e a expectativa \u00e9 superar esse n\u00famero na quarta edi\u00e7\u00e3o do evento.<br \/>\n\u201cA Semana de Espiritualidade \u00e9 voltada para diversas \u00e1reas, desde profissionais de psicologia a pessoas que atuam em atividades relacionadas ao conv\u00edvio humano, vida em comunidade e ajuda ao pr\u00f3ximo\u201d, explica o Padre Ant\u00f4nio Luiz de Oliveira, p\u00e1roco do Santu\u00e1rio S\u00e3o Jos\u00e9.<br \/>\nAs atividades come\u00e7am sempre a partir das 19 horas com a Santa Missa e na sequ\u00eancia as palestras tem\u00e1ticas. A programa\u00e7\u00e3o \u00e9 a seguinte: no dia 10, o tema \u00e9 Fam\u00edlia aperte este la\u00e7o, com o palestrante Cl\u00e1udio Silva; dia 11, Cuidado Pessoal, com o padre e psic\u00f3logo Bennelson da Silva; dia 12, Qual o roteiro de sua vida? Padre Bennelson; dia 13, Conhecendo o C\u00e2ncer com Dr\u00ba Cristiano e equipe de Oncologia do Hospital da Provid\u00eancia; dia 14, Os Biomas brasileiros \u2013 CF 2017 com a Dr\u00ba Maria do Carmo da Universidade Estadual de Maring\u00e1 (UEM).<br \/>\nM\u00e1rio Felipe coordenador municipal de turismo religioso, afirma que as pessoas podem optar por participar de um ou de todos os dias. \u201cDe acordo com a prefer\u00eancia por determinada tem\u00e1tica, poder\u00e1 participar somente de uma delas, e havendo a disponibilidade de tempo, poder\u00e1 participar de todos os dias. Esperamos tamb\u00e9m caravanas de outras cidades. A quarta Semana de Espiritualidade \u00e9 gratuita e aberta a todos.<\/p>\n","protected":false},"excerpt":{"rendered":"<p>De 10 a 14 de julho, ser\u00e3o desenvolvidos v\u00e1rios temas, abrangendo estudos b\u00edblicos e forma\u00e7\u00e3o humana (Fotos: Josias Profeta) <\/p>\n","protected":false},"author":4,"featured_media":7955,"comment_status":"closed","ping_status":"open","sticky":false,"template":"","format":"standard","meta":{"footnotes":""},"categories":[24],"tags":[],"class_list":["post-7954","post","type-post","status-publish","format-standard","has-post-thumbnail","hentry","category-noticias"],"acf":[],"_links":{"self":[{"href":"http:\/\/www.apucarana.pr.gov.br\/site\/wp-json\/wp\/v2\/posts\/7954","targetHints":{"allow":["GET"]}}],"collection":[{"href":"http:\/\/www.apucarana.pr.gov.br\/site\/wp-json\/wp\/v2\/posts"}],"about":[{"href":"http:\/\/www.apucarana.pr.gov.br\/site\/wp-json\/wp\/v2\/types\/post"}],"author":[{"embeddable":true,"href":"http:\/\/www.apucarana.pr.gov.br\/site\/wp-json\/wp\/v2\/users\/4"}],"replies":[{"embeddable":true,"href":"http:\/\/www.apucarana.pr.gov.br\/site\/wp-json\/wp\/v2\/comments?post=7954"}],"version-history":[{"count":1,"href":"http:\/\/www.apucarana.pr.gov.br\/site\/wp-json\/wp\/v2\/posts\/7954\/revisions"}],"predecessor-version":[{"id":102259,"href":"http:\/\/www.apucarana.pr.gov.br\/site\/wp-json\/wp\/v2\/posts\/7954\/revisions\/102259"}],"wp:featuredmedia":[{"embeddable":true,"href":"http:\/\/www.apucarana.pr.gov.br\/site\/wp-json\/"}],"wp:attachment":[{"href":"http:\/\/www.apucarana.pr.gov.br\/site\/wp-json\/wp\/v2\/media?parent=7954"}],"wp:term":[{"taxonomy":"category","embeddable":true,"href":"http:\/\/www.apucarana.pr.gov.br\/site\/wp-json\/wp\/v2\/categories?post=7954"},{"taxonomy":"post_tag","embeddable":true,"href":"http:\/\/www.apucarana.pr.gov.br\/site\/wp-json\/wp\/v2\/tags?post=7954"}],"curies":[{"name":"wp","href":"https:\/\/api.w.org\/{rel}","templated":true}]}}