{"id":7951,"date":"2017-06-29T16:38:04","date_gmt":"2017-06-29T19:38:04","guid":{"rendered":"http:\/\/172.16.0.7\/site-antigo\/?p=7951"},"modified":"2024-10-08T09:14:51","modified_gmt":"2024-10-08T12:14:51","slug":"john-deere-reinaugura-revenda-de-apucarana","status":"publish","type":"post","link":"http:\/\/www.apucarana.pr.gov.br\/site\/john-deere-reinaugura-revenda-de-apucarana\/","title":{"rendered":"John Deere reinaugura revenda de Apucarana"},"content":{"rendered":"<p>O prefeito Beto Preto recebeu nesta quinta-feira a visita de C\u00e2ndido Roberto Zevericoski, gerente da filial da concession\u00e1ria Horizon, que comercializa m\u00e1quinas e implementos agr\u00edcolas da montadora americana \u201cJohn Deere\u201d, em Apucarana e regi\u00e3o. \u201cViemos formalizar um convite para a abertura da nossa nova loja na cidade\u201d, anunciou Zevericoski.<br \/>\nA revenda est\u00e1 reinaugurando sua loja nesta sexta-feira (30), a partir das 19 horas, em Apucarana, na BR-376, Parque Industrial Sul, junto ao quartel do 30\u00ba BIMEC. \u201cA partir de agora a loja tem um lay-out personalizado em todo o Brasil, e a revenda de Apucarana passa a atender 13 munic\u00edpios da regi\u00e3o\u201d, anuncia Candido Roberto Zevericoski.<br \/>\n\u201cA John Deere est\u00e1 investindo e confiando no potencial agr\u00edcola de Apucarana e regi\u00e3o\u201d, assinala Zevericoski. A revenda oferece um mix de produtos aos agricultores, incluindo tratores, colheitadeiras, pulverizadores, plantadeiras e colhedoras de cana, al\u00e9m de uma ampla linha de implementos.<\/p>\n","protected":false},"excerpt":{"rendered":"<p>A revenda est\u00e1 reinaugurando sua loja nesta sexta-feira (30), a partir das 19 horas, em Apucarana, na BR-376, Parque Industrial Sul, junto ao quartel do 30\u00ba BIMEC (Foto: Profeta)<\/p>\n","protected":false},"author":4,"featured_media":7952,"comment_status":"closed","ping_status":"open","sticky":false,"template":"","format":"standard","meta":{"footnotes":""},"categories":[24],"tags":[],"class_list":["post-7951","post","type-post","status-publish","format-standard","has-post-thumbnail","hentry","category-noticias"],"acf":[],"_links":{"self":[{"href":"http:\/\/www.apucarana.pr.gov.br\/site\/wp-json\/wp\/v2\/posts\/7951","targetHints":{"allow":["GET"]}}],"collection":[{"href":"http:\/\/www.apucarana.pr.gov.br\/site\/wp-json\/wp\/v2\/posts"}],"about":[{"href":"http:\/\/www.apucarana.pr.gov.br\/site\/wp-json\/wp\/v2\/types\/post"}],"author":[{"embeddable":true,"href":"http:\/\/www.apucarana.pr.gov.br\/site\/wp-json\/wp\/v2\/users\/4"}],"replies":[{"embeddable":true,"href":"http:\/\/www.apucarana.pr.gov.br\/site\/wp-json\/wp\/v2\/comments?post=7951"}],"version-history":[{"count":1,"href":"http:\/\/www.apucarana.pr.gov.br\/site\/wp-json\/wp\/v2\/posts\/7951\/revisions"}],"predecessor-version":[{"id":102260,"href":"http:\/\/www.apucarana.pr.gov.br\/site\/wp-json\/wp\/v2\/posts\/7951\/revisions\/102260"}],"wp:featuredmedia":[{"embeddable":true,"href":"http:\/\/www.apucarana.pr.gov.br\/site\/wp-json\/"}],"wp:attachment":[{"href":"http:\/\/www.apucarana.pr.gov.br\/site\/wp-json\/wp\/v2\/media?parent=7951"}],"wp:term":[{"taxonomy":"category","embeddable":true,"href":"http:\/\/www.apucarana.pr.gov.br\/site\/wp-json\/wp\/v2\/categories?post=7951"},{"taxonomy":"post_tag","embeddable":true,"href":"http:\/\/www.apucarana.pr.gov.br\/site\/wp-json\/wp\/v2\/tags?post=7951"}],"curies":[{"name":"wp","href":"https:\/\/api.w.org\/{rel}","templated":true}]}}