{"id":79436,"date":"2023-04-06T17:20:03","date_gmt":"2023-04-06T20:20:03","guid":{"rendered":"http:\/\/www.apucarana.pr.gov.br\/site\/?p=79436"},"modified":"2024-10-08T09:30:15","modified_gmt":"2024-10-08T12:30:15","slug":"seguranca-escolar-e-tema-de-reuniao-na-rede-municipal-de-apucarana","status":"publish","type":"post","link":"http:\/\/www.apucarana.pr.gov.br\/site\/seguranca-escolar-e-tema-de-reuniao-na-rede-municipal-de-apucarana\/","title":{"rendered":"Seguran\u00e7a Escolar \u00e9 tema de reuni\u00e3o na rede municipal de Apucarana"},"content":{"rendered":"\n\t\t<!-- MasterSlider -->\n\t\t<div id=\"P_MS69f13c1708d46\" class=\"master-slider-parent master-slider-gallery   ms-parent-id-0\" style=\"\" >\n\n\t\t\t\n\t\t\t<!-- MasterSlider Main -->\n\t\t\t<div id=\"MS69f13c1708d46\" class=\"master-slider ms-skin-default\" >\n\t\t\t\t \t\t\t\t \n\t\t\t<div  class=\"ms-slide\" data-delay=\"3\"    >\n\t\t\t\t\t<img decoding=\"async\" src=\"http:\/\/www.apucarana.pr.gov.br\/site\/wp-content\/plugins\/masterslider\/public\/assets\/css\/blank.gif\" alt=\"IMG_9460\" title=\"IMG_9460\" data-src=\"http:\/\/www.apucarana.pr.gov.br\/site\/wp-content\/uploads\/2023\/04\/IMG_9460-1024x683.jpg\" \/>\n\t<a href=\"http:\/\/www.apucarana.pr.gov.br\/site\/wp-content\/uploads\/2023\/04\/IMG_9460-1024x683.jpg\" target=\"_self\"    >IMG_9460<\/a>\n\n\n\t\t\t\t<\/div>\n\t\t\t<div  class=\"ms-slide\" data-delay=\"3\"    >\n\t\t\t\t\t<img decoding=\"async\" src=\"http:\/\/www.apucarana.pr.gov.br\/site\/wp-content\/plugins\/masterslider\/public\/assets\/css\/blank.gif\" alt=\"IMG_9488\" title=\"IMG_9488\" data-src=\"http:\/\/www.apucarana.pr.gov.br\/site\/wp-content\/uploads\/2023\/04\/IMG_9488-1024x683.jpg\" \/>\n\t<a href=\"http:\/\/www.apucarana.pr.gov.br\/site\/wp-content\/uploads\/2023\/04\/IMG_9488-1024x683.jpg\" target=\"_self\"    >IMG_9488<\/a>\n\n\n\t\t\t\t<\/div>\n\t\t\t<div  class=\"ms-slide\" data-delay=\"3\"    >\n\t\t\t\t\t<img decoding=\"async\" src=\"http:\/\/www.apucarana.pr.gov.br\/site\/wp-content\/plugins\/masterslider\/public\/assets\/css\/blank.gif\" alt=\"IMG_9489\" title=\"IMG_9489\" data-src=\"http:\/\/www.apucarana.pr.gov.br\/site\/wp-content\/uploads\/2023\/04\/IMG_9489-1024x683.jpg\" \/>\n\t<a href=\"http:\/\/www.apucarana.pr.gov.br\/site\/wp-content\/uploads\/2023\/04\/IMG_9489-1024x683.jpg\" target=\"_self\"    >IMG_9489<\/a>\n\n\n\t\t\t\t<\/div>\n\n\t\t\t<\/div>\n\t\t\t<!-- END MasterSlider Main -->\n\n\t\t\t \n\t\t<\/div>\n\t\t<!-- END MasterSlider -->\n\n\t\t<script>\n\t\t( window.MSReady = window.MSReady || [] ).push( function( $ ) {\n\n\t\t\t\"use strict\";\n\t\t\tvar masterslider_8d46 = new MasterSlider();\n\n\t\t\t\/\/ slider controls\n\t\t\tmasterslider_8d46.control('arrows'     ,{ autohide:true, overVideo:true  });\n\t\t\t\/\/ slider setup\n\t\t\tmasterslider_8d46.setup(\"MS69f13c1708d46\", {\n\t\t\t\twidth           : 960,\n\t\t\t\theight          : 540,\n\t\t\t\tminHeight       : 0,\n\t\t\t\tspace           : 0,\n\t\t\t\tstart           : 1,\n\t\t\t\tgrabCursor      : true,\n\t\t\t\tswipe           : true,\n\t\t\t\tmouse           : true,\n\t\t\t\tkeyboard        : false,\n\t\t\t\tlayout          : \"fillwidth\",\n\t\t\t\twheel           : false,\n\t\t\t\tautoplay        : true,\n                instantStartLayers:false,\n\t\t\t\tmobileBGVideo:false,\n\t\t\t\tloop            : true,\n\t\t\t\tshuffle         : false,\n\t\t\t\tpreload         : 3,\n\t\t\t\theightLimit     : false,\n\t\t\t\tautoHeight      : false,\n\t\t\t\tsmoothHeight    : true,\n\t\t\t\tendPause        : false,\n\t\t\t\toverPause       : false,\n\t\t\t\tfillMode        : \"fill\",\n\t\t\t\tcenterControls  : true,\n\t\t\t\tstartOnAppear   : false,\n\t\t\t\tlayersMode      : \"center\",\n\t\t\t\tautofillTarget  : \"\",\n\t\t\t\thideLayers      : false,\n\t\t\t\tfullscreenMargin: 0,\n\t\t\t\tspeed           : 17,\n\t\t\t\tdir             : \"h\",\n\t\t\t\tresponsive      : true,\n\t\t\t\ttabletWidth     : 768,\n\t\t\t\ttabletHeight    : null,\n\t\t\t\tphoneWidth      : 480,\n\t\t\t\tphoneHeight    : null,\n\t\t\t\tsizingReference : window,\n\t\t\t\tparallaxMode    : 'swipe',\n\t\t\t\tview            : \"basic\"\n\t\t\t});\n\n\t\t\t\n\t\t\twindow.masterslider_instances = window.masterslider_instances || [];\n\t\t\twindow.masterslider_instances.push( masterslider_8d46 );\n\t\t});\n\t\t<\/script>\n\n\n<p>O prefeito Junior da Femac e a secret\u00e1ria de educa\u00e7\u00e3o Marli Fernandes reuniram-se, na tarde de hoje (6\/4), com os diretores dos 24 centros infantis e 36 escolas da rede municipal de Apucarana. Durante o encontro, os participantes relembraram os protocolos de seguran\u00e7a e sugeriram novas medidas para refor\u00e7ar a prote\u00e7\u00e3o aos estudantes e professores nos pr\u00e9dios escolares.<\/p>\n<p>\u201cA educa\u00e7\u00e3o brasileira vem passando um momento preocupante, com o aumento dos ataques registrados contra as suas unidades de ensino. Diante deste cen\u00e1rio, n\u00f3s temos que unir for\u00e7as, rever os protocolos e n\u00e3o deixar nenhuma brecha no sistema de seguran\u00e7a das institui\u00e7\u00f5es,\u201d afirmou o prefeito.<\/p>\n<p>A secret\u00e1ria Marli Fernandes destacou que as unidades da rede municipal de educa\u00e7\u00e3o j\u00e1 seguem regras r\u00edgidas de seguran\u00e7a. \u201cTodos os CMEIs e Escolas disp\u00f5em de c\u00e2meras, alarmes monitorados, port\u00f5es com trava eletr\u00f4nica e interfones. A Guarda Municipal tamb\u00e9m disponibiliza uma viatura para a patrulha escolar. E os professores e servidores ainda s\u00e3o orientados a n\u00e3o permitirem a entrada de pessoas estranhas no ambiente escolar e a s\u00f3 entregarem as crian\u00e7as para os seus pais ou respons\u00e1veis previamente autorizados por eles,\u201d detalhou.<\/p>\n<p>O prefeito Junior da Femac pediu que os diretores fa\u00e7am um levantamento das fragilidades apresentadas em cada pr\u00e9dio e repassem \u00e0 Autarquia Municipal de Educa\u00e7\u00e3o. \u201cN\u00f3s nos comprometemos a resolver as quest\u00f5es que est\u00e3o ao alcance da administra\u00e7\u00e3o municipal e repassar as demais ao comando do 10\u00aa Batalh\u00e3o de Pol\u00edcia Militar. A vida das crian\u00e7as apucaranenses \u00e9 nossa prioridade,\u201d finalizou.<\/p>\n","protected":false},"excerpt":{"rendered":"<p>O prefeito Junior da Femac e a secret&aacute;ria de educa&ccedil;&atilde;o Marli Fernandes reuniram-se, na tarde de hoje (6\/4), com os diretores dos 24 centros infantis e 36 escolas da rede municipal de Apucarana. Durante o encontro, os participantes relembraram os protocolos de seguran&ccedil;a e sugeriram novas medidas para refor&ccedil;ar a prote&ccedil;&atilde;o aos estudantes e professores [&hellip;]<\/p>\n","protected":false},"author":8,"featured_media":79440,"comment_status":"closed","ping_status":"closed","sticky":false,"template":"","format":"standard","meta":{"footnotes":""},"categories":[24],"tags":[106,53,92,39,72,214],"class_list":["post-79436","post","type-post","status-publish","format-standard","has-post-thumbnail","hentry","category-noticias","tag-cmeis","tag-educacao","tag-escolas-municipais","tag-prefeitura-de-apucarana","tag-prevencao-a-violencia","tag-seguranca"],"acf":[],"_links":{"self":[{"href":"http:\/\/www.apucarana.pr.gov.br\/site\/wp-json\/wp\/v2\/posts\/79436","targetHints":{"allow":["GET"]}}],"collection":[{"href":"http:\/\/www.apucarana.pr.gov.br\/site\/wp-json\/wp\/v2\/posts"}],"about":[{"href":"http:\/\/www.apucarana.pr.gov.br\/site\/wp-json\/wp\/v2\/types\/post"}],"author":[{"embeddable":true,"href":"http:\/\/www.apucarana.pr.gov.br\/site\/wp-json\/wp\/v2\/users\/8"}],"replies":[{"embeddable":true,"href":"http:\/\/www.apucarana.pr.gov.br\/site\/wp-json\/wp\/v2\/comments?post=79436"}],"version-history":[{"count":1,"href":"http:\/\/www.apucarana.pr.gov.br\/site\/wp-json\/wp\/v2\/posts\/79436\/revisions"}],"predecessor-version":[{"id":79441,"href":"http:\/\/www.apucarana.pr.gov.br\/site\/wp-json\/wp\/v2\/posts\/79436\/revisions\/79441"}],"wp:featuredmedia":[{"embeddable":true,"href":"http:\/\/www.apucarana.pr.gov.br\/site\/wp-json\/wp\/v2\/media\/79440"}],"wp:attachment":[{"href":"http:\/\/www.apucarana.pr.gov.br\/site\/wp-json\/wp\/v2\/media?parent=79436"}],"wp:term":[{"taxonomy":"category","embeddable":true,"href":"http:\/\/www.apucarana.pr.gov.br\/site\/wp-json\/wp\/v2\/categories?post=79436"},{"taxonomy":"post_tag","embeddable":true,"href":"http:\/\/www.apucarana.pr.gov.br\/site\/wp-json\/wp\/v2\/tags?post=79436"}],"curies":[{"name":"wp","href":"https:\/\/api.w.org\/{rel}","templated":true}]}}