{"id":79397,"date":"2023-04-06T15:15:13","date_gmt":"2023-04-06T18:15:13","guid":{"rendered":"http:\/\/www.apucarana.pr.gov.br\/site\/?p=79397"},"modified":"2024-10-08T09:30:16","modified_gmt":"2024-10-08T12:30:16","slug":"atletas-de-apucarana-disputam-o-brasileiro-de-atletismo-em-cascavel","status":"publish","type":"post","link":"http:\/\/www.apucarana.pr.gov.br\/site\/atletas-de-apucarana-disputam-o-brasileiro-de-atletismo-em-cascavel\/","title":{"rendered":"Atletas de Apucarana disputam o Brasileiro de Atletismo em Cascavel"},"content":{"rendered":"\n\t\t<!-- MasterSlider -->\n\t\t<div id=\"P_MS69f245f1e462b\" class=\"master-slider-parent master-slider-gallery   ms-parent-id-0\" style=\"\" >\n\n\t\t\t\n\t\t\t<!-- MasterSlider Main -->\n\t\t\t<div id=\"MS69f245f1e462b\" class=\"master-slider ms-skin-default\" >\n\t\t\t\t \t\t\t\t \n\t\t\t<div  class=\"ms-slide\" data-delay=\"3\"    >\n\t\t\t\t\t<img decoding=\"async\" src=\"http:\/\/www.apucarana.pr.gov.br\/site\/wp-content\/plugins\/masterslider\/public\/assets\/css\/blank.gif\" alt=\"WhatsApp Image 2023-04-06 at 15.12.07\" title=\"WhatsApp Image 2023-04-06 at 15.12.07\" data-src=\"http:\/\/www.apucarana.pr.gov.br\/site\/wp-content\/uploads\/2023\/04\/WhatsApp-Image-2023-04-06-at-15.12.07-1-1024x561.jpeg\" \/>\n\t<a href=\"http:\/\/www.apucarana.pr.gov.br\/site\/wp-content\/uploads\/2023\/04\/WhatsApp-Image-2023-04-06-at-15.12.07-1-1024x561.jpeg\" target=\"_self\"    >WhatsApp Image 2023-04-06 at 15.12.07<\/a>\n\n\n\t<img decoding=\"async\" class=\"ms-thumb\" src=\"http:\/\/www.apucarana.pr.gov.br\/site\/wp-content\/uploads\/2023\/04\/WhatsApp-Image-2023-04-06-at-15.12.07-1-1024x561-140x80.jpeg\" alt=\"WhatsApp Image 2023-04-06 at 15.12.07\" \/>\n\t\t\t\t<\/div>\n\t\t\t<div  class=\"ms-slide\" data-delay=\"3\"    >\n\t\t\t\t\t<img decoding=\"async\" src=\"http:\/\/www.apucarana.pr.gov.br\/site\/wp-content\/plugins\/masterslider\/public\/assets\/css\/blank.gif\" alt=\"WhatsApp Image 2023-04-06 at 15.12.20\" title=\"WhatsApp Image 2023-04-06 at 15.12.20\" data-src=\"http:\/\/www.apucarana.pr.gov.br\/site\/wp-content\/uploads\/2023\/04\/WhatsApp-Image-2023-04-06-at-15.12.20-1024x523.jpeg\" \/>\n\t<a href=\"http:\/\/www.apucarana.pr.gov.br\/site\/wp-content\/uploads\/2023\/04\/WhatsApp-Image-2023-04-06-at-15.12.20-1024x523.jpeg\" target=\"_self\"    >WhatsApp Image 2023-04-06 at 15.12.20<\/a>\n\n\n\t<img decoding=\"async\" class=\"ms-thumb\" src=\"http:\/\/www.apucarana.pr.gov.br\/site\/wp-content\/uploads\/2023\/04\/WhatsApp-Image-2023-04-06-at-15.12.20-1024x523-140x80.jpeg\" alt=\"WhatsApp Image 2023-04-06 at 15.12.20\" \/>\n\t\t\t\t<\/div>\n\t\t\t<div  class=\"ms-slide\" data-delay=\"3\"    >\n\t\t\t\t\t<img decoding=\"async\" src=\"http:\/\/www.apucarana.pr.gov.br\/site\/wp-content\/plugins\/masterslider\/public\/assets\/css\/blank.gif\" alt=\"WhatsApp Image 2023-04-06 at 15.12.30\" title=\"WhatsApp Image 2023-04-06 at 15.12.30\" data-src=\"http:\/\/www.apucarana.pr.gov.br\/site\/wp-content\/uploads\/2023\/04\/WhatsApp-Image-2023-04-06-at-15.12.30.jpeg\" \/>\n\t<a href=\"http:\/\/www.apucarana.pr.gov.br\/site\/wp-content\/uploads\/2023\/04\/WhatsApp-Image-2023-04-06-at-15.12.30.jpeg\" target=\"_self\"    >WhatsApp Image 2023-04-06 at 15.12.30<\/a>\n\n\n\t<img decoding=\"async\" class=\"ms-thumb\" src=\"http:\/\/www.apucarana.pr.gov.br\/site\/wp-content\/uploads\/2023\/04\/WhatsApp-Image-2023-04-06-at-15.12.30-140x80.jpeg\" alt=\"WhatsApp Image 2023-04-06 at 15.12.30\" \/>\n\t\t\t\t<\/div>\n\t\t\t<div  class=\"ms-slide\" data-delay=\"3\"    >\n\t\t\t\t\t<img decoding=\"async\" src=\"http:\/\/www.apucarana.pr.gov.br\/site\/wp-content\/plugins\/masterslider\/public\/assets\/css\/blank.gif\" alt=\"WhatsApp Image 2023-04-06 at 15.12.39\" title=\"WhatsApp Image 2023-04-06 at 15.12.39\" data-src=\"http:\/\/www.apucarana.pr.gov.br\/site\/wp-content\/uploads\/2023\/04\/WhatsApp-Image-2023-04-06-at-15.12.39.jpeg\" \/>\n\t<a href=\"http:\/\/www.apucarana.pr.gov.br\/site\/wp-content\/uploads\/2023\/04\/WhatsApp-Image-2023-04-06-at-15.12.39.jpeg\" target=\"_self\"    >WhatsApp Image 2023-04-06 at 15.12.39<\/a>\n\n\n\t<img decoding=\"async\" class=\"ms-thumb\" src=\"http:\/\/www.apucarana.pr.gov.br\/site\/wp-content\/uploads\/2023\/04\/WhatsApp-Image-2023-04-06-at-15.12.39-140x80.jpeg\" alt=\"WhatsApp Image 2023-04-06 at 15.12.39\" \/>\n\t\t\t\t<\/div>\n\n\t\t\t<\/div>\n\t\t\t<!-- END MasterSlider Main -->\n\n\t\t\t \n\t\t<\/div>\n\t\t<!-- END MasterSlider -->\n\n\t\t<script>\n\t\t( window.MSReady = window.MSReady || [] ).push( function( $ ) {\n\n\t\t\t\"use strict\";\n\t\t\tvar masterslider_462b = new MasterSlider();\n\n\t\t\t\/\/ slider controls\n\t\t\tmasterslider_462b.control('arrows'     ,{ autohide:true, overVideo:true  });\n\t\t\tmasterslider_462b.control('thumblist'  ,{ autohide:false, overVideo:true, dir:'h', speed:17, inset:false, arrows:false, hover:false, customClass:'', align:'bottom',type:'thumbs', margin:2, width:140, height:80, space:2, fillMode:'fill'  });\n\t\t\t\/\/ slider setup\n\t\t\tmasterslider_462b.setup(\"MS69f245f1e462b\", {\n\t\t\t\twidth           : 960,\n\t\t\t\theight          : 540,\n\t\t\t\tminHeight       : 0,\n\t\t\t\tspace           : 0,\n\t\t\t\tstart           : 1,\n\t\t\t\tgrabCursor      : true,\n\t\t\t\tswipe           : true,\n\t\t\t\tmouse           : true,\n\t\t\t\tkeyboard        : false,\n\t\t\t\tlayout          : \"fillwidth\",\n\t\t\t\twheel           : false,\n\t\t\t\tautoplay        : true,\n                instantStartLayers:false,\n\t\t\t\tmobileBGVideo:false,\n\t\t\t\tloop            : true,\n\t\t\t\tshuffle         : false,\n\t\t\t\tpreload         : 3,\n\t\t\t\theightLimit     : false,\n\t\t\t\tautoHeight      : false,\n\t\t\t\tsmoothHeight    : true,\n\t\t\t\tendPause        : false,\n\t\t\t\toverPause       : false,\n\t\t\t\tfillMode        : \"fill\",\n\t\t\t\tcenterControls  : true,\n\t\t\t\tstartOnAppear   : false,\n\t\t\t\tlayersMode      : \"center\",\n\t\t\t\tautofillTarget  : \"\",\n\t\t\t\thideLayers      : false,\n\t\t\t\tfullscreenMargin: 0,\n\t\t\t\tspeed           : 17,\n\t\t\t\tdir             : \"h\",\n\t\t\t\tresponsive      : true,\n\t\t\t\ttabletWidth     : 768,\n\t\t\t\ttabletHeight    : null,\n\t\t\t\tphoneWidth      : 480,\n\t\t\t\tphoneHeight    : null,\n\t\t\t\tsizingReference : window,\n\t\t\t\tparallaxMode    : 'swipe',\n\t\t\t\tview            : \"basic\"\n\t\t\t});\n\n\t\t\t\n\t\t\twindow.masterslider_instances = window.masterslider_instances || [];\n\t\t\twindow.masterslider_instances.push( masterslider_462b );\n\t\t});\n\t\t<\/script>\n\n\n<p>Os jovens atletas Guilherme Paschoal, Adson Garcia da Silva e Sabrina Gabrieli Pena, da equipe da Secretaria Municipal de Esportes da Prefeitura de Apucarana, disputam de sexta-feira a domingo (07, 08 e 09\/04), no Centro Nacional de Treinamento de Atletismo (CNTA), em Cascavel (Oeste do Estado), o Campeonato Brasileiro Loterias Caixa de Atletismo na categoria sub-20, masculino e feminino.<\/p>\n<p>A competi\u00e7\u00e3o, que inicia nesta sexta-feira, \u00e0s 8h20, conta com a participa\u00e7\u00e3o de 710 atletas de 124 clubes, sendo seletiva para o Campeonato Pan-Americano da categoria, que est\u00e1 marcado para o per\u00edodo de 19 a 21 de maio em Bogot\u00e1 (Col\u00f4mbia).<\/p>\n<p>O professor Jos\u00e9 Marcelino da Silva, o Grillo, secret\u00e1rio municipal de Esportes da Prefeitura de Apucarana, disse que Guilherme disputar\u00e1 as provas de 3.000m e de 5.000m, Adson participar\u00e1 das competi\u00e7\u00f5es de 800m e de 1.500m e Sabrina compete nos 800m e 1.500m. \u201cNo m\u00eas passado tamb\u00e9m em Cascavel os tr\u00eas atletas conseguiram bons resultados no Campeonato Paranaense da categoria. A expectativa agora que fiquem entre os melhores colocados na competi\u00e7\u00e3o nacional\u201d, destaca o professor Grillo.<\/p>\n<p>Na disputa do Campeonato Paranaense, que reuniu atletas de 12 cidades, Adson, de 16 anos, ganhou prata nas provas de 800m e de 3.000m e bronze nos 1.500m; Guilherme, 15, ficou em terceiro lugar na prova de 5.000m e na quinta posi\u00e7\u00e3o nos 3.000m, enquanto Sabrina, 17, faturou prata nos 800m e bronze nos 1.500m.<\/p>\n<p>A competi\u00e7\u00e3o no Oeste do Estado \u00e9 realizada pela Confedera\u00e7\u00e3o Brasileira de Atletismo (CBAt), em parceria com o Governo do Estado do Paran\u00e1, por meio da Superintend\u00eancia Geral do Esporte e com apoio da Prefeitura de Cascavel, por meio da Funda\u00e7\u00e3o de Esportes e Cultura (FMEC).<\/p>\n<p><strong>\u00a0<\/strong><\/p>\n","protected":false},"excerpt":{"rendered":"<p>Os jovens atletas Guilherme Paschoal, Adson Garcia da Silva e Sabrina Gabrieli Pena, da equipe da Secretaria Municipal de Esportes da Prefeitura de Apucarana, disputam de sexta-feira a domingo (07, 08 e 09\/04), no Centro Nacional de Treinamento de Atletismo (CNTA), em Cascavel (Oeste do Estado), o Campeonato Brasileiro Loterias Caixa de Atletismo na categoria [&hellip;]<\/p>\n","protected":false},"author":12,"featured_media":79398,"comment_status":"closed","ping_status":"closed","sticky":false,"template":"","format":"standard","meta":{"footnotes":""},"categories":[24],"tags":[],"class_list":["post-79397","post","type-post","status-publish","format-standard","has-post-thumbnail","hentry","category-noticias"],"acf":[],"_links":{"self":[{"href":"http:\/\/www.apucarana.pr.gov.br\/site\/wp-json\/wp\/v2\/posts\/79397","targetHints":{"allow":["GET"]}}],"collection":[{"href":"http:\/\/www.apucarana.pr.gov.br\/site\/wp-json\/wp\/v2\/posts"}],"about":[{"href":"http:\/\/www.apucarana.pr.gov.br\/site\/wp-json\/wp\/v2\/types\/post"}],"author":[{"embeddable":true,"href":"http:\/\/www.apucarana.pr.gov.br\/site\/wp-json\/wp\/v2\/users\/12"}],"replies":[{"embeddable":true,"href":"http:\/\/www.apucarana.pr.gov.br\/site\/wp-json\/wp\/v2\/comments?post=79397"}],"version-history":[{"count":4,"href":"http:\/\/www.apucarana.pr.gov.br\/site\/wp-json\/wp\/v2\/posts\/79397\/revisions"}],"predecessor-version":[{"id":79406,"href":"http:\/\/www.apucarana.pr.gov.br\/site\/wp-json\/wp\/v2\/posts\/79397\/revisions\/79406"}],"wp:featuredmedia":[{"embeddable":true,"href":"http:\/\/www.apucarana.pr.gov.br\/site\/wp-json\/wp\/v2\/media\/79398"}],"wp:attachment":[{"href":"http:\/\/www.apucarana.pr.gov.br\/site\/wp-json\/wp\/v2\/media?parent=79397"}],"wp:term":[{"taxonomy":"category","embeddable":true,"href":"http:\/\/www.apucarana.pr.gov.br\/site\/wp-json\/wp\/v2\/categories?post=79397"},{"taxonomy":"post_tag","embeddable":true,"href":"http:\/\/www.apucarana.pr.gov.br\/site\/wp-json\/wp\/v2\/tags?post=79397"}],"curies":[{"name":"wp","href":"https:\/\/api.w.org\/{rel}","templated":true}]}}