{"id":79372,"date":"2023-04-06T12:30:23","date_gmt":"2023-04-06T15:30:23","guid":{"rendered":"http:\/\/www.apucarana.pr.gov.br\/site\/?p=79372"},"modified":"2024-10-08T09:30:16","modified_gmt":"2024-10-08T12:30:16","slug":"apucarana-abre-inscricoes-para-8-cursos-de-qualificacao-profissional","status":"publish","type":"post","link":"http:\/\/www.apucarana.pr.gov.br\/site\/apucarana-abre-inscricoes-para-8-cursos-de-qualificacao-profissional\/","title":{"rendered":"Apucarana abre inscri\u00e7\u00f5es para 8 cursos de qualifica\u00e7\u00e3o profissional"},"content":{"rendered":"\n\t\t<!-- MasterSlider -->\n\t\t<div id=\"P_MS69f3c64330fe3\" class=\"master-slider-parent master-slider-gallery   ms-parent-id-0\" style=\"\" >\n\n\t\t\t\n\t\t\t<!-- MasterSlider Main -->\n\t\t\t<div id=\"MS69f3c64330fe3\" class=\"master-slider ms-skin-default\" >\n\t\t\t\t \t\t\t\t \n\t\t\t<div  class=\"ms-slide\" data-delay=\"3\"    >\n\t\t\t\t\t<img decoding=\"async\" src=\"http:\/\/www.apucarana.pr.gov.br\/site\/wp-content\/plugins\/masterslider\/public\/assets\/css\/blank.gif\" alt=\"IMG (3)\" title=\"IMG (3)\" data-src=\"http:\/\/www.apucarana.pr.gov.br\/site\/wp-content\/uploads\/2023\/04\/IMG-3-1024x708.jpg\" \/>\n\t<a href=\"http:\/\/www.apucarana.pr.gov.br\/site\/wp-content\/uploads\/2023\/04\/IMG-3-1024x708.jpg\" target=\"_self\"    >IMG (3)<\/a>\n\n\n\t<img decoding=\"async\" class=\"ms-thumb\" src=\"http:\/\/www.apucarana.pr.gov.br\/site\/wp-content\/uploads\/2023\/04\/IMG-3-1024x708-140x80.jpg\" alt=\"IMG (3)\" \/>\n\t\t\t\t<\/div>\n\n\t\t\t<\/div>\n\t\t\t<!-- END MasterSlider Main -->\n\n\t\t\t \n\t\t<\/div>\n\t\t<!-- END MasterSlider -->\n\n\t\t<script>\n\t\t( window.MSReady = window.MSReady || [] ).push( function( $ ) {\n\n\t\t\t\"use strict\";\n\t\t\tvar masterslider_0fe3 = new MasterSlider();\n\n\t\t\t\/\/ slider controls\n\t\t\tmasterslider_0fe3.control('arrows'     ,{ autohide:true, overVideo:true  });\n\t\t\tmasterslider_0fe3.control('thumblist'  ,{ autohide:false, overVideo:true, dir:'h', speed:17, inset:false, arrows:false, hover:false, customClass:'', align:'bottom',type:'thumbs', margin:2, width:140, height:80, space:2, fillMode:'fill'  });\n\t\t\t\/\/ slider setup\n\t\t\tmasterslider_0fe3.setup(\"MS69f3c64330fe3\", {\n\t\t\t\twidth           : 960,\n\t\t\t\theight          : 540,\n\t\t\t\tminHeight       : 0,\n\t\t\t\tspace           : 0,\n\t\t\t\tstart           : 1,\n\t\t\t\tgrabCursor      : true,\n\t\t\t\tswipe           : true,\n\t\t\t\tmouse           : true,\n\t\t\t\tkeyboard        : false,\n\t\t\t\tlayout          : \"fillwidth\",\n\t\t\t\twheel           : false,\n\t\t\t\tautoplay        : true,\n                instantStartLayers:false,\n\t\t\t\tmobileBGVideo:false,\n\t\t\t\tloop            : true,\n\t\t\t\tshuffle         : false,\n\t\t\t\tpreload         : 3,\n\t\t\t\theightLimit     : false,\n\t\t\t\tautoHeight      : false,\n\t\t\t\tsmoothHeight    : true,\n\t\t\t\tendPause        : false,\n\t\t\t\toverPause       : false,\n\t\t\t\tfillMode        : \"fill\",\n\t\t\t\tcenterControls  : true,\n\t\t\t\tstartOnAppear   : false,\n\t\t\t\tlayersMode      : \"center\",\n\t\t\t\tautofillTarget  : \"\",\n\t\t\t\thideLayers      : false,\n\t\t\t\tfullscreenMargin: 0,\n\t\t\t\tspeed           : 17,\n\t\t\t\tdir             : \"h\",\n\t\t\t\tresponsive      : true,\n\t\t\t\ttabletWidth     : 768,\n\t\t\t\ttabletHeight    : null,\n\t\t\t\tphoneWidth      : 480,\n\t\t\t\tphoneHeight    : null,\n\t\t\t\tsizingReference : window,\n\t\t\t\tparallaxMode    : 'swipe',\n\t\t\t\tview            : \"basic\"\n\t\t\t});\n\n\t\t\t\n\t\t\twindow.masterslider_instances = window.masterslider_instances || [];\n\t\t\twindow.masterslider_instances.push( masterslider_0fe3 );\n\t\t});\n\t\t<\/script>\n\n\n<p>O prefeito Junior da Femac autorizou nesta semana a abertura de inscri\u00e7\u00f5es de novas turmas em oito cursos de qualifica\u00e7\u00e3o profissional. Os cursos, realizados em parceria com o Senac, s\u00e3o gratuitos e as inscri\u00e7\u00f5es poder\u00e3o ser feitas no Centro de Qualifica\u00e7\u00e3o Total, localizado na Rua Ouro Verde, 300,\u00a0 no Jardim Am\u00e9rica.<\/p>\n<p>Junior da Femac informa que neste pacote liberado as aulas v\u00e3o ocorrer em tr\u00eas locais: no polo UAB, no Centro de Qualifica\u00e7\u00e3o Total e no Senac. \u201cAo todo, s\u00e3o 160 vagas para cursos nas \u00e1reas de gastronomia,\u00a0 prepara\u00e7\u00e3o para o mercado de trabalho, administrativa e gest\u00e3o de pessoas. Os cursos integram o Programa Portas Abertas, s\u00e3o gratuitos e ser\u00e3o ministrados por instrutores do Senac, uma institui\u00e7\u00e3o reconhecida\u00a0 pela qualidade no ensino profissionalizante\u201d, pontua Junior da Femac.<\/p>\n<p>No Senac, no per\u00edodo das 14 \u00e0s 18 horas, acontecer\u00e3o as aulas do Programa Pr\u00e9-Aprendiz. \u201cO curso inicia no dia 9 de maio e levar\u00e1 aos jovens no\u00e7\u00f5es de office, Excel e da fun\u00e7\u00e3o de assistente administrativo\u201d, cita Vilas Boas.<\/p>\n<p>No polo UAB, situado na Pra\u00e7a Rui Barbosa, ser\u00e3o ministrados os cursos de qualidade\u00a0 no atendimento, comunica\u00e7\u00e3o assertiva e desenvolvimento de l\u00edderes. \u201cAs aulas v\u00e3o acontecer \u00e0 noite e ser\u00e3o disponibilizas 25 vagas para cada um desses cursos\u201d, informa Miguel Luiz Vilas Boas, diretor do Centro de Qualifica\u00e7\u00e3o Total.<\/p>\n<p>J\u00e1 no Centro de Qualifica\u00e7\u00e3o Total, v\u00e3o ocorrer os cursos de preparo de pizzas, preparo de salgados, t\u00e9cnicas de padaria e hamburguer gourmet. \u201cSer\u00e3o 15 vagas por curso, que ser\u00e3o ministrados no per\u00edodo da tarde\u201d, afirma Vilas Boas, acrescentando que o cronograma completo ser\u00e1 divulgado nos pr\u00f3ximos dias.<\/p>\n<p><strong>DOCUMENTA\u00c7\u00c3O <\/strong>\u2013 Os documentos necess\u00e1rios para inscri\u00e7\u00f5es do Pr\u00e9-Aprendiz s\u00e3o RG, CPF, comprovante de resid\u00eancia e declara\u00e7\u00e3o que est\u00e1 estudando. \u201cOs interessados dever\u00e3o estar na companhia dos respons\u00e1veis, pai ou m\u00e3e, tamb\u00e9m portando RG e CPF\u201d, observa Vilas Boas. Para os demais cursos, os documentos necess\u00e1rios s\u00e3o RG, CPF e comprovante de resid\u00eancia. Se a pessoa for menor de idade, dever\u00e1 estar acompanhada pelos respons\u00e1veis.<\/p>\n<p>Mais informa\u00e7\u00f5es podem ser obtidas diretamente no Centro de Qualifica\u00e7\u00e3o Total ou pelo telefone 3426-7241.<\/p>\n","protected":false},"excerpt":{"rendered":"<p>O prefeito Junior da Femac autorizou nesta semana a abertura de inscri&ccedil;&otilde;es de novas turmas em oito cursos de qualifica&ccedil;&atilde;o profissional. Os cursos, realizados em parceria com o Senac, s&atilde;o gratuitos e as inscri&ccedil;&otilde;es poder&atilde;o ser feitas no Centro de Qualifica&ccedil;&atilde;o Total, localizado na Rua Ouro Verde, 300,&nbsp; no Jardim Am&eacute;rica. Junior da Femac informa [&hellip;]<\/p>\n","protected":false},"author":6,"featured_media":79375,"comment_status":"closed","ping_status":"closed","sticky":false,"template":"","format":"standard","meta":{"footnotes":""},"categories":[24],"tags":[],"class_list":["post-79372","post","type-post","status-publish","format-standard","has-post-thumbnail","hentry","category-noticias"],"acf":[],"_links":{"self":[{"href":"http:\/\/www.apucarana.pr.gov.br\/site\/wp-json\/wp\/v2\/posts\/79372","targetHints":{"allow":["GET"]}}],"collection":[{"href":"http:\/\/www.apucarana.pr.gov.br\/site\/wp-json\/wp\/v2\/posts"}],"about":[{"href":"http:\/\/www.apucarana.pr.gov.br\/site\/wp-json\/wp\/v2\/types\/post"}],"author":[{"embeddable":true,"href":"http:\/\/www.apucarana.pr.gov.br\/site\/wp-json\/wp\/v2\/users\/6"}],"replies":[{"embeddable":true,"href":"http:\/\/www.apucarana.pr.gov.br\/site\/wp-json\/wp\/v2\/comments?post=79372"}],"version-history":[{"count":2,"href":"http:\/\/www.apucarana.pr.gov.br\/site\/wp-json\/wp\/v2\/posts\/79372\/revisions"}],"predecessor-version":[{"id":79446,"href":"http:\/\/www.apucarana.pr.gov.br\/site\/wp-json\/wp\/v2\/posts\/79372\/revisions\/79446"}],"wp:featuredmedia":[{"embeddable":true,"href":"http:\/\/www.apucarana.pr.gov.br\/site\/wp-json\/wp\/v2\/media\/79375"}],"wp:attachment":[{"href":"http:\/\/www.apucarana.pr.gov.br\/site\/wp-json\/wp\/v2\/media?parent=79372"}],"wp:term":[{"taxonomy":"category","embeddable":true,"href":"http:\/\/www.apucarana.pr.gov.br\/site\/wp-json\/wp\/v2\/categories?post=79372"},{"taxonomy":"post_tag","embeddable":true,"href":"http:\/\/www.apucarana.pr.gov.br\/site\/wp-json\/wp\/v2\/tags?post=79372"}],"curies":[{"name":"wp","href":"https:\/\/api.w.org\/{rel}","templated":true}]}}