{"id":78863,"date":"2023-03-28T11:15:52","date_gmt":"2023-03-28T14:15:52","guid":{"rendered":"http:\/\/www.apucarana.pr.gov.br\/site\/?p=78863"},"modified":"2024-10-08T09:29:04","modified_gmt":"2024-10-08T12:29:04","slug":"copel-retira-mais-de-800-quilos-de-fiacao-de-postes","status":"publish","type":"post","link":"http:\/\/www.apucarana.pr.gov.br\/site\/copel-retira-mais-de-800-quilos-de-fiacao-de-postes\/","title":{"rendered":"Copel retira mais de 800 quilos de fia\u00e7\u00e3o de postes"},"content":{"rendered":"\n\t\t<!-- MasterSlider -->\n\t\t<div id=\"P_MS69f41070a5e0f\" class=\"master-slider-parent master-slider-gallery   ms-parent-id-0\" style=\"\" >\n\n\t\t\t\n\t\t\t<!-- MasterSlider Main -->\n\t\t\t<div id=\"MS69f41070a5e0f\" class=\"master-slider ms-skin-default\" >\n\t\t\t\t \t\t\t\t \n\t\t\t<div  class=\"ms-slide\" data-delay=\"3\"    >\n\t\t\t\t\t<img decoding=\"async\" src=\"http:\/\/www.apucarana.pr.gov.br\/site\/wp-content\/plugins\/masterslider\/public\/assets\/css\/blank.gif\" alt=\"20230328100148_IMG_8966\" title=\"20230328100148_IMG_8966\" data-src=\"http:\/\/www.apucarana.pr.gov.br\/site\/wp-content\/uploads\/2023\/03\/20230328100148_IMG_8966-1024x768.jpg\" \/>\n\t<a href=\"http:\/\/www.apucarana.pr.gov.br\/site\/wp-content\/uploads\/2023\/03\/20230328100148_IMG_8966-1024x768.jpg\" target=\"_self\"    >20230328100148_IMG_8966<\/a>\n\n\n\t<img decoding=\"async\" class=\"ms-thumb\" src=\"http:\/\/www.apucarana.pr.gov.br\/site\/wp-content\/uploads\/2023\/03\/20230328100148_IMG_8966-1024x768-140x80.jpg\" alt=\"20230328100148_IMG_8966\" \/>\n\t\t\t\t<\/div>\n\t\t\t<div  class=\"ms-slide\" data-delay=\"3\"    >\n\t\t\t\t\t<img decoding=\"async\" src=\"http:\/\/www.apucarana.pr.gov.br\/site\/wp-content\/plugins\/masterslider\/public\/assets\/css\/blank.gif\" alt=\"20230328100259_IMG_8969\" title=\"20230328100259_IMG_8969\" data-src=\"http:\/\/www.apucarana.pr.gov.br\/site\/wp-content\/uploads\/2023\/03\/20230328100259_IMG_8969-1024x768.jpg\" \/>\n\t<a href=\"http:\/\/www.apucarana.pr.gov.br\/site\/wp-content\/uploads\/2023\/03\/20230328100259_IMG_8969-1024x768.jpg\" target=\"_self\"    >20230328100259_IMG_8969<\/a>\n\n\n\t<img decoding=\"async\" class=\"ms-thumb\" src=\"http:\/\/www.apucarana.pr.gov.br\/site\/wp-content\/uploads\/2023\/03\/20230328100259_IMG_8969-1024x768-140x80.jpg\" alt=\"20230328100259_IMG_8969\" \/>\n\t\t\t\t<\/div>\n\t\t\t<div  class=\"ms-slide\" data-delay=\"3\"    >\n\t\t\t\t\t<img decoding=\"async\" src=\"http:\/\/www.apucarana.pr.gov.br\/site\/wp-content\/plugins\/masterslider\/public\/assets\/css\/blank.gif\" alt=\"20230328100347_IMG_8973\" title=\"20230328100347_IMG_8973\" data-src=\"http:\/\/www.apucarana.pr.gov.br\/site\/wp-content\/uploads\/2023\/03\/20230328100347_IMG_8973-1024x768.jpg\" \/>\n\t<a href=\"http:\/\/www.apucarana.pr.gov.br\/site\/wp-content\/uploads\/2023\/03\/20230328100347_IMG_8973-1024x768.jpg\" target=\"_self\"    >20230328100347_IMG_8973<\/a>\n\n\n\t<img decoding=\"async\" class=\"ms-thumb\" src=\"http:\/\/www.apucarana.pr.gov.br\/site\/wp-content\/uploads\/2023\/03\/20230328100347_IMG_8973-1024x768-140x80.jpg\" alt=\"20230328100347_IMG_8973\" \/>\n\t\t\t\t<\/div>\n\n\t\t\t<\/div>\n\t\t\t<!-- END MasterSlider Main -->\n\n\t\t\t \n\t\t<\/div>\n\t\t<!-- END MasterSlider -->\n\n\t\t<script>\n\t\t( window.MSReady = window.MSReady || [] ).push( function( $ ) {\n\n\t\t\t\"use strict\";\n\t\t\tvar masterslider_5e0f = new MasterSlider();\n\n\t\t\t\/\/ slider controls\n\t\t\tmasterslider_5e0f.control('arrows'     ,{ autohide:true, overVideo:true  });\n\t\t\tmasterslider_5e0f.control('thumblist'  ,{ autohide:false, overVideo:true, dir:'h', speed:17, inset:false, arrows:false, hover:false, customClass:'', align:'bottom',type:'thumbs', margin:2, width:140, height:80, space:2, fillMode:'fill'  });\n\t\t\t\/\/ slider setup\n\t\t\tmasterslider_5e0f.setup(\"MS69f41070a5e0f\", {\n\t\t\t\twidth           : 960,\n\t\t\t\theight          : 540,\n\t\t\t\tminHeight       : 0,\n\t\t\t\tspace           : 0,\n\t\t\t\tstart           : 1,\n\t\t\t\tgrabCursor      : true,\n\t\t\t\tswipe           : true,\n\t\t\t\tmouse           : true,\n\t\t\t\tkeyboard        : false,\n\t\t\t\tlayout          : \"fillwidth\",\n\t\t\t\twheel           : false,\n\t\t\t\tautoplay        : true,\n                instantStartLayers:false,\n\t\t\t\tmobileBGVideo:false,\n\t\t\t\tloop            : true,\n\t\t\t\tshuffle         : false,\n\t\t\t\tpreload         : 3,\n\t\t\t\theightLimit     : false,\n\t\t\t\tautoHeight      : false,\n\t\t\t\tsmoothHeight    : true,\n\t\t\t\tendPause        : false,\n\t\t\t\toverPause       : false,\n\t\t\t\tfillMode        : \"fill\",\n\t\t\t\tcenterControls  : true,\n\t\t\t\tstartOnAppear   : false,\n\t\t\t\tlayersMode      : \"center\",\n\t\t\t\tautofillTarget  : \"\",\n\t\t\t\thideLayers      : false,\n\t\t\t\tfullscreenMargin: 0,\n\t\t\t\tspeed           : 17,\n\t\t\t\tdir             : \"h\",\n\t\t\t\tresponsive      : true,\n\t\t\t\ttabletWidth     : 768,\n\t\t\t\ttabletHeight    : null,\n\t\t\t\tphoneWidth      : 480,\n\t\t\t\tphoneHeight    : null,\n\t\t\t\tsizingReference : window,\n\t\t\t\tparallaxMode    : 'swipe',\n\t\t\t\tview            : \"basic\"\n\t\t\t});\n\n\t\t\t\n\t\t\twindow.masterslider_instances = window.masterslider_instances || [];\n\t\t\twindow.masterslider_instances.push( masterslider_5e0f );\n\t\t});\n\t\t<\/script>\n\n\n<p>Em um per\u00edodo de 45 dias, a Copel j\u00e1 fez a retirada de mais de 800 quilos de cabos fixados de maneira irregular em Apucarana. Trata-se de fia\u00e7\u00f5es soltas ou colocadas fora das normas t\u00e9cnicas, gerando riscos \u00e0 integridade f\u00edsica de pedestres, motoristas, motociclistas e ciclistas.<\/p>\n<p>O balan\u00e7o foi divulgado nesta ter\u00e7a-feira (28\/03) pelo gerente da Copel em Apucarana, Gilberto Stefani, durante reuni\u00e3o com o prefeito Junior da Femac. \u201cA opera\u00e7\u00e3o foi colocada em pr\u00e1tica atendendo pedido da Prefeitura. Neste primeiro momento, a retirada est\u00e1 acontecendo em locais de maior fluxo de pessoas e ve\u00edculos. Esses mais de 800 quilos representam diversos quil\u00f4metros de fia\u00e7\u00e3o, que estavam colocando em risco as pessoas\u201d, reitera Junior da Femac.<\/p>\n<p>O gerente da Copel afirma que em dezembro foram notificadas 26 empresas de telefonia e internet, sendo concedido um prazo de 30 dias para a regulariza\u00e7\u00e3o. \u201cComo sete empresas n\u00e3o cumpriram ou atenderam apenas parcialmente o pedido, a Copel est\u00e1 desde a primeira quinzena de fevereiro executando esse servi\u00e7o\u201d, pontua, acrescentando que o descumprimento da notifica\u00e7\u00e3o por parte das empresas tem como consequ\u00eancia a aplica\u00e7\u00e3o de multas.<\/p>\n<p>Stefani colocou \u00e0 disposi\u00e7\u00e3o o 0800 51 00 116, solicitando que a popula\u00e7\u00e3o colabore com o processo de retirada da fia\u00e7\u00e3o. \u201cO trabalho ter\u00e1 continuidade e pedimos para que as pessoas informem os locais onde h\u00e1 fia\u00e7\u00e3o solta e que geram riscos para a popula\u00e7\u00e3o\u201d, pede o gerente da Copel.<\/p>\n","protected":false},"excerpt":{"rendered":"<p>Em um per&iacute;odo de 45 dias, a Copel j&aacute; fez a retirada de mais de 800 quilos de cabos fixados de maneira irregular em Apucarana. Trata-se de fia&ccedil;&otilde;es soltas ou colocadas fora das normas t&eacute;cnicas, gerando riscos &agrave; integridade f&iacute;sica de pedestres, motoristas, motociclistas e ciclistas. O balan&ccedil;o foi divulgado nesta ter&ccedil;a-feira (28\/03) pelo gerente [&hellip;]<\/p>\n","protected":false},"author":6,"featured_media":78867,"comment_status":"closed","ping_status":"closed","sticky":false,"template":"","format":"standard","meta":{"footnotes":""},"categories":[24],"tags":[],"class_list":["post-78863","post","type-post","status-publish","format-standard","has-post-thumbnail","hentry","category-noticias"],"acf":[],"_links":{"self":[{"href":"http:\/\/www.apucarana.pr.gov.br\/site\/wp-json\/wp\/v2\/posts\/78863","targetHints":{"allow":["GET"]}}],"collection":[{"href":"http:\/\/www.apucarana.pr.gov.br\/site\/wp-json\/wp\/v2\/posts"}],"about":[{"href":"http:\/\/www.apucarana.pr.gov.br\/site\/wp-json\/wp\/v2\/types\/post"}],"author":[{"embeddable":true,"href":"http:\/\/www.apucarana.pr.gov.br\/site\/wp-json\/wp\/v2\/users\/6"}],"replies":[{"embeddable":true,"href":"http:\/\/www.apucarana.pr.gov.br\/site\/wp-json\/wp\/v2\/comments?post=78863"}],"version-history":[{"count":3,"href":"http:\/\/www.apucarana.pr.gov.br\/site\/wp-json\/wp\/v2\/posts\/78863\/revisions"}],"predecessor-version":[{"id":79194,"href":"http:\/\/www.apucarana.pr.gov.br\/site\/wp-json\/wp\/v2\/posts\/78863\/revisions\/79194"}],"wp:featuredmedia":[{"embeddable":true,"href":"http:\/\/www.apucarana.pr.gov.br\/site\/wp-json\/wp\/v2\/media\/78867"}],"wp:attachment":[{"href":"http:\/\/www.apucarana.pr.gov.br\/site\/wp-json\/wp\/v2\/media?parent=78863"}],"wp:term":[{"taxonomy":"category","embeddable":true,"href":"http:\/\/www.apucarana.pr.gov.br\/site\/wp-json\/wp\/v2\/categories?post=78863"},{"taxonomy":"post_tag","embeddable":true,"href":"http:\/\/www.apucarana.pr.gov.br\/site\/wp-json\/wp\/v2\/tags?post=78863"}],"curies":[{"name":"wp","href":"https:\/\/api.w.org\/{rel}","templated":true}]}}