{"id":78804,"date":"2023-03-27T11:25:32","date_gmt":"2023-03-27T14:25:32","guid":{"rendered":"http:\/\/www.apucarana.pr.gov.br\/site\/?p=78804"},"modified":"2024-10-08T09:29:05","modified_gmt":"2024-10-08T12:29:05","slug":"terceira-etapa-do-torneio-bocha-parana-reune-30-duplas-no-parque-biguacu","status":"publish","type":"post","link":"http:\/\/www.apucarana.pr.gov.br\/site\/terceira-etapa-do-torneio-bocha-parana-reune-30-duplas-no-parque-biguacu\/","title":{"rendered":"Terceira etapa do Torneio Bocha Paran\u00e1 re\u00fane 30 duplas no Parque Bigua\u00e7u"},"content":{"rendered":"\n\t\t<!-- MasterSlider -->\n\t\t<div id=\"P_MS69f2b2c7d313e\" class=\"master-slider-parent master-slider-gallery   ms-parent-id-0\" style=\"\" >\n\n\t\t\t\n\t\t\t<!-- MasterSlider Main -->\n\t\t\t<div id=\"MS69f2b2c7d313e\" class=\"master-slider ms-skin-default\" >\n\t\t\t\t \t\t\t\t \n\t\t\t<div  class=\"ms-slide\" data-delay=\"3\"    >\n\t\t\t\t\t<img decoding=\"async\" src=\"http:\/\/www.apucarana.pr.gov.br\/site\/wp-content\/plugins\/masterslider\/public\/assets\/css\/blank.gif\" alt=\"WhatsApp Image 2023-03-27 at 11.17.03\" title=\"WhatsApp Image 2023-03-27 at 11.17.03\" data-src=\"http:\/\/www.apucarana.pr.gov.br\/site\/wp-content\/uploads\/2023\/03\/WhatsApp-Image-2023-03-27-at-11.17.03-1024x768.jpeg\" \/>\n\t<a href=\"http:\/\/www.apucarana.pr.gov.br\/site\/wp-content\/uploads\/2023\/03\/WhatsApp-Image-2023-03-27-at-11.17.03-1024x768.jpeg\" target=\"_self\"    >WhatsApp Image 2023-03-27 at 11.17.03<\/a>\n\n\n\t<img decoding=\"async\" class=\"ms-thumb\" src=\"http:\/\/www.apucarana.pr.gov.br\/site\/wp-content\/uploads\/2023\/03\/WhatsApp-Image-2023-03-27-at-11.17.03-1024x768-140x80.jpeg\" alt=\"WhatsApp Image 2023-03-27 at 11.17.03\" \/>\n\t\t\t\t<\/div>\n\t\t\t<div  class=\"ms-slide\" data-delay=\"3\"    >\n\t\t\t\t\t<img decoding=\"async\" src=\"http:\/\/www.apucarana.pr.gov.br\/site\/wp-content\/plugins\/masterslider\/public\/assets\/css\/blank.gif\" alt=\"WhatsApp Image 2023-03-27 at 11.17.17\" title=\"WhatsApp Image 2023-03-27 at 11.17.17\" data-src=\"http:\/\/www.apucarana.pr.gov.br\/site\/wp-content\/uploads\/2023\/03\/WhatsApp-Image-2023-03-27-at-11.17.17-1.jpeg\" \/>\n\t<a href=\"http:\/\/www.apucarana.pr.gov.br\/site\/wp-content\/uploads\/2023\/03\/WhatsApp-Image-2023-03-27-at-11.17.17-1.jpeg\" target=\"_self\"    >WhatsApp Image 2023-03-27 at 11.17.17<\/a>\n\n\n\t<img decoding=\"async\" class=\"ms-thumb\" src=\"http:\/\/www.apucarana.pr.gov.br\/site\/wp-content\/uploads\/2023\/03\/WhatsApp-Image-2023-03-27-at-11.17.17-1-140x80.jpeg\" alt=\"WhatsApp Image 2023-03-27 at 11.17.17\" \/>\n\t\t\t\t<\/div>\n\t\t\t<div  class=\"ms-slide\" data-delay=\"3\"    >\n\t\t\t\t\t<img decoding=\"async\" src=\"http:\/\/www.apucarana.pr.gov.br\/site\/wp-content\/plugins\/masterslider\/public\/assets\/css\/blank.gif\" alt=\"WhatsApp Image 2023-03-27 at 11.17.34\" title=\"WhatsApp Image 2023-03-27 at 11.17.34\" data-src=\"http:\/\/www.apucarana.pr.gov.br\/site\/wp-content\/uploads\/2023\/03\/WhatsApp-Image-2023-03-27-at-11.17.34.jpeg\" \/>\n\t<a href=\"http:\/\/www.apucarana.pr.gov.br\/site\/wp-content\/uploads\/2023\/03\/WhatsApp-Image-2023-03-27-at-11.17.34.jpeg\" target=\"_self\"    >WhatsApp Image 2023-03-27 at 11.17.34<\/a>\n\n\n\t<img decoding=\"async\" class=\"ms-thumb\" src=\"http:\/\/www.apucarana.pr.gov.br\/site\/wp-content\/uploads\/2023\/03\/WhatsApp-Image-2023-03-27-at-11.17.34-140x80.jpeg\" alt=\"WhatsApp Image 2023-03-27 at 11.17.34\" \/>\n\t\t\t\t<\/div>\n\t\t\t<div  class=\"ms-slide\" data-delay=\"3\"    >\n\t\t\t\t\t<img decoding=\"async\" src=\"http:\/\/www.apucarana.pr.gov.br\/site\/wp-content\/plugins\/masterslider\/public\/assets\/css\/blank.gif\" alt=\"WhatsApp Image 2023-03-27 at 11.17.44\" title=\"WhatsApp Image 2023-03-27 at 11.17.44\" data-src=\"http:\/\/www.apucarana.pr.gov.br\/site\/wp-content\/uploads\/2023\/03\/WhatsApp-Image-2023-03-27-at-11.17.44.jpeg\" \/>\n\t<a href=\"http:\/\/www.apucarana.pr.gov.br\/site\/wp-content\/uploads\/2023\/03\/WhatsApp-Image-2023-03-27-at-11.17.44.jpeg\" target=\"_self\"    >WhatsApp Image 2023-03-27 at 11.17.44<\/a>\n\n\n\t<img decoding=\"async\" class=\"ms-thumb\" src=\"http:\/\/www.apucarana.pr.gov.br\/site\/wp-content\/uploads\/2023\/03\/WhatsApp-Image-2023-03-27-at-11.17.44-140x80.jpeg\" alt=\"WhatsApp Image 2023-03-27 at 11.17.44\" \/>\n\t\t\t\t<\/div>\n\t\t\t<div  class=\"ms-slide\" data-delay=\"3\"    >\n\t\t\t\t\t<img decoding=\"async\" src=\"http:\/\/www.apucarana.pr.gov.br\/site\/wp-content\/plugins\/masterslider\/public\/assets\/css\/blank.gif\" alt=\"WhatsApp Image 2023-03-27 at 11.17.56\" title=\"WhatsApp Image 2023-03-27 at 11.17.56\" data-src=\"http:\/\/www.apucarana.pr.gov.br\/site\/wp-content\/uploads\/2023\/03\/WhatsApp-Image-2023-03-27-at-11.17.56.jpeg\" \/>\n\t<a href=\"http:\/\/www.apucarana.pr.gov.br\/site\/wp-content\/uploads\/2023\/03\/WhatsApp-Image-2023-03-27-at-11.17.56.jpeg\" target=\"_self\"    >WhatsApp Image 2023-03-27 at 11.17.56<\/a>\n\n\n\t<img decoding=\"async\" class=\"ms-thumb\" src=\"http:\/\/www.apucarana.pr.gov.br\/site\/wp-content\/uploads\/2023\/03\/WhatsApp-Image-2023-03-27-at-11.17.56-140x80.jpeg\" alt=\"WhatsApp Image 2023-03-27 at 11.17.56\" \/>\n\t\t\t\t<\/div>\n\t\t\t<div  class=\"ms-slide\" data-delay=\"3\"    >\n\t\t\t\t\t<img decoding=\"async\" src=\"http:\/\/www.apucarana.pr.gov.br\/site\/wp-content\/plugins\/masterslider\/public\/assets\/css\/blank.gif\" alt=\"WhatsApp Image 2023-03-27 at 11.18.06\" title=\"WhatsApp Image 2023-03-27 at 11.18.06\" data-src=\"http:\/\/www.apucarana.pr.gov.br\/site\/wp-content\/uploads\/2023\/03\/WhatsApp-Image-2023-03-27-at-11.18.06.jpeg\" \/>\n\t<a href=\"http:\/\/www.apucarana.pr.gov.br\/site\/wp-content\/uploads\/2023\/03\/WhatsApp-Image-2023-03-27-at-11.18.06.jpeg\" target=\"_self\"    >WhatsApp Image 2023-03-27 at 11.18.06<\/a>\n\n\n\t<img decoding=\"async\" class=\"ms-thumb\" src=\"http:\/\/www.apucarana.pr.gov.br\/site\/wp-content\/uploads\/2023\/03\/WhatsApp-Image-2023-03-27-at-11.18.06-140x80.jpeg\" alt=\"WhatsApp Image 2023-03-27 at 11.18.06\" \/>\n\t\t\t\t<\/div>\n\t\t\t<div  class=\"ms-slide\" data-delay=\"3\"    >\n\t\t\t\t\t<img decoding=\"async\" src=\"http:\/\/www.apucarana.pr.gov.br\/site\/wp-content\/plugins\/masterslider\/public\/assets\/css\/blank.gif\" alt=\"WhatsApp Image 2023-03-27 at 11.18.27\" title=\"WhatsApp Image 2023-03-27 at 11.18.27\" data-src=\"http:\/\/www.apucarana.pr.gov.br\/site\/wp-content\/uploads\/2023\/03\/WhatsApp-Image-2023-03-27-at-11.18.27-1024x639.jpeg\" \/>\n\t<a href=\"http:\/\/www.apucarana.pr.gov.br\/site\/wp-content\/uploads\/2023\/03\/WhatsApp-Image-2023-03-27-at-11.18.27-1024x639.jpeg\" target=\"_self\"    >WhatsApp Image 2023-03-27 at 11.18.27<\/a>\n\n\n\t<img decoding=\"async\" class=\"ms-thumb\" src=\"http:\/\/www.apucarana.pr.gov.br\/site\/wp-content\/uploads\/2023\/03\/WhatsApp-Image-2023-03-27-at-11.18.27-1024x639-140x80.jpeg\" alt=\"WhatsApp Image 2023-03-27 at 11.18.27\" \/>\n\t\t\t\t<\/div>\n\t\t\t<div  class=\"ms-slide\" data-delay=\"3\"    >\n\t\t\t\t\t<img decoding=\"async\" src=\"http:\/\/www.apucarana.pr.gov.br\/site\/wp-content\/plugins\/masterslider\/public\/assets\/css\/blank.gif\" alt=\"WhatsApp Image 2023-03-27 at 11.18.40\" title=\"WhatsApp Image 2023-03-27 at 11.18.40\" data-src=\"http:\/\/www.apucarana.pr.gov.br\/site\/wp-content\/uploads\/2023\/03\/WhatsApp-Image-2023-03-27-at-11.18.40-1024x675.jpeg\" \/>\n\t<a href=\"http:\/\/www.apucarana.pr.gov.br\/site\/wp-content\/uploads\/2023\/03\/WhatsApp-Image-2023-03-27-at-11.18.40-1024x675.jpeg\" target=\"_self\"    >WhatsApp Image 2023-03-27 at 11.18.40<\/a>\n\n\n\t<img decoding=\"async\" class=\"ms-thumb\" src=\"http:\/\/www.apucarana.pr.gov.br\/site\/wp-content\/uploads\/2023\/03\/WhatsApp-Image-2023-03-27-at-11.18.40-1024x675-140x80.jpeg\" alt=\"WhatsApp Image 2023-03-27 at 11.18.40\" \/>\n\t\t\t\t<\/div>\n\t\t\t<div  class=\"ms-slide\" data-delay=\"3\"    >\n\t\t\t\t\t<img decoding=\"async\" src=\"http:\/\/www.apucarana.pr.gov.br\/site\/wp-content\/plugins\/masterslider\/public\/assets\/css\/blank.gif\" alt=\"WhatsApp Image 2023-03-27 at 11.18.52\" title=\"WhatsApp Image 2023-03-27 at 11.18.52\" data-src=\"http:\/\/www.apucarana.pr.gov.br\/site\/wp-content\/uploads\/2023\/03\/WhatsApp-Image-2023-03-27-at-11.18.52-1024x793.jpeg\" \/>\n\t<a href=\"http:\/\/www.apucarana.pr.gov.br\/site\/wp-content\/uploads\/2023\/03\/WhatsApp-Image-2023-03-27-at-11.18.52-1024x793.jpeg\" target=\"_self\"    >WhatsApp Image 2023-03-27 at 11.18.52<\/a>\n\n\n\t<img decoding=\"async\" class=\"ms-thumb\" src=\"http:\/\/www.apucarana.pr.gov.br\/site\/wp-content\/uploads\/2023\/03\/WhatsApp-Image-2023-03-27-at-11.18.52-1024x793-140x80.jpeg\" alt=\"WhatsApp Image 2023-03-27 at 11.18.52\" \/>\n\t\t\t\t<\/div>\n\t\t\t<div  class=\"ms-slide\" data-delay=\"3\"    >\n\t\t\t\t\t<img decoding=\"async\" src=\"http:\/\/www.apucarana.pr.gov.br\/site\/wp-content\/plugins\/masterslider\/public\/assets\/css\/blank.gif\" alt=\"WhatsApp Image 2023-03-27 at 11.19.05\" title=\"WhatsApp Image 2023-03-27 at 11.19.05\" data-src=\"http:\/\/www.apucarana.pr.gov.br\/site\/wp-content\/uploads\/2023\/03\/WhatsApp-Image-2023-03-27-at-11.19.05-1024x955.jpeg\" \/>\n\t<a href=\"http:\/\/www.apucarana.pr.gov.br\/site\/wp-content\/uploads\/2023\/03\/WhatsApp-Image-2023-03-27-at-11.19.05-1024x955.jpeg\" target=\"_self\"    >WhatsApp Image 2023-03-27 at 11.19.05<\/a>\n\n\n\t<img decoding=\"async\" class=\"ms-thumb\" src=\"http:\/\/www.apucarana.pr.gov.br\/site\/wp-content\/uploads\/2023\/03\/WhatsApp-Image-2023-03-27-at-11.19.05-1024x955-140x80.jpeg\" alt=\"WhatsApp Image 2023-03-27 at 11.19.05\" \/>\n\t\t\t\t<\/div>\n\n\t\t\t<\/div>\n\t\t\t<!-- END MasterSlider Main -->\n\n\t\t\t \n\t\t<\/div>\n\t\t<!-- END MasterSlider -->\n\n\t\t<script>\n\t\t( window.MSReady = window.MSReady || [] ).push( function( $ ) {\n\n\t\t\t\"use strict\";\n\t\t\tvar masterslider_313e = new MasterSlider();\n\n\t\t\t\/\/ slider controls\n\t\t\tmasterslider_313e.control('arrows'     ,{ autohide:true, overVideo:true  });\n\t\t\tmasterslider_313e.control('thumblist'  ,{ autohide:false, overVideo:true, dir:'h', speed:17, inset:false, arrows:false, hover:false, customClass:'', align:'bottom',type:'thumbs', margin:2, width:140, height:80, space:2, fillMode:'fill'  });\n\t\t\t\/\/ slider setup\n\t\t\tmasterslider_313e.setup(\"MS69f2b2c7d313e\", {\n\t\t\t\twidth           : 960,\n\t\t\t\theight          : 540,\n\t\t\t\tminHeight       : 0,\n\t\t\t\tspace           : 0,\n\t\t\t\tstart           : 1,\n\t\t\t\tgrabCursor      : true,\n\t\t\t\tswipe           : true,\n\t\t\t\tmouse           : true,\n\t\t\t\tkeyboard        : false,\n\t\t\t\tlayout          : \"fillwidth\",\n\t\t\t\twheel           : false,\n\t\t\t\tautoplay        : true,\n                instantStartLayers:false,\n\t\t\t\tmobileBGVideo:false,\n\t\t\t\tloop            : true,\n\t\t\t\tshuffle         : false,\n\t\t\t\tpreload         : 3,\n\t\t\t\theightLimit     : false,\n\t\t\t\tautoHeight      : false,\n\t\t\t\tsmoothHeight    : true,\n\t\t\t\tendPause        : false,\n\t\t\t\toverPause       : false,\n\t\t\t\tfillMode        : \"fill\",\n\t\t\t\tcenterControls  : true,\n\t\t\t\tstartOnAppear   : false,\n\t\t\t\tlayersMode      : \"center\",\n\t\t\t\tautofillTarget  : \"\",\n\t\t\t\thideLayers      : false,\n\t\t\t\tfullscreenMargin: 0,\n\t\t\t\tspeed           : 17,\n\t\t\t\tdir             : \"h\",\n\t\t\t\tresponsive      : true,\n\t\t\t\ttabletWidth     : 768,\n\t\t\t\ttabletHeight    : null,\n\t\t\t\tphoneWidth      : 480,\n\t\t\t\tphoneHeight    : null,\n\t\t\t\tsizingReference : window,\n\t\t\t\tparallaxMode    : 'swipe',\n\t\t\t\tview            : \"basic\"\n\t\t\t});\n\n\t\t\t\n\t\t\twindow.masterslider_instances = window.masterslider_instances || [];\n\t\t\twindow.masterslider_instances.push( masterslider_313e );\n\t\t});\n\t\t<\/script>\n\n\n<p>Com a presen\u00e7a de 30 duplas, foi realizada nesse s\u00e1bado (25\/03), na cancha do Parque Bigua\u00e7u, em Apucarana, a terceira etapa do Torneio Bocha Paran\u00e1, competi\u00e7\u00e3o apoiada pela Prefeitura de Apucarana, por meio da Secretaria Municipal de Esportes. O prefeito Junior da Femac e o professor Jos\u00e9 Marcelino da Silva, o Grillo, secret\u00e1rio municipal de Esportes, prestigiaram o evento que foi disputado por representantes de 20 cidades.<\/p>\n<p>\u201cAcompanhamos um belo evento, todos que participaram do torneio est\u00e3o de parab\u00e9ns e \u00e9 muito gratificante ter Apucarana como uma das sedes da competi\u00e7\u00e3o estadual\u201d, destaca o prefeito Junior da Femac.<\/p>\n<p>A dupla campe\u00e3 da terceira etapa do torneio foi formada por Cabelo (Mar\u00edlia-SP) e Dema (Fl\u00f3rida). Os jogadores Luciano (Alt\u00f4nia) e Fl\u00e1vio (Santa Mariana) conquistaram o segundo lugar, com Jos\u00e9 Floriano (Maring\u00e1) e Ling\u00fci\u00e7a (Paranava\u00ed) ficando na terceira coloca\u00e7\u00e3o. Os maringaenses Brilhante e Aparecido terminaram a competi\u00e7\u00e3o em quarto lugar. As quatro melhores duplas receberam trof\u00e9us.<\/p>\n<p>Da quinta a oitava posi\u00e7\u00e3o a classifica\u00e7\u00e3o foi \u00e0 seguinte: 5\u00ba) Aldo e Pedrinho; 6\u00ba) Daniel e Claudecir; 7\u00ba) Gilmar e Luiz; e 8\u00ba) Carlinhos e Faustino. Essas duplas ganharam medalhas como premia\u00e7\u00e3o. De Apucarana competiram os jogadores Edevaldo Gasparello, Pancad\u00e3o, M\u00e1rcio, Adriano, Valdecir, Silvio, C\u00e9sar, Bito, Jil\u00f3 e Clodoaldo, que foram eliminados na fase inicial do torneio.<\/p>\n<p>\u201cPelo segundo ano seguido, Apucarana promoveu uma etapa do Bocha Paran\u00e1, com participantes de v\u00e1rias cidades. O evento foi um sucesso e mostramos que Apucarana tem tradi\u00e7\u00e3o de realizar a modalidade\u201d, frisa o professor Grillo, que entregou a premia\u00e7\u00e3o aos melhores colocados.<\/p>\n<p>A terceira etapa do Torneio Bocha Paran\u00e1 tamb\u00e9m teve a participa\u00e7\u00e3o de competidores de Arapongas, Astorga, Jandaia do Sul, Borraz\u00f3polis, Umuarama, Santa Cruz de Monte Castelo, Iracema do Oeste, S\u00e3o Tom\u00e9, Corn\u00e9lio Proc\u00f3pio, Assis Chateaubriand, C\u00e2ndido Mota-SP, S\u00e3o Jos\u00e9 dos Campos-SP e Assis-SP.<\/p>\n<p>A quarta etapa da competi\u00e7\u00e3o estadual ser\u00e1 desenvolvida no m\u00eas de abril no munic\u00edpio de Porto Rico (noroeste do Estado).<\/p>\n<p><strong>\u00a0<\/strong><\/p>\n","protected":false},"excerpt":{"rendered":"<p>Com a presen&ccedil;a de 30 duplas, foi realizada nesse s&aacute;bado (25\/03), na cancha do Parque Bigua&ccedil;u, em Apucarana, a terceira etapa do Torneio Bocha Paran&aacute;, competi&ccedil;&atilde;o apoiada pela Prefeitura de Apucarana, por meio da Secretaria Municipal de Esportes. O prefeito Junior da Femac e o professor Jos&eacute; Marcelino da Silva, o Grillo, secret&aacute;rio municipal de [&hellip;]<\/p>\n","protected":false},"author":12,"featured_media":78806,"comment_status":"closed","ping_status":"closed","sticky":false,"template":"","format":"standard","meta":{"footnotes":""},"categories":[24],"tags":[],"class_list":["post-78804","post","type-post","status-publish","format-standard","has-post-thumbnail","hentry","category-noticias"],"acf":[],"_links":{"self":[{"href":"http:\/\/www.apucarana.pr.gov.br\/site\/wp-json\/wp\/v2\/posts\/78804","targetHints":{"allow":["GET"]}}],"collection":[{"href":"http:\/\/www.apucarana.pr.gov.br\/site\/wp-json\/wp\/v2\/posts"}],"about":[{"href":"http:\/\/www.apucarana.pr.gov.br\/site\/wp-json\/wp\/v2\/types\/post"}],"author":[{"embeddable":true,"href":"http:\/\/www.apucarana.pr.gov.br\/site\/wp-json\/wp\/v2\/users\/12"}],"replies":[{"embeddable":true,"href":"http:\/\/www.apucarana.pr.gov.br\/site\/wp-json\/wp\/v2\/comments?post=78804"}],"version-history":[{"count":1,"href":"http:\/\/www.apucarana.pr.gov.br\/site\/wp-json\/wp\/v2\/posts\/78804\/revisions"}],"predecessor-version":[{"id":78817,"href":"http:\/\/www.apucarana.pr.gov.br\/site\/wp-json\/wp\/v2\/posts\/78804\/revisions\/78817"}],"wp:featuredmedia":[{"embeddable":true,"href":"http:\/\/www.apucarana.pr.gov.br\/site\/wp-json\/wp\/v2\/media\/78806"}],"wp:attachment":[{"href":"http:\/\/www.apucarana.pr.gov.br\/site\/wp-json\/wp\/v2\/media?parent=78804"}],"wp:term":[{"taxonomy":"category","embeddable":true,"href":"http:\/\/www.apucarana.pr.gov.br\/site\/wp-json\/wp\/v2\/categories?post=78804"},{"taxonomy":"post_tag","embeddable":true,"href":"http:\/\/www.apucarana.pr.gov.br\/site\/wp-json\/wp\/v2\/tags?post=78804"}],"curies":[{"name":"wp","href":"https:\/\/api.w.org\/{rel}","templated":true}]}}