{"id":78649,"date":"2023-03-22T12:21:24","date_gmt":"2023-03-22T15:21:24","guid":{"rendered":"http:\/\/www.apucarana.pr.gov.br\/site\/?p=78649"},"modified":"2024-10-08T09:29:06","modified_gmt":"2024-10-08T12:29:06","slug":"apucarana-diminui-diferenca-salarial-entre-homens-e-mulheres","status":"publish","type":"post","link":"http:\/\/www.apucarana.pr.gov.br\/site\/apucarana-diminui-diferenca-salarial-entre-homens-e-mulheres\/","title":{"rendered":"Apucarana diminui diferen\u00e7a salarial entre homens e mulheres"},"content":{"rendered":"\n\t\t<!-- MasterSlider -->\n\t\t<div id=\"P_MS69f2c0cbd0f9b\" class=\"master-slider-parent master-slider-gallery   ms-parent-id-0\" style=\"\" >\n\n\t\t\t\n\t\t\t<!-- MasterSlider Main -->\n\t\t\t<div id=\"MS69f2c0cbd0f9b\" class=\"master-slider ms-skin-default\" >\n\t\t\t\t \t\t\t\t \n\t\t\t<div  class=\"ms-slide\" data-delay=\"3\"    >\n\t\t\t\t\t<img decoding=\"async\" src=\"http:\/\/www.apucarana.pr.gov.br\/site\/wp-content\/plugins\/masterslider\/public\/assets\/css\/blank.gif\" alt=\"20230322084552_IMG_8773\" title=\"20230322084552_IMG_8773\" data-src=\"http:\/\/www.apucarana.pr.gov.br\/site\/wp-content\/uploads\/2023\/03\/20230322084552_IMG_8773-1024x683.jpg\" \/>\n\t<a href=\"http:\/\/www.apucarana.pr.gov.br\/site\/wp-content\/uploads\/2023\/03\/20230322084552_IMG_8773-1024x683.jpg\" target=\"_self\"    >20230322084552_IMG_8773<\/a>\n\n\n\t<img decoding=\"async\" class=\"ms-thumb\" src=\"http:\/\/www.apucarana.pr.gov.br\/site\/wp-content\/uploads\/2023\/03\/20230322084552_IMG_8773-1024x683-140x80.jpg\" alt=\"20230322084552_IMG_8773\" \/>\n\t\t\t\t<\/div>\n\t\t\t<div  class=\"ms-slide\" data-delay=\"3\"    >\n\t\t\t\t\t<img decoding=\"async\" src=\"http:\/\/www.apucarana.pr.gov.br\/site\/wp-content\/plugins\/masterslider\/public\/assets\/css\/blank.gif\" alt=\"20230322084752_IMG_8779\" title=\"20230322084752_IMG_8779\" data-src=\"http:\/\/www.apucarana.pr.gov.br\/site\/wp-content\/uploads\/2023\/03\/20230322084752_IMG_8779-1024x683.jpg\" \/>\n\t<a href=\"http:\/\/www.apucarana.pr.gov.br\/site\/wp-content\/uploads\/2023\/03\/20230322084752_IMG_8779-1024x683.jpg\" target=\"_self\"    >20230322084752_IMG_8779<\/a>\n\n\n\t<img decoding=\"async\" class=\"ms-thumb\" src=\"http:\/\/www.apucarana.pr.gov.br\/site\/wp-content\/uploads\/2023\/03\/20230322084752_IMG_8779-1024x683-140x80.jpg\" alt=\"20230322084752_IMG_8779\" \/>\n\t\t\t\t<\/div>\n\t\t\t<div  class=\"ms-slide\" data-delay=\"3\"    >\n\t\t\t\t\t<img decoding=\"async\" src=\"http:\/\/www.apucarana.pr.gov.br\/site\/wp-content\/plugins\/masterslider\/public\/assets\/css\/blank.gif\" alt=\"20230322085702_IMG_8804\" title=\"20230322085702_IMG_8804\" data-src=\"http:\/\/www.apucarana.pr.gov.br\/site\/wp-content\/uploads\/2023\/03\/20230322085702_IMG_8804-1024x683.jpg\" \/>\n\t<a href=\"http:\/\/www.apucarana.pr.gov.br\/site\/wp-content\/uploads\/2023\/03\/20230322085702_IMG_8804-1024x683.jpg\" target=\"_self\"    >20230322085702_IMG_8804<\/a>\n\n\n\t<img decoding=\"async\" class=\"ms-thumb\" src=\"http:\/\/www.apucarana.pr.gov.br\/site\/wp-content\/uploads\/2023\/03\/20230322085702_IMG_8804-1024x683-140x80.jpg\" alt=\"20230322085702_IMG_8804\" \/>\n\t\t\t\t<\/div>\n\t\t\t<div  class=\"ms-slide\" data-delay=\"3\"    >\n\t\t\t\t\t<img decoding=\"async\" src=\"http:\/\/www.apucarana.pr.gov.br\/site\/wp-content\/plugins\/masterslider\/public\/assets\/css\/blank.gif\" alt=\"20230322091727_IMG_8843\" title=\"20230322091727_IMG_8843\" data-src=\"http:\/\/www.apucarana.pr.gov.br\/site\/wp-content\/uploads\/2023\/03\/20230322091727_IMG_8843-1024x683.jpg\" \/>\n\t<a href=\"http:\/\/www.apucarana.pr.gov.br\/site\/wp-content\/uploads\/2023\/03\/20230322091727_IMG_8843-1024x683.jpg\" target=\"_self\"    >20230322091727_IMG_8843<\/a>\n\n\n\t<img decoding=\"async\" class=\"ms-thumb\" src=\"http:\/\/www.apucarana.pr.gov.br\/site\/wp-content\/uploads\/2023\/03\/20230322091727_IMG_8843-1024x683-140x80.jpg\" alt=\"20230322091727_IMG_8843\" \/>\n\t\t\t\t<\/div>\n\t\t\t<div  class=\"ms-slide\" data-delay=\"3\"    >\n\t\t\t\t\t<img decoding=\"async\" src=\"http:\/\/www.apucarana.pr.gov.br\/site\/wp-content\/plugins\/masterslider\/public\/assets\/css\/blank.gif\" alt=\"20230322092820_IMG_8872\" title=\"20230322092820_IMG_8872\" data-src=\"http:\/\/www.apucarana.pr.gov.br\/site\/wp-content\/uploads\/2023\/03\/20230322092820_IMG_8872-1024x683.jpg\" \/>\n\t<a href=\"http:\/\/www.apucarana.pr.gov.br\/site\/wp-content\/uploads\/2023\/03\/20230322092820_IMG_8872-1024x683.jpg\" target=\"_self\"    >20230322092820_IMG_8872<\/a>\n\n\n\t<img decoding=\"async\" class=\"ms-thumb\" src=\"http:\/\/www.apucarana.pr.gov.br\/site\/wp-content\/uploads\/2023\/03\/20230322092820_IMG_8872-1024x683-140x80.jpg\" alt=\"20230322092820_IMG_8872\" \/>\n\t\t\t\t<\/div>\n\n\t\t\t<\/div>\n\t\t\t<!-- END MasterSlider Main -->\n\n\t\t\t \n\t\t<\/div>\n\t\t<!-- END MasterSlider -->\n\n\t\t<script>\n\t\t( window.MSReady = window.MSReady || [] ).push( function( $ ) {\n\n\t\t\t\"use strict\";\n\t\t\tvar masterslider_0f9b = new MasterSlider();\n\n\t\t\t\/\/ slider controls\n\t\t\tmasterslider_0f9b.control('arrows'     ,{ autohide:true, overVideo:true  });\n\t\t\tmasterslider_0f9b.control('thumblist'  ,{ autohide:false, overVideo:true, dir:'h', speed:17, inset:false, arrows:false, hover:false, customClass:'', align:'bottom',type:'thumbs', margin:2, width:140, height:80, space:2, fillMode:'fill'  });\n\t\t\t\/\/ slider setup\n\t\t\tmasterslider_0f9b.setup(\"MS69f2c0cbd0f9b\", {\n\t\t\t\twidth           : 960,\n\t\t\t\theight          : 540,\n\t\t\t\tminHeight       : 0,\n\t\t\t\tspace           : 0,\n\t\t\t\tstart           : 1,\n\t\t\t\tgrabCursor      : true,\n\t\t\t\tswipe           : true,\n\t\t\t\tmouse           : true,\n\t\t\t\tkeyboard        : false,\n\t\t\t\tlayout          : \"fillwidth\",\n\t\t\t\twheel           : false,\n\t\t\t\tautoplay        : true,\n                instantStartLayers:false,\n\t\t\t\tmobileBGVideo:false,\n\t\t\t\tloop            : true,\n\t\t\t\tshuffle         : false,\n\t\t\t\tpreload         : 3,\n\t\t\t\theightLimit     : false,\n\t\t\t\tautoHeight      : false,\n\t\t\t\tsmoothHeight    : true,\n\t\t\t\tendPause        : false,\n\t\t\t\toverPause       : false,\n\t\t\t\tfillMode        : \"fill\",\n\t\t\t\tcenterControls  : true,\n\t\t\t\tstartOnAppear   : false,\n\t\t\t\tlayersMode      : \"center\",\n\t\t\t\tautofillTarget  : \"\",\n\t\t\t\thideLayers      : false,\n\t\t\t\tfullscreenMargin: 0,\n\t\t\t\tspeed           : 17,\n\t\t\t\tdir             : \"h\",\n\t\t\t\tresponsive      : true,\n\t\t\t\ttabletWidth     : 768,\n\t\t\t\ttabletHeight    : null,\n\t\t\t\tphoneWidth      : 480,\n\t\t\t\tphoneHeight    : null,\n\t\t\t\tsizingReference : window,\n\t\t\t\tparallaxMode    : 'swipe',\n\t\t\t\tview            : \"basic\"\n\t\t\t});\n\n\t\t\t\n\t\t\twindow.masterslider_instances = window.masterslider_instances || [];\n\t\t\twindow.masterslider_instances.push( masterslider_0f9b );\n\t\t});\n\t\t<\/script>\n\n\n<p>Em Apucarana, a diferen\u00e7a salarial entre homens e mulheres est\u00e1 bem abaixo da m\u00e9dia nacional. Enquanto no Brasil os homens recebem 21% a mais, em Apucarana essa diferen\u00e7a \u00e9 de 2,75%. O dado foi apresentado nesta quarta-feira (22\/03), durante palestra sobre o tema realizada no Sesc e que integra a programa\u00e7\u00e3o do M\u00eas da Mulher.<\/p>\n<p>O estudo foi apresentado pela professora da Unespar, T\u00e2nia Terezinha Rissa, mestre em economia e delegada do Conselho Regional de Economia (Corecon). Tamb\u00e9m acompanhou a apresenta\u00e7\u00e3o do levantamento o economista do Departamento Intersindical de Estat\u00edstica e Estudos Socioecon\u00f4micos (Dieese) e mestre em economia, Rafael Montanari Durlo.<\/p>\n<p>No levantamento foram analisados dados dos \u00faltimos 10 anos, a\u00a0 partir de informa\u00e7\u00f5es do Cadastro Geral de Empregados e Desempregados (Caged), Rela\u00e7\u00e3o Anual de Informa\u00e7\u00f5es Sociais (Rais), Instituto Brasileiro de Geografia e Estat\u00edstica (IBGE) e Pesquisa Nacional por Amostra de Domic\u00edlios Cont\u00ednua (PNADC-T).<\/p>\n<p>O prefeito Junior da Femac afirma que a redu\u00e7\u00e3o da diferen\u00e7a salarial em Apucarana pode ser explicada pelo perfil econ\u00f4mico do Munic\u00edpio e tamb\u00e9m devido \u00e0s pol\u00edticas p\u00fablicas implementadas pela Prefeitura. \u201cQual \u00e9 o sentido de um homem e de uma mulher que fazem a mesma coisa, por\u00e9m recebem remunera\u00e7\u00f5es diferentes?\u201d, questiona Junior da Femac, acrescentando que a palestra \u00e9 um momento que foi criado para debater amplamente o tema e \u201ctocar nesta ferida\u201d da sociedade.<\/p>\n<p>A secret\u00e1ria da Mulher e Assuntos da Fam\u00edlia, Denise Canesin, afirma que o Munic\u00edpio busca promover a equidade com diversas a\u00e7\u00f5es. \u201c\u00c9 um trabalho abrangente, que vai desde atividades nas escolas para levar essa consci\u00eancia aos estudantes, at\u00e9 ao Programa de Economia Solid\u00e1ria que est\u00e1 sendo o propulsor da gera\u00e7\u00e3o de renda e de sal\u00e1rios mais dignos para as mulheres\u201d, pontua Denise.<\/p>\n<p>Durante a palestra, a professora da Unespar afirmou que equidade salarial j\u00e1 est\u00e1 prevista desde 1943, com a promulga\u00e7\u00e3o da Consolida\u00e7\u00e3o das Leis do Trabalho (CLT). \u00a0O artigo 461 da CLT estabelece que \u201csendo id\u00eantica a fun\u00e7\u00e3o, a todo trabalho de igual valor prestado ao mesmo empregador, na mesma localidade, corresponder\u00e1 igual sal\u00e1rio, sem distin\u00e7\u00e3o de sexo,\u00a0 nacionalidade ou idade\u201d.<\/p>\n<p>A especialista avalia que em Apucarana as mulheres foram conquistando espa\u00e7o no decorrer dos anos. \u201cElas foram lutando pelo seu lugar no mercado de trabalho e essa defasagem salarial foi diminuindo. Pode ter acontecido por pol\u00edticas p\u00fablicas, pelo aumento da consci\u00eancia empresarial ou at\u00e9 mesmo visando cumprir a legisla\u00e7\u00e3o\u201d, afirma, lembrando que a diferen\u00e7a salarial &#8211; de 2,75% entre os sal\u00e1rios pagos para homens e mulheres em Apucarana &#8211; resultou da an\u00e1lise dos empregos formais registrados no per\u00edodo estudado.<\/p>\n<p>De acordo com ela, em 2002 a disparidade salarial chegou a 30% no munic\u00edpio. &#8220;A diferen\u00e7a foi evoluindo, teve per\u00edodos de queda e eleva\u00e7\u00e3o. E em 2022 chegou a 2,75%&#8221;, informa. T\u00e2nia afirma ainda que a pesquisa, desenvolvida pela Universidade Estadual do Paran\u00e1 (Unespar), tamb\u00e9m analisou a quest\u00e3o no Paran\u00e1 onde a diferen\u00e7a salarial entre homens e mulheres \u00e9 de 28%.<\/p>\n<p>A palestra contou ainda com a presen\u00e7a da secret\u00e1ria municipal de Assist\u00eancia Social, Jossuela Pirelli, da presidente da C\u00e2mara da Mulher Empreendedora e Gestora de Neg\u00f3cios (Cmeg), Sueli Carmona Dias, de Aida Assun\u00e7\u00e3o, presidente do \u00a0Sindicato do Com\u00e9rcio Varejista de\u00a0Apucarana\u00a0(Sivana), do gerente do Sesc, Ronaldo Ficagno, e de representantes do Conselho Municipal dos Direitos da Mulher.<\/p>\n","protected":false},"excerpt":{"rendered":"<p>Em Apucarana, a diferen&ccedil;a salarial entre homens e mulheres est&aacute; bem abaixo da m&eacute;dia nacional. Enquanto no Brasil os homens recebem 21% a mais, em Apucarana essa diferen&ccedil;a &eacute; de 2,75%. O dado foi apresentado nesta quarta-feira (22\/03), durante palestra sobre o tema realizada no Sesc e que integra a programa&ccedil;&atilde;o do M&ecirc;s da Mulher. [&hellip;]<\/p>\n","protected":false},"author":6,"featured_media":78655,"comment_status":"closed","ping_status":"closed","sticky":false,"template":"","format":"standard","meta":{"footnotes":""},"categories":[24],"tags":[],"class_list":["post-78649","post","type-post","status-publish","format-standard","has-post-thumbnail","hentry","category-noticias"],"acf":[],"_links":{"self":[{"href":"http:\/\/www.apucarana.pr.gov.br\/site\/wp-json\/wp\/v2\/posts\/78649","targetHints":{"allow":["GET"]}}],"collection":[{"href":"http:\/\/www.apucarana.pr.gov.br\/site\/wp-json\/wp\/v2\/posts"}],"about":[{"href":"http:\/\/www.apucarana.pr.gov.br\/site\/wp-json\/wp\/v2\/types\/post"}],"author":[{"embeddable":true,"href":"http:\/\/www.apucarana.pr.gov.br\/site\/wp-json\/wp\/v2\/users\/6"}],"replies":[{"embeddable":true,"href":"http:\/\/www.apucarana.pr.gov.br\/site\/wp-json\/wp\/v2\/comments?post=78649"}],"version-history":[{"count":5,"href":"http:\/\/www.apucarana.pr.gov.br\/site\/wp-json\/wp\/v2\/posts\/78649\/revisions"}],"predecessor-version":[{"id":78782,"href":"http:\/\/www.apucarana.pr.gov.br\/site\/wp-json\/wp\/v2\/posts\/78649\/revisions\/78782"}],"wp:featuredmedia":[{"embeddable":true,"href":"http:\/\/www.apucarana.pr.gov.br\/site\/wp-json\/wp\/v2\/media\/78655"}],"wp:attachment":[{"href":"http:\/\/www.apucarana.pr.gov.br\/site\/wp-json\/wp\/v2\/media?parent=78649"}],"wp:term":[{"taxonomy":"category","embeddable":true,"href":"http:\/\/www.apucarana.pr.gov.br\/site\/wp-json\/wp\/v2\/categories?post=78649"},{"taxonomy":"post_tag","embeddable":true,"href":"http:\/\/www.apucarana.pr.gov.br\/site\/wp-json\/wp\/v2\/tags?post=78649"}],"curies":[{"name":"wp","href":"https:\/\/api.w.org\/{rel}","templated":true}]}}