{"id":78577,"date":"2023-03-21T10:49:51","date_gmt":"2023-03-21T13:49:51","guid":{"rendered":"http:\/\/www.apucarana.pr.gov.br\/site\/?p=78577"},"modified":"2024-10-08T09:29:07","modified_gmt":"2024-10-08T12:29:07","slug":"estudantes-com-sindrome-de-down-recebem-atendimento-especializado-em-apucarana","status":"publish","type":"post","link":"http:\/\/www.apucarana.pr.gov.br\/site\/estudantes-com-sindrome-de-down-recebem-atendimento-especializado-em-apucarana\/","title":{"rendered":"Estudantes com S\u00edndrome de Down recebem atendimento especializado em Apucarana"},"content":{"rendered":"\n\t\t<!-- MasterSlider -->\n\t\t<div id=\"P_MS69f4ec628b904\" class=\"master-slider-parent master-slider-gallery   ms-parent-id-0\" style=\"\" >\n\n\t\t\t\n\t\t\t<!-- MasterSlider Main -->\n\t\t\t<div id=\"MS69f4ec628b904\" class=\"master-slider ms-skin-default\" >\n\t\t\t\t \t\t\t\t \n\t\t\t<div  class=\"ms-slide\" data-delay=\"3\"    >\n\t\t\t\t\t<img decoding=\"async\" src=\"http:\/\/www.apucarana.pr.gov.br\/site\/wp-content\/plugins\/masterslider\/public\/assets\/css\/blank.gif\" alt=\"S\u00cdNDROME DE DOWN 1\" title=\"S\u00cdNDROME DE DOWN 1\" data-src=\"http:\/\/www.apucarana.pr.gov.br\/site\/wp-content\/uploads\/2023\/03\/SINDROME-DE-DOWN-1-768x1024.jpg\" \/>\n\t<a href=\"http:\/\/www.apucarana.pr.gov.br\/site\/wp-content\/uploads\/2023\/03\/SINDROME-DE-DOWN-1-768x1024.jpg\" target=\"_self\"    >S\u00cdNDROME DE DOWN 1<\/a>\n\n\n\t<img decoding=\"async\" class=\"ms-thumb\" src=\"http:\/\/www.apucarana.pr.gov.br\/site\/wp-content\/uploads\/2023\/03\/SINDROME-DE-DOWN-1-768x1024-140x80.jpg\" alt=\"S\u00cdNDROME DE DOWN 1\" \/>\n\t\t\t\t<\/div>\n\t\t\t<div  class=\"ms-slide\" data-delay=\"3\"    >\n\t\t\t\t\t<img decoding=\"async\" src=\"http:\/\/www.apucarana.pr.gov.br\/site\/wp-content\/plugins\/masterslider\/public\/assets\/css\/blank.gif\" alt=\"S\u00cdNDROME DE DOWN 2\" title=\"S\u00cdNDROME DE DOWN 2\" data-src=\"http:\/\/www.apucarana.pr.gov.br\/site\/wp-content\/uploads\/2023\/03\/SINDROME-DE-DOWN-2-768x1024.jpg\" \/>\n\t<a href=\"http:\/\/www.apucarana.pr.gov.br\/site\/wp-content\/uploads\/2023\/03\/SINDROME-DE-DOWN-2-768x1024.jpg\" target=\"_self\"    >S\u00cdNDROME DE DOWN 2<\/a>\n\n\n\t<img decoding=\"async\" class=\"ms-thumb\" src=\"http:\/\/www.apucarana.pr.gov.br\/site\/wp-content\/uploads\/2023\/03\/SINDROME-DE-DOWN-2-768x1024-140x80.jpg\" alt=\"S\u00cdNDROME DE DOWN 2\" \/>\n\t\t\t\t<\/div>\n\t\t\t<div  class=\"ms-slide\" data-delay=\"3\"    >\n\t\t\t\t\t<img decoding=\"async\" src=\"http:\/\/www.apucarana.pr.gov.br\/site\/wp-content\/plugins\/masterslider\/public\/assets\/css\/blank.gif\" alt=\"S\u00cdNDROME DE DOWN 3\" title=\"S\u00cdNDROME DE DOWN 3\" data-src=\"http:\/\/www.apucarana.pr.gov.br\/site\/wp-content\/uploads\/2023\/03\/SINDROME-DE-DOWN-3.jpg\" \/>\n\t<a href=\"http:\/\/www.apucarana.pr.gov.br\/site\/wp-content\/uploads\/2023\/03\/SINDROME-DE-DOWN-3.jpg\" target=\"_self\"    >S\u00cdNDROME DE DOWN 3<\/a>\n\n\n\t<img decoding=\"async\" class=\"ms-thumb\" src=\"http:\/\/www.apucarana.pr.gov.br\/site\/wp-content\/uploads\/2023\/03\/SINDROME-DE-DOWN-3-140x80.jpg\" alt=\"S\u00cdNDROME DE DOWN 3\" \/>\n\t\t\t\t<\/div>\n\t\t\t<div  class=\"ms-slide\" data-delay=\"3\"    >\n\t\t\t\t\t<img decoding=\"async\" src=\"http:\/\/www.apucarana.pr.gov.br\/site\/wp-content\/plugins\/masterslider\/public\/assets\/css\/blank.gif\" alt=\"S\u00cdNDROME DE DOWN 4\" title=\"S\u00cdNDROME DE DOWN 4\" data-src=\"http:\/\/www.apucarana.pr.gov.br\/site\/wp-content\/uploads\/2023\/03\/SINDROME-DE-DOWN-4.jpg\" \/>\n\t<a href=\"http:\/\/www.apucarana.pr.gov.br\/site\/wp-content\/uploads\/2023\/03\/SINDROME-DE-DOWN-4.jpg\" target=\"_self\"    >S\u00cdNDROME DE DOWN 4<\/a>\n\n\n\t<img decoding=\"async\" class=\"ms-thumb\" src=\"http:\/\/www.apucarana.pr.gov.br\/site\/wp-content\/uploads\/2023\/03\/SINDROME-DE-DOWN-4-140x80.jpg\" alt=\"S\u00cdNDROME DE DOWN 4\" \/>\n\t\t\t\t<\/div>\n\t\t\t<div  class=\"ms-slide\" data-delay=\"3\"    >\n\t\t\t\t\t<img decoding=\"async\" src=\"http:\/\/www.apucarana.pr.gov.br\/site\/wp-content\/plugins\/masterslider\/public\/assets\/css\/blank.gif\" alt=\"S\u00cdNDROME DE DOWN 5\" title=\"S\u00cdNDROME DE DOWN 5\" data-src=\"http:\/\/www.apucarana.pr.gov.br\/site\/wp-content\/uploads\/2023\/03\/SINDROME-DE-DOWN-5.jpg\" \/>\n\t<a href=\"http:\/\/www.apucarana.pr.gov.br\/site\/wp-content\/uploads\/2023\/03\/SINDROME-DE-DOWN-5.jpg\" target=\"_self\"    >S\u00cdNDROME DE DOWN 5<\/a>\n\n\n\t<img decoding=\"async\" class=\"ms-thumb\" src=\"http:\/\/www.apucarana.pr.gov.br\/site\/wp-content\/uploads\/2023\/03\/SINDROME-DE-DOWN-5-140x80.jpg\" alt=\"S\u00cdNDROME DE DOWN 5\" \/>\n\t\t\t\t<\/div>\n\t\t\t<div  class=\"ms-slide\" data-delay=\"3\"    >\n\t\t\t\t\t<img decoding=\"async\" src=\"http:\/\/www.apucarana.pr.gov.br\/site\/wp-content\/plugins\/masterslider\/public\/assets\/css\/blank.gif\" alt=\"S\u00cdNDROME DE DOWN 6\" title=\"S\u00cdNDROME DE DOWN 6\" data-src=\"http:\/\/www.apucarana.pr.gov.br\/site\/wp-content\/uploads\/2023\/03\/SINDROME-DE-DOWN-6.jpg\" \/>\n\t<a href=\"http:\/\/www.apucarana.pr.gov.br\/site\/wp-content\/uploads\/2023\/03\/SINDROME-DE-DOWN-6.jpg\" target=\"_self\"    >S\u00cdNDROME DE DOWN 6<\/a>\n\n\n\t<img decoding=\"async\" class=\"ms-thumb\" src=\"http:\/\/www.apucarana.pr.gov.br\/site\/wp-content\/uploads\/2023\/03\/SINDROME-DE-DOWN-6-140x80.jpg\" alt=\"S\u00cdNDROME DE DOWN 6\" \/>\n\t\t\t\t<\/div>\n\t\t\t<div  class=\"ms-slide\" data-delay=\"3\"    >\n\t\t\t\t\t<img decoding=\"async\" src=\"http:\/\/www.apucarana.pr.gov.br\/site\/wp-content\/plugins\/masterslider\/public\/assets\/css\/blank.gif\" alt=\"S\u00cdNDROME DE DOWN 7\" title=\"S\u00cdNDROME DE DOWN 7\" data-src=\"http:\/\/www.apucarana.pr.gov.br\/site\/wp-content\/uploads\/2023\/03\/SINDROME-DE-DOWN-7.jpg\" \/>\n\t<a href=\"http:\/\/www.apucarana.pr.gov.br\/site\/wp-content\/uploads\/2023\/03\/SINDROME-DE-DOWN-7.jpg\" target=\"_self\"    >S\u00cdNDROME DE DOWN 7<\/a>\n\n\n\t<img decoding=\"async\" class=\"ms-thumb\" src=\"http:\/\/www.apucarana.pr.gov.br\/site\/wp-content\/uploads\/2023\/03\/SINDROME-DE-DOWN-7-140x80.jpg\" alt=\"S\u00cdNDROME DE DOWN 7\" \/>\n\t\t\t\t<\/div>\n\t\t\t<div  class=\"ms-slide\" data-delay=\"3\"    >\n\t\t\t\t\t<img decoding=\"async\" src=\"http:\/\/www.apucarana.pr.gov.br\/site\/wp-content\/plugins\/masterslider\/public\/assets\/css\/blank.gif\" alt=\"S\u00cdNDROME DE DOWN 8\" title=\"S\u00cdNDROME DE DOWN 8\" data-src=\"http:\/\/www.apucarana.pr.gov.br\/site\/wp-content\/uploads\/2023\/03\/SINDROME-DE-DOWN-8-768x1024.jpg\" \/>\n\t<a href=\"http:\/\/www.apucarana.pr.gov.br\/site\/wp-content\/uploads\/2023\/03\/SINDROME-DE-DOWN-8-768x1024.jpg\" target=\"_self\"    >S\u00cdNDROME DE DOWN 8<\/a>\n\n\n\t<img decoding=\"async\" class=\"ms-thumb\" src=\"http:\/\/www.apucarana.pr.gov.br\/site\/wp-content\/uploads\/2023\/03\/SINDROME-DE-DOWN-8-768x1024-140x80.jpg\" alt=\"S\u00cdNDROME DE DOWN 8\" \/>\n\t\t\t\t<\/div>\n\t\t\t<div  class=\"ms-slide\" data-delay=\"3\"    >\n\t\t\t\t\t<img decoding=\"async\" src=\"http:\/\/www.apucarana.pr.gov.br\/site\/wp-content\/plugins\/masterslider\/public\/assets\/css\/blank.gif\" alt=\"S\u00cdNDROME DE DOWN 9\" title=\"S\u00cdNDROME DE DOWN 9\" data-src=\"http:\/\/www.apucarana.pr.gov.br\/site\/wp-content\/uploads\/2023\/03\/SINDROME-DE-DOWN-9.jpg\" \/>\n\t<a href=\"http:\/\/www.apucarana.pr.gov.br\/site\/wp-content\/uploads\/2023\/03\/SINDROME-DE-DOWN-9.jpg\" target=\"_self\"    >S\u00cdNDROME DE DOWN 9<\/a>\n\n\n\t<img decoding=\"async\" class=\"ms-thumb\" src=\"http:\/\/www.apucarana.pr.gov.br\/site\/wp-content\/uploads\/2023\/03\/SINDROME-DE-DOWN-9-140x80.jpg\" alt=\"S\u00cdNDROME DE DOWN 9\" \/>\n\t\t\t\t<\/div>\n\t\t\t<div  class=\"ms-slide\" data-delay=\"3\"    >\n\t\t\t\t\t<img decoding=\"async\" src=\"http:\/\/www.apucarana.pr.gov.br\/site\/wp-content\/plugins\/masterslider\/public\/assets\/css\/blank.gif\" alt=\"S\u00cdNDROME DE DOWN 10\" title=\"S\u00cdNDROME DE DOWN 10\" data-src=\"http:\/\/www.apucarana.pr.gov.br\/site\/wp-content\/uploads\/2023\/03\/SINDROME-DE-DOWN-10-668x1024.jpg\" \/>\n\t<a href=\"http:\/\/www.apucarana.pr.gov.br\/site\/wp-content\/uploads\/2023\/03\/SINDROME-DE-DOWN-10-668x1024.jpg\" target=\"_self\"    >S\u00cdNDROME DE DOWN 10<\/a>\n\n\n\t<img decoding=\"async\" class=\"ms-thumb\" src=\"http:\/\/www.apucarana.pr.gov.br\/site\/wp-content\/uploads\/2023\/03\/SINDROME-DE-DOWN-10-668x1024-140x80.jpg\" alt=\"S\u00cdNDROME DE DOWN 10\" \/>\n\t\t\t\t<\/div>\n\t\t\t<div  class=\"ms-slide\" data-delay=\"3\"    >\n\t\t\t\t\t<img decoding=\"async\" src=\"http:\/\/www.apucarana.pr.gov.br\/site\/wp-content\/plugins\/masterslider\/public\/assets\/css\/blank.gif\" alt=\"S\u00cdNDROME DE DOWN 11\" title=\"S\u00cdNDROME DE DOWN 11\" data-src=\"http:\/\/www.apucarana.pr.gov.br\/site\/wp-content\/uploads\/2023\/03\/SINDROME-DE-DOWN-11-768x1024.jpg\" \/>\n\t<a href=\"http:\/\/www.apucarana.pr.gov.br\/site\/wp-content\/uploads\/2023\/03\/SINDROME-DE-DOWN-11-768x1024.jpg\" target=\"_self\"    >S\u00cdNDROME DE DOWN 11<\/a>\n\n\n\t<img decoding=\"async\" class=\"ms-thumb\" src=\"http:\/\/www.apucarana.pr.gov.br\/site\/wp-content\/uploads\/2023\/03\/SINDROME-DE-DOWN-11-768x1024-140x80.jpg\" alt=\"S\u00cdNDROME DE DOWN 11\" \/>\n\t\t\t\t<\/div>\n\n\t\t\t<\/div>\n\t\t\t<!-- END MasterSlider Main -->\n\n\t\t\t \n\t\t<\/div>\n\t\t<!-- END MasterSlider -->\n\n\t\t<script>\n\t\t( window.MSReady = window.MSReady || [] ).push( function( $ ) {\n\n\t\t\t\"use strict\";\n\t\t\tvar masterslider_b904 = new MasterSlider();\n\n\t\t\t\/\/ slider controls\n\t\t\tmasterslider_b904.control('arrows'     ,{ autohide:true, overVideo:true  });\n\t\t\tmasterslider_b904.control('thumblist'  ,{ autohide:false, overVideo:true, dir:'h', speed:17, inset:false, arrows:false, hover:false, customClass:'', align:'bottom',type:'thumbs', margin:2, width:140, height:80, space:2, fillMode:'fill'  });\n\t\t\t\/\/ slider setup\n\t\t\tmasterslider_b904.setup(\"MS69f4ec628b904\", {\n\t\t\t\twidth           : 960,\n\t\t\t\theight          : 540,\n\t\t\t\tminHeight       : 0,\n\t\t\t\tspace           : 0,\n\t\t\t\tstart           : 1,\n\t\t\t\tgrabCursor      : true,\n\t\t\t\tswipe           : true,\n\t\t\t\tmouse           : true,\n\t\t\t\tkeyboard        : false,\n\t\t\t\tlayout          : \"fillwidth\",\n\t\t\t\twheel           : false,\n\t\t\t\tautoplay        : true,\n                instantStartLayers:false,\n\t\t\t\tmobileBGVideo:false,\n\t\t\t\tloop            : true,\n\t\t\t\tshuffle         : false,\n\t\t\t\tpreload         : 3,\n\t\t\t\theightLimit     : false,\n\t\t\t\tautoHeight      : false,\n\t\t\t\tsmoothHeight    : true,\n\t\t\t\tendPause        : false,\n\t\t\t\toverPause       : false,\n\t\t\t\tfillMode        : \"fill\",\n\t\t\t\tcenterControls  : true,\n\t\t\t\tstartOnAppear   : false,\n\t\t\t\tlayersMode      : \"center\",\n\t\t\t\tautofillTarget  : \"\",\n\t\t\t\thideLayers      : false,\n\t\t\t\tfullscreenMargin: 0,\n\t\t\t\tspeed           : 17,\n\t\t\t\tdir             : \"h\",\n\t\t\t\tresponsive      : true,\n\t\t\t\ttabletWidth     : 768,\n\t\t\t\ttabletHeight    : null,\n\t\t\t\tphoneWidth      : 480,\n\t\t\t\tphoneHeight    : null,\n\t\t\t\tsizingReference : window,\n\t\t\t\tparallaxMode    : 'swipe',\n\t\t\t\tview            : \"basic\"\n\t\t\t});\n\n\t\t\t\n\t\t\twindow.masterslider_instances = window.masterslider_instances || [];\n\t\t\twindow.masterslider_instances.push( masterslider_b904 );\n\t\t});\n\t\t<\/script>\n\n\n<p>Nesta ter\u00e7a-feira, 21 de mar\u00e7o, celebra-se o Dia Internacional da S\u00edndrome de Down. A data foi criada para conscientizar a popula\u00e7\u00e3o e quebrar o estigma social acerca desta condi\u00e7\u00e3o gen\u00e9tica, que afeta aproximadamente 300 mil brasileiros. Em Apucarana, a Autarquia Municipal de Educa\u00e7\u00e3o oferece atendimento especializado a nove estudantes diagnosticados com a s\u00edndrome.<\/p>\n<p>\u201cAs crian\u00e7as com S\u00edndrome de Down t\u00eam algumas caracter\u00edsticas que as diferenciam das demais, como olhos amendoados, baixo t\u00f4nus muscular e m\u00e3os e p\u00e9s menores. Elas tamb\u00e9m podem ter um desenvolvimento f\u00edsico e intelectual um pouco mais lento, por\u00e9m s\u00e3o perfeitamente capazes de aprender e de se adaptar \u00e0 vida em sociedade. Basta que recebam os est\u00edmulos adequados,\u201d disse o prefeito Junior da Femac.<\/p>\n<p>A secret\u00e1ria Marli Fernandes destaca que, na rede municipal de Apucarana, os estudantes com S\u00edndrome de Down recebem todo o suporte de que necessitam para o seu progresso. \u201cEles frequentam classes especiais e salas de recursos multifuncionais nas escolas e tamb\u00e9m s\u00e3o acompanhados pelos especialistas do nosso Centro de Apoio Multiprofissional ao Escolar (CAME),\u201d detalhou.<\/p>\n<p>\u201cComo os estudantes com S\u00edndrome de Down aprendem com mais facilidade por meio dos est\u00edmulos visuais, n\u00f3s orientamos os professores a adaptarem as aulas e a utilizarem materiais concretos no desenvolvimento de atividades, conceitos e ideias. Sempre que poss\u00edvel, deve-se relacionar os conte\u00fados \u00e0s experi\u00eancias do dia a dia da crian\u00e7a. Todo esse trabalho \u00e9 registrado atrav\u00e9s do Plano Educacional Individualizado e de um portf\u00f3lio para arquivo,\u201d acrescentou a diretora do CAME, L\u00e9ia Sofia Viale.<\/p>\n<p>Conforme o vice-prefeito Paulo Vital, a inclus\u00e3o das crian\u00e7as com necessidades especiais nos CMEIs e Escolas \u00e9 prioridade na atual gest\u00e3o. \u201cO nosso lema \u00e9 \u2018ningu\u00e9m fica para tr\u00e1s\u2019. Afinal, um munic\u00edpio s\u00f3 se torna um lugar bom para se viver quando inclui a todos. Por isso, n\u00f3s tamb\u00e9m implantamos o ensino da L\u00edngua Brasileira de Sinais (Libras) no curr\u00edculo da rede municipal de ensino a partir do ano passado, para todas as turmas do 1\u00ba ao 5\u00ba ano do Ensino Fundamental,\u201d finalizou.<\/p>\n","protected":false},"excerpt":{"rendered":"<p>Nesta ter&ccedil;a-feira, 21 de mar&ccedil;o, celebra-se o Dia Internacional da S&iacute;ndrome de Down. A data foi criada para conscientizar a popula&ccedil;&atilde;o e quebrar o estigma social acerca desta condi&ccedil;&atilde;o gen&eacute;tica, que afeta aproximadamente 300 mil brasileiros. Em Apucarana, a Autarquia Municipal de Educa&ccedil;&atilde;o oferece atendimento especializado a nove estudantes diagnosticados com a s&iacute;ndrome. &ldquo;As crian&ccedil;as [&hellip;]<\/p>\n","protected":false},"author":8,"featured_media":78586,"comment_status":"closed","ping_status":"closed","sticky":false,"template":"","format":"standard","meta":{"footnotes":""},"categories":[24],"tags":[53,204,206,205,45,39,46],"class_list":["post-78577","post","type-post","status-publish","format-standard","has-post-thumbnail","hentry","category-noticias","tag-educacao","tag-educacao-inclusiva","tag-esperanca-e-trabalho","tag-fe","tag-inclusao","tag-prefeitura-de-apucarana","tag-sindrome-de-down"],"acf":[],"_links":{"self":[{"href":"http:\/\/www.apucarana.pr.gov.br\/site\/wp-json\/wp\/v2\/posts\/78577","targetHints":{"allow":["GET"]}}],"collection":[{"href":"http:\/\/www.apucarana.pr.gov.br\/site\/wp-json\/wp\/v2\/posts"}],"about":[{"href":"http:\/\/www.apucarana.pr.gov.br\/site\/wp-json\/wp\/v2\/types\/post"}],"author":[{"embeddable":true,"href":"http:\/\/www.apucarana.pr.gov.br\/site\/wp-json\/wp\/v2\/users\/8"}],"replies":[{"embeddable":true,"href":"http:\/\/www.apucarana.pr.gov.br\/site\/wp-json\/wp\/v2\/comments?post=78577"}],"version-history":[{"count":2,"href":"http:\/\/www.apucarana.pr.gov.br\/site\/wp-json\/wp\/v2\/posts\/78577\/revisions"}],"predecessor-version":[{"id":78590,"href":"http:\/\/www.apucarana.pr.gov.br\/site\/wp-json\/wp\/v2\/posts\/78577\/revisions\/78590"}],"wp:featuredmedia":[{"embeddable":true,"href":"http:\/\/www.apucarana.pr.gov.br\/site\/wp-json\/wp\/v2\/media\/78586"}],"wp:attachment":[{"href":"http:\/\/www.apucarana.pr.gov.br\/site\/wp-json\/wp\/v2\/media?parent=78577"}],"wp:term":[{"taxonomy":"category","embeddable":true,"href":"http:\/\/www.apucarana.pr.gov.br\/site\/wp-json\/wp\/v2\/categories?post=78577"},{"taxonomy":"post_tag","embeddable":true,"href":"http:\/\/www.apucarana.pr.gov.br\/site\/wp-json\/wp\/v2\/tags?post=78577"}],"curies":[{"name":"wp","href":"https:\/\/api.w.org\/{rel}","templated":true}]}}