{"id":78464,"date":"2023-03-17T20:15:56","date_gmt":"2023-03-17T23:15:56","guid":{"rendered":"http:\/\/www.apucarana.pr.gov.br\/site\/?p=78464"},"modified":"2024-10-08T09:29:08","modified_gmt":"2024-10-08T12:29:08","slug":"evento-tarde-delas-e-realizado-como-sucesso-no-centro-da-juventude","status":"publish","type":"post","link":"http:\/\/www.apucarana.pr.gov.br\/site\/evento-tarde-delas-e-realizado-como-sucesso-no-centro-da-juventude\/","title":{"rendered":"Evento \u201cTarde D\u2019Elas\u201d \u00e9 realizado como sucesso no Centro da Juventude"},"content":{"rendered":"\n\t\t<!-- MasterSlider -->\n\t\t<div id=\"P_MS69f1186b26091\" class=\"master-slider-parent master-slider-gallery   ms-parent-id-0\" style=\"\" >\n\n\t\t\t\n\t\t\t<!-- MasterSlider Main -->\n\t\t\t<div id=\"MS69f1186b26091\" class=\"master-slider ms-skin-default\" >\n\t\t\t\t \t\t\t\t \n\t\t\t<div  class=\"ms-slide\" data-delay=\"3\"    >\n\t\t\t\t\t<img decoding=\"async\" src=\"http:\/\/www.apucarana.pr.gov.br\/site\/wp-content\/plugins\/masterslider\/public\/assets\/css\/blank.gif\" alt=\"WhatsApp Image 2023-03-17 at 19.57.41\" title=\"WhatsApp Image 2023-03-17 at 19.57.41\" data-src=\"http:\/\/www.apucarana.pr.gov.br\/site\/wp-content\/uploads\/2023\/03\/WhatsApp-Image-2023-03-17-at-19.57.41-1-1024x768.jpeg\" \/>\n\t<a href=\"http:\/\/www.apucarana.pr.gov.br\/site\/wp-content\/uploads\/2023\/03\/WhatsApp-Image-2023-03-17-at-19.57.41-1-1024x768.jpeg\" target=\"_self\"    >WhatsApp Image 2023-03-17 at 19.57.41<\/a>\n\n\n\t<img decoding=\"async\" class=\"ms-thumb\" src=\"http:\/\/www.apucarana.pr.gov.br\/site\/wp-content\/uploads\/2023\/03\/WhatsApp-Image-2023-03-17-at-19.57.41-1-1024x768-140x80.jpeg\" alt=\"WhatsApp Image 2023-03-17 at 19.57.41\" \/>\n\t\t\t\t<\/div>\n\t\t\t<div  class=\"ms-slide\" data-delay=\"3\"    >\n\t\t\t\t\t<img decoding=\"async\" src=\"http:\/\/www.apucarana.pr.gov.br\/site\/wp-content\/plugins\/masterslider\/public\/assets\/css\/blank.gif\" alt=\"WhatsApp Image 2023-03-17 at 19.58.04\" title=\"WhatsApp Image 2023-03-17 at 19.58.04\" data-src=\"http:\/\/www.apucarana.pr.gov.br\/site\/wp-content\/uploads\/2023\/03\/WhatsApp-Image-2023-03-17-at-19.58.04-1024x768.jpeg\" \/>\n\t<a href=\"http:\/\/www.apucarana.pr.gov.br\/site\/wp-content\/uploads\/2023\/03\/WhatsApp-Image-2023-03-17-at-19.58.04-1024x768.jpeg\" target=\"_self\"    >WhatsApp Image 2023-03-17 at 19.58.04<\/a>\n\n\n\t<img decoding=\"async\" class=\"ms-thumb\" src=\"http:\/\/www.apucarana.pr.gov.br\/site\/wp-content\/uploads\/2023\/03\/WhatsApp-Image-2023-03-17-at-19.58.04-1024x768-140x80.jpeg\" alt=\"WhatsApp Image 2023-03-17 at 19.58.04\" \/>\n\t\t\t\t<\/div>\n\t\t\t<div  class=\"ms-slide\" data-delay=\"3\"    >\n\t\t\t\t\t<img decoding=\"async\" src=\"http:\/\/www.apucarana.pr.gov.br\/site\/wp-content\/plugins\/masterslider\/public\/assets\/css\/blank.gif\" alt=\"WhatsApp Image 2023-03-17 at 19.58.27\" title=\"WhatsApp Image 2023-03-17 at 19.58.27\" data-src=\"http:\/\/www.apucarana.pr.gov.br\/site\/wp-content\/uploads\/2023\/03\/WhatsApp-Image-2023-03-17-at-19.58.27-1024x768.jpeg\" \/>\n\t<a href=\"http:\/\/www.apucarana.pr.gov.br\/site\/wp-content\/uploads\/2023\/03\/WhatsApp-Image-2023-03-17-at-19.58.27-1024x768.jpeg\" target=\"_self\"    >WhatsApp Image 2023-03-17 at 19.58.27<\/a>\n\n\n\t<img decoding=\"async\" class=\"ms-thumb\" src=\"http:\/\/www.apucarana.pr.gov.br\/site\/wp-content\/uploads\/2023\/03\/WhatsApp-Image-2023-03-17-at-19.58.27-1024x768-140x80.jpeg\" alt=\"WhatsApp Image 2023-03-17 at 19.58.27\" \/>\n\t\t\t\t<\/div>\n\t\t\t<div  class=\"ms-slide\" data-delay=\"3\"    >\n\t\t\t\t\t<img decoding=\"async\" src=\"http:\/\/www.apucarana.pr.gov.br\/site\/wp-content\/plugins\/masterslider\/public\/assets\/css\/blank.gif\" alt=\"WhatsApp Image 2023-03-17 at 19.58.41\" title=\"WhatsApp Image 2023-03-17 at 19.58.41\" data-src=\"http:\/\/www.apucarana.pr.gov.br\/site\/wp-content\/uploads\/2023\/03\/WhatsApp-Image-2023-03-17-at-19.58.41-1024x768.jpeg\" \/>\n\t<a href=\"http:\/\/www.apucarana.pr.gov.br\/site\/wp-content\/uploads\/2023\/03\/WhatsApp-Image-2023-03-17-at-19.58.41-1024x768.jpeg\" target=\"_self\"    >WhatsApp Image 2023-03-17 at 19.58.41<\/a>\n\n\n\t<img decoding=\"async\" class=\"ms-thumb\" src=\"http:\/\/www.apucarana.pr.gov.br\/site\/wp-content\/uploads\/2023\/03\/WhatsApp-Image-2023-03-17-at-19.58.41-1024x768-140x80.jpeg\" alt=\"WhatsApp Image 2023-03-17 at 19.58.41\" \/>\n\t\t\t\t<\/div>\n\t\t\t<div  class=\"ms-slide\" data-delay=\"3\"    >\n\t\t\t\t\t<img decoding=\"async\" src=\"http:\/\/www.apucarana.pr.gov.br\/site\/wp-content\/plugins\/masterslider\/public\/assets\/css\/blank.gif\" alt=\"WhatsApp Image 2023-03-17 at 19.59.10\" title=\"WhatsApp Image 2023-03-17 at 19.59.10\" data-src=\"http:\/\/www.apucarana.pr.gov.br\/site\/wp-content\/uploads\/2023\/03\/WhatsApp-Image-2023-03-17-at-19.59.10-1024x768.jpeg\" \/>\n\t<a href=\"http:\/\/www.apucarana.pr.gov.br\/site\/wp-content\/uploads\/2023\/03\/WhatsApp-Image-2023-03-17-at-19.59.10-1024x768.jpeg\" target=\"_self\"    >WhatsApp Image 2023-03-17 at 19.59.10<\/a>\n\n\n\t<img decoding=\"async\" class=\"ms-thumb\" src=\"http:\/\/www.apucarana.pr.gov.br\/site\/wp-content\/uploads\/2023\/03\/WhatsApp-Image-2023-03-17-at-19.59.10-1024x768-140x80.jpeg\" alt=\"WhatsApp Image 2023-03-17 at 19.59.10\" \/>\n\t\t\t\t<\/div>\n\t\t\t<div  class=\"ms-slide\" data-delay=\"3\"    >\n\t\t\t\t\t<img decoding=\"async\" src=\"http:\/\/www.apucarana.pr.gov.br\/site\/wp-content\/plugins\/masterslider\/public\/assets\/css\/blank.gif\" alt=\"WhatsApp Image 2023-03-17 at 19.59.29\" title=\"WhatsApp Image 2023-03-17 at 19.59.29\" data-src=\"http:\/\/www.apucarana.pr.gov.br\/site\/wp-content\/uploads\/2023\/03\/WhatsApp-Image-2023-03-17-at-19.59.29-1024x768.jpeg\" \/>\n\t<a href=\"http:\/\/www.apucarana.pr.gov.br\/site\/wp-content\/uploads\/2023\/03\/WhatsApp-Image-2023-03-17-at-19.59.29-1024x768.jpeg\" target=\"_self\"    >WhatsApp Image 2023-03-17 at 19.59.29<\/a>\n\n\n\t<img decoding=\"async\" class=\"ms-thumb\" src=\"http:\/\/www.apucarana.pr.gov.br\/site\/wp-content\/uploads\/2023\/03\/WhatsApp-Image-2023-03-17-at-19.59.29-1024x768-140x80.jpeg\" alt=\"WhatsApp Image 2023-03-17 at 19.59.29\" \/>\n\t\t\t\t<\/div>\n\t\t\t<div  class=\"ms-slide\" data-delay=\"3\"    >\n\t\t\t\t\t<img decoding=\"async\" src=\"http:\/\/www.apucarana.pr.gov.br\/site\/wp-content\/plugins\/masterslider\/public\/assets\/css\/blank.gif\" alt=\"WhatsApp Image 2023-03-17 at 19.59.52\" title=\"WhatsApp Image 2023-03-17 at 19.59.52\" data-src=\"http:\/\/www.apucarana.pr.gov.br\/site\/wp-content\/uploads\/2023\/03\/WhatsApp-Image-2023-03-17-at-19.59.52-1024x768.jpeg\" \/>\n\t<a href=\"http:\/\/www.apucarana.pr.gov.br\/site\/wp-content\/uploads\/2023\/03\/WhatsApp-Image-2023-03-17-at-19.59.52-1024x768.jpeg\" target=\"_self\"    >WhatsApp Image 2023-03-17 at 19.59.52<\/a>\n\n\n\t<img decoding=\"async\" class=\"ms-thumb\" src=\"http:\/\/www.apucarana.pr.gov.br\/site\/wp-content\/uploads\/2023\/03\/WhatsApp-Image-2023-03-17-at-19.59.52-1024x768-140x80.jpeg\" alt=\"WhatsApp Image 2023-03-17 at 19.59.52\" \/>\n\t\t\t\t<\/div>\n\t\t\t<div  class=\"ms-slide\" data-delay=\"3\"    >\n\t\t\t\t\t<img decoding=\"async\" src=\"http:\/\/www.apucarana.pr.gov.br\/site\/wp-content\/plugins\/masterslider\/public\/assets\/css\/blank.gif\" alt=\"WhatsApp Image 2023-03-17 at 20.00.04\" title=\"WhatsApp Image 2023-03-17 at 20.00.04\" data-src=\"http:\/\/www.apucarana.pr.gov.br\/site\/wp-content\/uploads\/2023\/03\/WhatsApp-Image-2023-03-17-at-20.00.04-1024x768.jpeg\" \/>\n\t<a href=\"http:\/\/www.apucarana.pr.gov.br\/site\/wp-content\/uploads\/2023\/03\/WhatsApp-Image-2023-03-17-at-20.00.04-1024x768.jpeg\" target=\"_self\"    >WhatsApp Image 2023-03-17 at 20.00.04<\/a>\n\n\n\t<img decoding=\"async\" class=\"ms-thumb\" src=\"http:\/\/www.apucarana.pr.gov.br\/site\/wp-content\/uploads\/2023\/03\/WhatsApp-Image-2023-03-17-at-20.00.04-1024x768-140x80.jpeg\" alt=\"WhatsApp Image 2023-03-17 at 20.00.04\" \/>\n\t\t\t\t<\/div>\n\t\t\t<div  class=\"ms-slide\" data-delay=\"3\"    >\n\t\t\t\t\t<img decoding=\"async\" src=\"http:\/\/www.apucarana.pr.gov.br\/site\/wp-content\/plugins\/masterslider\/public\/assets\/css\/blank.gif\" alt=\"WhatsApp Image 2023-03-17 at 20.00.31\" title=\"WhatsApp Image 2023-03-17 at 20.00.31\" data-src=\"http:\/\/www.apucarana.pr.gov.br\/site\/wp-content\/uploads\/2023\/03\/WhatsApp-Image-2023-03-17-at-20.00.31-1024x768.jpeg\" \/>\n\t<a href=\"http:\/\/www.apucarana.pr.gov.br\/site\/wp-content\/uploads\/2023\/03\/WhatsApp-Image-2023-03-17-at-20.00.31-1024x768.jpeg\" target=\"_self\"    >WhatsApp Image 2023-03-17 at 20.00.31<\/a>\n\n\n\t<img decoding=\"async\" class=\"ms-thumb\" src=\"http:\/\/www.apucarana.pr.gov.br\/site\/wp-content\/uploads\/2023\/03\/WhatsApp-Image-2023-03-17-at-20.00.31-1024x768-140x80.jpeg\" alt=\"WhatsApp Image 2023-03-17 at 20.00.31\" \/>\n\t\t\t\t<\/div>\n\t\t\t<div  class=\"ms-slide\" data-delay=\"3\"    >\n\t\t\t\t\t<img decoding=\"async\" src=\"http:\/\/www.apucarana.pr.gov.br\/site\/wp-content\/plugins\/masterslider\/public\/assets\/css\/blank.gif\" alt=\"WhatsApp Image 2023-03-17 at 20.00.45\" title=\"WhatsApp Image 2023-03-17 at 20.00.45\" data-src=\"http:\/\/www.apucarana.pr.gov.br\/site\/wp-content\/uploads\/2023\/03\/WhatsApp-Image-2023-03-17-at-20.00.45-1024x768.jpeg\" \/>\n\t<a href=\"http:\/\/www.apucarana.pr.gov.br\/site\/wp-content\/uploads\/2023\/03\/WhatsApp-Image-2023-03-17-at-20.00.45-1024x768.jpeg\" target=\"_self\"    >WhatsApp Image 2023-03-17 at 20.00.45<\/a>\n\n\n\t<img decoding=\"async\" class=\"ms-thumb\" src=\"http:\/\/www.apucarana.pr.gov.br\/site\/wp-content\/uploads\/2023\/03\/WhatsApp-Image-2023-03-17-at-20.00.45-1024x768-140x80.jpeg\" alt=\"WhatsApp Image 2023-03-17 at 20.00.45\" \/>\n\t\t\t\t<\/div>\n\t\t\t<div  class=\"ms-slide\" data-delay=\"3\"    >\n\t\t\t\t\t<img decoding=\"async\" src=\"http:\/\/www.apucarana.pr.gov.br\/site\/wp-content\/plugins\/masterslider\/public\/assets\/css\/blank.gif\" alt=\"WhatsApp Image 2023-03-17 at 20.01.12\" title=\"WhatsApp Image 2023-03-17 at 20.01.12\" data-src=\"http:\/\/www.apucarana.pr.gov.br\/site\/wp-content\/uploads\/2023\/03\/WhatsApp-Image-2023-03-17-at-20.01.12-1024x554.jpeg\" \/>\n\t<a href=\"http:\/\/www.apucarana.pr.gov.br\/site\/wp-content\/uploads\/2023\/03\/WhatsApp-Image-2023-03-17-at-20.01.12-1024x554.jpeg\" target=\"_self\"    >WhatsApp Image 2023-03-17 at 20.01.12<\/a>\n\n\n\t<img decoding=\"async\" class=\"ms-thumb\" src=\"http:\/\/www.apucarana.pr.gov.br\/site\/wp-content\/uploads\/2023\/03\/WhatsApp-Image-2023-03-17-at-20.01.12-1024x554-140x80.jpeg\" alt=\"WhatsApp Image 2023-03-17 at 20.01.12\" \/>\n\t\t\t\t<\/div>\n\t\t\t<div  class=\"ms-slide\" data-delay=\"3\"    >\n\t\t\t\t\t<img decoding=\"async\" src=\"http:\/\/www.apucarana.pr.gov.br\/site\/wp-content\/plugins\/masterslider\/public\/assets\/css\/blank.gif\" alt=\"WhatsApp Image 2023-03-17 at 20.01.27\" title=\"WhatsApp Image 2023-03-17 at 20.01.27\" data-src=\"http:\/\/www.apucarana.pr.gov.br\/site\/wp-content\/uploads\/2023\/03\/WhatsApp-Image-2023-03-17-at-20.01.27-1024x768.jpeg\" \/>\n\t<a href=\"http:\/\/www.apucarana.pr.gov.br\/site\/wp-content\/uploads\/2023\/03\/WhatsApp-Image-2023-03-17-at-20.01.27-1024x768.jpeg\" target=\"_self\"    >WhatsApp Image 2023-03-17 at 20.01.27<\/a>\n\n\n\t<img decoding=\"async\" class=\"ms-thumb\" src=\"http:\/\/www.apucarana.pr.gov.br\/site\/wp-content\/uploads\/2023\/03\/WhatsApp-Image-2023-03-17-at-20.01.27-1024x768-140x80.jpeg\" alt=\"WhatsApp Image 2023-03-17 at 20.01.27\" \/>\n\t\t\t\t<\/div>\n\n\t\t\t<\/div>\n\t\t\t<!-- END MasterSlider Main -->\n\n\t\t\t \n\t\t<\/div>\n\t\t<!-- END MasterSlider -->\n\n\t\t<script>\n\t\t( window.MSReady = window.MSReady || [] ).push( function( $ ) {\n\n\t\t\t\"use strict\";\n\t\t\tvar masterslider_6091 = new MasterSlider();\n\n\t\t\t\/\/ slider controls\n\t\t\tmasterslider_6091.control('arrows'     ,{ autohide:true, overVideo:true  });\n\t\t\tmasterslider_6091.control('thumblist'  ,{ autohide:false, overVideo:true, dir:'h', speed:17, inset:false, arrows:false, hover:false, customClass:'', align:'bottom',type:'thumbs', margin:2, width:140, height:80, space:2, fillMode:'fill'  });\n\t\t\t\/\/ slider setup\n\t\t\tmasterslider_6091.setup(\"MS69f1186b26091\", {\n\t\t\t\twidth           : 960,\n\t\t\t\theight          : 540,\n\t\t\t\tminHeight       : 0,\n\t\t\t\tspace           : 0,\n\t\t\t\tstart           : 1,\n\t\t\t\tgrabCursor      : true,\n\t\t\t\tswipe           : true,\n\t\t\t\tmouse           : true,\n\t\t\t\tkeyboard        : false,\n\t\t\t\tlayout          : \"fillwidth\",\n\t\t\t\twheel           : false,\n\t\t\t\tautoplay        : true,\n                instantStartLayers:false,\n\t\t\t\tmobileBGVideo:false,\n\t\t\t\tloop            : true,\n\t\t\t\tshuffle         : false,\n\t\t\t\tpreload         : 3,\n\t\t\t\theightLimit     : false,\n\t\t\t\tautoHeight      : false,\n\t\t\t\tsmoothHeight    : true,\n\t\t\t\tendPause        : false,\n\t\t\t\toverPause       : false,\n\t\t\t\tfillMode        : \"fill\",\n\t\t\t\tcenterControls  : true,\n\t\t\t\tstartOnAppear   : false,\n\t\t\t\tlayersMode      : \"center\",\n\t\t\t\tautofillTarget  : \"\",\n\t\t\t\thideLayers      : false,\n\t\t\t\tfullscreenMargin: 0,\n\t\t\t\tspeed           : 17,\n\t\t\t\tdir             : \"h\",\n\t\t\t\tresponsive      : true,\n\t\t\t\ttabletWidth     : 768,\n\t\t\t\ttabletHeight    : null,\n\t\t\t\tphoneWidth      : 480,\n\t\t\t\tphoneHeight    : null,\n\t\t\t\tsizingReference : window,\n\t\t\t\tparallaxMode    : 'swipe',\n\t\t\t\tview            : \"basic\"\n\t\t\t});\n\n\t\t\t\n\t\t\twindow.masterslider_instances = window.masterslider_instances || [];\n\t\t\twindow.masterslider_instances.push( masterslider_6091 );\n\t\t});\n\t\t<\/script>\n\n\n<p>No m\u00eas internacional da mulher, a Prefeitura de Apucarana, por meio das secretarias municipais de Esportes, Assist\u00eancia Social, Sa\u00fade e da Mulher e Assuntos da Fam\u00edlia, realizou com sucesso v\u00e1rias atividades nessa sexta-feira (17\/03) no Centro da Juventude Alex Mazaron (Ceja), com o evento denominado \u201cTarde D\u2019Elas\u201d. Por quatro horas, mulheres de diversas regi\u00f5es da cidade participaram de atividades f\u00edsicas, de beleza e de sa\u00fade.<\/p>\n<p>Estiveram presentes o professor Jos\u00e9 Marcelino da Silva, o Grillo, secret\u00e1rio de Esportes, a secret\u00e1ria de Assist\u00eancia Social, Jossuela Pirelli, a superintendente da secretaria da Mulher e Assuntos da Fam\u00edlia, Bete Berton, que representou a secret\u00e1ria da pasta, Denise Canesin, a enfermeira Karina Ferreira, da Secretaria de Sa\u00fade e o pastor Jairo Gomes, da Igreja Batista Memorial.<\/p>\n<p>\u201cFoi uma bela tarde que teve como objetivo principal a confraterniza\u00e7\u00e3o entre as mulheres que ficaram felizes e satisfeitas com o evento realizado em homenagem a elas, passando no Centro da Juventude por momentos de descontra\u00e7\u00e3o, anima\u00e7\u00e3o, de cuidados com a sa\u00fade e a beleza. A atividade contou com total apoio do prefeito Junior da Femac e do vice-prefeito Paulo Vital\u201d, destacou o professor Grillo.<\/p>\n<p>\u201cFoi uma tarde festiva, muito proveitosa e significativa, agradecendo a todas as mulheres que estiveram participando do nosso evento e parabenizando a todos que ajudaram na organiza\u00e7\u00e3o e na coordena\u00e7\u00e3o das atividades\u201d, frisou Jossuela, que foi homenageada ao final do evento.<\/p>\n<p>Durante a programa\u00e7\u00e3o as mulheres participaram de atividades de gin\u00e1stica e de dan\u00e7a na quadra de esportes do Ceja, com os professores Anderson Crizol e Paloma Ara\u00fajo. Na parte de beleza, elas fizeram esmalta\u00e7\u00e3o, maquiagem e corre\u00e7\u00e3o de sobrancelhas, enquanto na sa\u00fade aferiram a press\u00e3o arterial, mediram a glicemia, realizaram teste de vis\u00e3o, tamb\u00e9m fazendo avalia\u00e7\u00e3o odontol\u00f3gica e de fisioterapia.<\/p>\n<p>No encerramento do evento, a secret\u00e1ria Jossuela, a professora Marta Ferreira Valentim e a servidora municipal Jeane Carvalho foram homenageadas pelo trabalho que realizam recebendo flores dos organizadores. \u201cS\u00e3o mulheres que s\u00e3o exemplo, de for\u00e7a e dedica\u00e7\u00e3o e, que nos inspiram a cada dia\u201d, parabenizou o professor Grillo. Na sequ\u00eancia as mulheres participaram de um lanche comunit\u00e1rio e ganharam lembran\u00e7as dos organizadores. O evento tamb\u00e9m contou com apoio dos acad\u00eamicos de fisioterapia da Faculdade de Apucarana (FAP).<\/p>\n<p>Dentro da programa\u00e7\u00e3o do m\u00eas internacional da mulher em Apucarana, das 13 \u00e0s 17 horas neste s\u00e1bado (18\/03), haver\u00e1 o evento \u201cA\u00e7\u00e3o no Bairro Dia da Mulher\u201d, que acontecer\u00e1 no Residencial Fariz Gebrim.<\/p>\n<p><strong>\u00a0<\/strong><\/p>\n","protected":false},"excerpt":{"rendered":"<p>No m&ecirc;s internacional da mulher, a Prefeitura de Apucarana, por meio das secretarias municipais de Esportes, Assist&ecirc;ncia Social, Sa&uacute;de e da Mulher e Assuntos da Fam&iacute;lia, realizou com sucesso v&aacute;rias atividades nessa sexta-feira (17\/03) no Centro da Juventude Alex Mazaron (Ceja), com o evento denominado &ldquo;Tarde D&rsquo;Elas&rdquo;. Por quatro horas, mulheres de diversas regi&otilde;es da [&hellip;]<\/p>\n","protected":false},"author":12,"featured_media":78465,"comment_status":"closed","ping_status":"closed","sticky":false,"template":"","format":"standard","meta":{"footnotes":""},"categories":[24],"tags":[],"class_list":["post-78464","post","type-post","status-publish","format-standard","has-post-thumbnail","hentry","category-noticias"],"acf":[],"_links":{"self":[{"href":"http:\/\/www.apucarana.pr.gov.br\/site\/wp-json\/wp\/v2\/posts\/78464","targetHints":{"allow":["GET"]}}],"collection":[{"href":"http:\/\/www.apucarana.pr.gov.br\/site\/wp-json\/wp\/v2\/posts"}],"about":[{"href":"http:\/\/www.apucarana.pr.gov.br\/site\/wp-json\/wp\/v2\/types\/post"}],"author":[{"embeddable":true,"href":"http:\/\/www.apucarana.pr.gov.br\/site\/wp-json\/wp\/v2\/users\/12"}],"replies":[{"embeddable":true,"href":"http:\/\/www.apucarana.pr.gov.br\/site\/wp-json\/wp\/v2\/comments?post=78464"}],"version-history":[{"count":1,"href":"http:\/\/www.apucarana.pr.gov.br\/site\/wp-json\/wp\/v2\/posts\/78464\/revisions"}],"predecessor-version":[{"id":78478,"href":"http:\/\/www.apucarana.pr.gov.br\/site\/wp-json\/wp\/v2\/posts\/78464\/revisions\/78478"}],"wp:featuredmedia":[{"embeddable":true,"href":"http:\/\/www.apucarana.pr.gov.br\/site\/wp-json\/wp\/v2\/media\/78465"}],"wp:attachment":[{"href":"http:\/\/www.apucarana.pr.gov.br\/site\/wp-json\/wp\/v2\/media?parent=78464"}],"wp:term":[{"taxonomy":"category","embeddable":true,"href":"http:\/\/www.apucarana.pr.gov.br\/site\/wp-json\/wp\/v2\/categories?post=78464"},{"taxonomy":"post_tag","embeddable":true,"href":"http:\/\/www.apucarana.pr.gov.br\/site\/wp-json\/wp\/v2\/tags?post=78464"}],"curies":[{"name":"wp","href":"https:\/\/api.w.org\/{rel}","templated":true}]}}