{"id":78458,"date":"2023-03-17T18:47:45","date_gmt":"2023-03-17T21:47:45","guid":{"rendered":"http:\/\/www.apucarana.pr.gov.br\/site\/?p=78458"},"modified":"2024-10-08T09:29:08","modified_gmt":"2024-10-08T12:29:08","slug":"apucarana-contrata-mais-81-professores-e-servidores-para-a-rede-municipal-de-educacao","status":"publish","type":"post","link":"http:\/\/www.apucarana.pr.gov.br\/site\/apucarana-contrata-mais-81-professores-e-servidores-para-a-rede-municipal-de-educacao\/","title":{"rendered":"Apucarana contrata mais 81 professores e servidores para a rede municipal de educa\u00e7\u00e3o"},"content":{"rendered":"\n\t\t<!-- MasterSlider -->\n\t\t<div id=\"P_MS69eddff225cf5\" class=\"master-slider-parent master-slider-gallery   ms-parent-id-0\" style=\"\" >\n\n\t\t\t\n\t\t\t<!-- MasterSlider Main -->\n\t\t\t<div id=\"MS69eddff225cf5\" class=\"master-slider ms-skin-default\" >\n\t\t\t\t \t\t\t\t \n\t\t\t<div  class=\"ms-slide\" data-delay=\"3\"    >\n\t\t\t\t\t<img decoding=\"async\" src=\"http:\/\/www.apucarana.pr.gov.br\/site\/wp-content\/plugins\/masterslider\/public\/assets\/css\/blank.gif\" alt=\"IMG_8690\" title=\"IMG_8690\" data-src=\"http:\/\/www.apucarana.pr.gov.br\/site\/wp-content\/uploads\/2023\/03\/IMG_8690-1024x683.jpg\" \/>\n\t<a href=\"http:\/\/www.apucarana.pr.gov.br\/site\/wp-content\/uploads\/2023\/03\/IMG_8690-1024x683.jpg\" target=\"_self\"    >IMG_8690<\/a>\n\n\n\t<img decoding=\"async\" class=\"ms-thumb\" src=\"http:\/\/www.apucarana.pr.gov.br\/site\/wp-content\/uploads\/2023\/03\/IMG_8690-1024x683-140x80.jpg\" alt=\"IMG_8690\" \/>\n\t\t\t\t<\/div>\n\t\t\t<div  class=\"ms-slide\" data-delay=\"3\"    >\n\t\t\t\t\t<img decoding=\"async\" src=\"http:\/\/www.apucarana.pr.gov.br\/site\/wp-content\/plugins\/masterslider\/public\/assets\/css\/blank.gif\" alt=\"IMG_8693\" title=\"IMG_8693\" data-src=\"http:\/\/www.apucarana.pr.gov.br\/site\/wp-content\/uploads\/2023\/03\/IMG_8693-1024x683.jpg\" \/>\n\t<a href=\"http:\/\/www.apucarana.pr.gov.br\/site\/wp-content\/uploads\/2023\/03\/IMG_8693-1024x683.jpg\" target=\"_self\"    >IMG_8693<\/a>\n\n\n\t<img decoding=\"async\" class=\"ms-thumb\" src=\"http:\/\/www.apucarana.pr.gov.br\/site\/wp-content\/uploads\/2023\/03\/IMG_8693-1024x683-140x80.jpg\" alt=\"IMG_8693\" \/>\n\t\t\t\t<\/div>\n\t\t\t<div  class=\"ms-slide\" data-delay=\"3\"    >\n\t\t\t\t\t<img decoding=\"async\" src=\"http:\/\/www.apucarana.pr.gov.br\/site\/wp-content\/plugins\/masterslider\/public\/assets\/css\/blank.gif\" alt=\"IMG_8712\" title=\"IMG_8712\" data-src=\"http:\/\/www.apucarana.pr.gov.br\/site\/wp-content\/uploads\/2023\/03\/IMG_8712-1024x667.jpg\" \/>\n\t<a href=\"http:\/\/www.apucarana.pr.gov.br\/site\/wp-content\/uploads\/2023\/03\/IMG_8712-1024x667.jpg\" target=\"_self\"    >IMG_8712<\/a>\n\n\n\t<img decoding=\"async\" class=\"ms-thumb\" src=\"http:\/\/www.apucarana.pr.gov.br\/site\/wp-content\/uploads\/2023\/03\/IMG_8712-1024x667-140x80.jpg\" alt=\"IMG_8712\" \/>\n\t\t\t\t<\/div>\n\t\t\t<div  class=\"ms-slide\" data-delay=\"3\"    >\n\t\t\t\t\t<img decoding=\"async\" src=\"http:\/\/www.apucarana.pr.gov.br\/site\/wp-content\/plugins\/masterslider\/public\/assets\/css\/blank.gif\" alt=\"IMG_8725\" title=\"IMG_8725\" data-src=\"http:\/\/www.apucarana.pr.gov.br\/site\/wp-content\/uploads\/2023\/03\/IMG_8725-1024x683.jpg\" \/>\n\t<a href=\"http:\/\/www.apucarana.pr.gov.br\/site\/wp-content\/uploads\/2023\/03\/IMG_8725-1024x683.jpg\" target=\"_self\"    >IMG_8725<\/a>\n\n\n\t<img decoding=\"async\" class=\"ms-thumb\" src=\"http:\/\/www.apucarana.pr.gov.br\/site\/wp-content\/uploads\/2023\/03\/IMG_8725-1024x683-140x80.jpg\" alt=\"IMG_8725\" \/>\n\t\t\t\t<\/div>\n\n\t\t\t<\/div>\n\t\t\t<!-- END MasterSlider Main -->\n\n\t\t\t \n\t\t<\/div>\n\t\t<!-- END MasterSlider -->\n\n\t\t<script>\n\t\t( window.MSReady = window.MSReady || [] ).push( function( $ ) {\n\n\t\t\t\"use strict\";\n\t\t\tvar masterslider_5cf5 = new MasterSlider();\n\n\t\t\t\/\/ slider controls\n\t\t\tmasterslider_5cf5.control('arrows'     ,{ autohide:true, overVideo:true  });\n\t\t\tmasterslider_5cf5.control('thumblist'  ,{ autohide:false, overVideo:true, dir:'h', speed:17, inset:false, arrows:false, hover:false, customClass:'', align:'bottom',type:'thumbs', margin:2, width:140, height:80, space:2, fillMode:'fill'  });\n\t\t\t\/\/ slider setup\n\t\t\tmasterslider_5cf5.setup(\"MS69eddff225cf5\", {\n\t\t\t\twidth           : 960,\n\t\t\t\theight          : 540,\n\t\t\t\tminHeight       : 0,\n\t\t\t\tspace           : 0,\n\t\t\t\tstart           : 1,\n\t\t\t\tgrabCursor      : true,\n\t\t\t\tswipe           : true,\n\t\t\t\tmouse           : true,\n\t\t\t\tkeyboard        : false,\n\t\t\t\tlayout          : \"fillwidth\",\n\t\t\t\twheel           : false,\n\t\t\t\tautoplay        : true,\n                instantStartLayers:false,\n\t\t\t\tmobileBGVideo:false,\n\t\t\t\tloop            : true,\n\t\t\t\tshuffle         : false,\n\t\t\t\tpreload         : 3,\n\t\t\t\theightLimit     : false,\n\t\t\t\tautoHeight      : false,\n\t\t\t\tsmoothHeight    : true,\n\t\t\t\tendPause        : false,\n\t\t\t\toverPause       : false,\n\t\t\t\tfillMode        : \"fill\",\n\t\t\t\tcenterControls  : true,\n\t\t\t\tstartOnAppear   : false,\n\t\t\t\tlayersMode      : \"center\",\n\t\t\t\tautofillTarget  : \"\",\n\t\t\t\thideLayers      : false,\n\t\t\t\tfullscreenMargin: 0,\n\t\t\t\tspeed           : 17,\n\t\t\t\tdir             : \"h\",\n\t\t\t\tresponsive      : true,\n\t\t\t\ttabletWidth     : 768,\n\t\t\t\ttabletHeight    : null,\n\t\t\t\tphoneWidth      : 480,\n\t\t\t\tphoneHeight    : null,\n\t\t\t\tsizingReference : window,\n\t\t\t\tparallaxMode    : 'swipe',\n\t\t\t\tview            : \"basic\"\n\t\t\t});\n\n\t\t\t\n\t\t\twindow.masterslider_instances = window.masterslider_instances || [];\n\t\t\twindow.masterslider_instances.push( masterslider_5cf5 );\n\t\t});\n\t\t<\/script>\n\n\n<p>O prefeito Junior da Femac e a secret\u00e1ria de educa\u00e7\u00e3o Marli Fernandes recepcionaram, no final da tarde de hoje (17\/3), no sal\u00e3o nobre da prefeitura, os 81 profissionais que foram contratados esse ano para refor\u00e7ar as equipes dos 24 centros infantis (CMEIs) e 36 escolas da rede municipal de Apucarana. Todos foram aprovados previamente em concurso p\u00fablico.<\/p>\n<p>Conforme a secret\u00e1ria Marli Fernandes, o grupo de novos profissionais inclui 49 professores, 17 assistentes infantis e 15 assistentes de atendimento. \u201cO munic\u00edpio est\u00e1 crescendo e, consequentemente, o n\u00famero de crian\u00e7as matriculadas na nossa rede tamb\u00e9m. Os novos servidores v\u00eam para garantir o pleno atendimento nos CMEIs e escolas que foram constru\u00eddos, reformados e ampliados. Al\u00e9m disso, eles devem substituir os profissionais que se aposentaram ou, por algum motivo, est\u00e3o afastados do trabalho,\u201d explicou.<\/p>\n<p>No discurso de boas-vindas, o prefeito Junior da Femac pediu o comprometimento e a dedica\u00e7\u00e3o dos novos servidores para que o munic\u00edpio continue proporcionando a melhor educa\u00e7\u00e3o poss\u00edvel \u00e0s suas crian\u00e7as. \u201c\u00c9 importante voc\u00eas compreendam que n\u00f3s estamos confiando o nosso bem mais precioso em suas m\u00e3os. Voc\u00eas ser\u00e3o respons\u00e1veis por formar as futuras gera\u00e7\u00f5es que comandar\u00e3o a cidade. Cada um pode a fazer a diferen\u00e7a no seu local de trabalho. Desejo que tenham muito sucesso nesta jornada,\u201d disse o prefeito.<\/p>\n<p>A secret\u00e1ria Marli Fernandes frisou que a valoriza\u00e7\u00e3o dos profissionais da educa\u00e7\u00e3o \u00e9 prioridade da atual administra\u00e7\u00e3o. \u201cAno ap\u00f3s ano, mesmo com o or\u00e7amento apertado, o prefeito Junior da Femac e o vice Paulo Vital asseguram o pagamento do piso nacional do magist\u00e9rio, fizeram a equipara\u00e7\u00e3o dos sal\u00e1rios dos professores e assistentes infantis e, recentemente, criaram uma gratifica\u00e7\u00e3o para os docentes que atuam no ensino de Educa\u00e7\u00e3o F\u00edsica, Libras (L\u00edngua Brasileira de Sinais), Ingl\u00eas e Espanhol. Tudo isso porque compreendem que o trabalho docente \u00e9 fundamental e deve ser reconhecido,\u201d afirmou.<\/p>\n<p>A Autarquia de Educa\u00e7\u00e3o \u00e9 o maior \u00f3rg\u00e3o da administra\u00e7\u00e3o p\u00fablica municipal, com mais de 1,7 mil servidores. \u201cDesde a retomada das aulas presenciais, ap\u00f3s a pandemia de Covid-19, n\u00f3s j\u00e1 contratamos 327 professores, 124 assistentes infantis e 41 assistentes de atendimento. Para que voc\u00eas tenham ideia, n\u00f3s j\u00e1 convocamos todos os aprovados no \u00faltimo concurso p\u00fablico para o cargo de assistente infantil. A previs\u00e3o \u00e9 que um novo certamente seja aberto ainda em 2023,\u201d acrescentou a secret\u00e1ria.<\/p>\n<p>Durante o ato no sal\u00e3o nobre da prefeitura, os novos profissionais assinaram os seus termos de posse e exerc\u00edcio do cargo. \u201cA partir de agora, voc\u00eas passam a fazer parte do nosso time da Educa\u00e7\u00e3o. Sejam bem-vindos!\u201d, finalizou o prefeito Junior da Femac.<\/p>\n","protected":false},"excerpt":{"rendered":"<p>O prefeito Junior da Femac e a secret&aacute;ria de educa&ccedil;&atilde;o Marli Fernandes recepcionaram, no final da tarde de hoje (17\/3), no sal&atilde;o nobre da prefeitura, os 81 profissionais que foram contratados esse ano para refor&ccedil;ar as equipes dos 24 centros infantis (CMEIs) e 36 escolas da rede municipal de Apucarana. Todos foram aprovados previamente em [&hellip;]<\/p>\n","protected":false},"author":8,"featured_media":78462,"comment_status":"closed","ping_status":"closed","sticky":false,"template":"","format":"standard","meta":{"footnotes":""},"categories":[24],"tags":[],"class_list":["post-78458","post","type-post","status-publish","format-standard","has-post-thumbnail","hentry","category-noticias"],"acf":[],"_links":{"self":[{"href":"http:\/\/www.apucarana.pr.gov.br\/site\/wp-json\/wp\/v2\/posts\/78458","targetHints":{"allow":["GET"]}}],"collection":[{"href":"http:\/\/www.apucarana.pr.gov.br\/site\/wp-json\/wp\/v2\/posts"}],"about":[{"href":"http:\/\/www.apucarana.pr.gov.br\/site\/wp-json\/wp\/v2\/types\/post"}],"author":[{"embeddable":true,"href":"http:\/\/www.apucarana.pr.gov.br\/site\/wp-json\/wp\/v2\/users\/8"}],"replies":[{"embeddable":true,"href":"http:\/\/www.apucarana.pr.gov.br\/site\/wp-json\/wp\/v2\/comments?post=78458"}],"version-history":[{"count":1,"href":"http:\/\/www.apucarana.pr.gov.br\/site\/wp-json\/wp\/v2\/posts\/78458\/revisions"}],"predecessor-version":[{"id":78463,"href":"http:\/\/www.apucarana.pr.gov.br\/site\/wp-json\/wp\/v2\/posts\/78458\/revisions\/78463"}],"wp:featuredmedia":[{"embeddable":true,"href":"http:\/\/www.apucarana.pr.gov.br\/site\/wp-json\/wp\/v2\/media\/78462"}],"wp:attachment":[{"href":"http:\/\/www.apucarana.pr.gov.br\/site\/wp-json\/wp\/v2\/media?parent=78458"}],"wp:term":[{"taxonomy":"category","embeddable":true,"href":"http:\/\/www.apucarana.pr.gov.br\/site\/wp-json\/wp\/v2\/categories?post=78458"},{"taxonomy":"post_tag","embeddable":true,"href":"http:\/\/www.apucarana.pr.gov.br\/site\/wp-json\/wp\/v2\/tags?post=78458"}],"curies":[{"name":"wp","href":"https:\/\/api.w.org\/{rel}","templated":true}]}}