{"id":78418,"date":"2023-03-17T11:28:16","date_gmt":"2023-03-17T14:28:16","guid":{"rendered":"http:\/\/www.apucarana.pr.gov.br\/site\/?p=78418"},"modified":"2024-10-08T09:29:09","modified_gmt":"2024-10-08T12:29:09","slug":"feira-apresenta-a-estudantes-oportunidades-profissionais","status":"publish","type":"post","link":"http:\/\/www.apucarana.pr.gov.br\/site\/feira-apresenta-a-estudantes-oportunidades-profissionais\/","title":{"rendered":"Feira apresenta a estudantes oportunidades profissionais"},"content":{"rendered":"\n\t\t<!-- MasterSlider -->\n\t\t<div id=\"P_MS69f47566920a3\" class=\"master-slider-parent master-slider-gallery   ms-parent-id-0\" style=\"\" >\n\n\t\t\t\n\t\t\t<!-- MasterSlider Main -->\n\t\t\t<div id=\"MS69f47566920a3\" class=\"master-slider ms-skin-default\" >\n\t\t\t\t \t\t\t\t \n\t\t\t<div  class=\"ms-slide\" data-delay=\"3\"    >\n\t\t\t\t\t<img decoding=\"async\" src=\"http:\/\/www.apucarana.pr.gov.br\/site\/wp-content\/plugins\/masterslider\/public\/assets\/css\/blank.gif\" alt=\"FEIRA (3)\" title=\"FEIRA (3)\" data-src=\"http:\/\/www.apucarana.pr.gov.br\/site\/wp-content\/uploads\/2023\/03\/FEIRA-3-2-1024x683.jpg\" \/>\n\t<a href=\"http:\/\/www.apucarana.pr.gov.br\/site\/wp-content\/uploads\/2023\/03\/FEIRA-3-2-1024x683.jpg\" target=\"_self\"    >FEIRA (3)<\/a>\n\n\n\t<img decoding=\"async\" class=\"ms-thumb\" src=\"http:\/\/www.apucarana.pr.gov.br\/site\/wp-content\/uploads\/2023\/03\/FEIRA-3-2-1024x683-140x80.jpg\" alt=\"FEIRA (3)\" \/>\n\t\t\t\t<\/div>\n\t\t\t<div  class=\"ms-slide\" data-delay=\"3\"    >\n\t\t\t\t\t<img decoding=\"async\" src=\"http:\/\/www.apucarana.pr.gov.br\/site\/wp-content\/plugins\/masterslider\/public\/assets\/css\/blank.gif\" alt=\"FEIRA (6)\" title=\"FEIRA (6)\" data-src=\"http:\/\/www.apucarana.pr.gov.br\/site\/wp-content\/uploads\/2023\/03\/FEIRA-6-1024x713.jpg\" \/>\n\t<a href=\"http:\/\/www.apucarana.pr.gov.br\/site\/wp-content\/uploads\/2023\/03\/FEIRA-6-1024x713.jpg\" target=\"_self\"    >FEIRA (6)<\/a>\n\n\n\t<img decoding=\"async\" class=\"ms-thumb\" src=\"http:\/\/www.apucarana.pr.gov.br\/site\/wp-content\/uploads\/2023\/03\/FEIRA-6-1024x713-140x80.jpg\" alt=\"FEIRA (6)\" \/>\n\t\t\t\t<\/div>\n\t\t\t<div  class=\"ms-slide\" data-delay=\"3\"    >\n\t\t\t\t\t<img decoding=\"async\" src=\"http:\/\/www.apucarana.pr.gov.br\/site\/wp-content\/plugins\/masterslider\/public\/assets\/css\/blank.gif\" alt=\"FEIRA (7)\" title=\"FEIRA (7)\" data-src=\"http:\/\/www.apucarana.pr.gov.br\/site\/wp-content\/uploads\/2023\/03\/FEIRA-7-1024x717.jpg\" \/>\n\t<a href=\"http:\/\/www.apucarana.pr.gov.br\/site\/wp-content\/uploads\/2023\/03\/FEIRA-7-1024x717.jpg\" target=\"_self\"    >FEIRA (7)<\/a>\n\n\n\t<img decoding=\"async\" class=\"ms-thumb\" src=\"http:\/\/www.apucarana.pr.gov.br\/site\/wp-content\/uploads\/2023\/03\/FEIRA-7-1024x717-140x80.jpg\" alt=\"FEIRA (7)\" \/>\n\t\t\t\t<\/div>\n\t\t\t<div  class=\"ms-slide\" data-delay=\"3\"    >\n\t\t\t\t\t<img decoding=\"async\" src=\"http:\/\/www.apucarana.pr.gov.br\/site\/wp-content\/plugins\/masterslider\/public\/assets\/css\/blank.gif\" alt=\"FEIRA (10)\" title=\"FEIRA (10)\" data-src=\"http:\/\/www.apucarana.pr.gov.br\/site\/wp-content\/uploads\/2023\/03\/FEIRA-10-1024x709.jpg\" \/>\n\t<a href=\"http:\/\/www.apucarana.pr.gov.br\/site\/wp-content\/uploads\/2023\/03\/FEIRA-10-1024x709.jpg\" target=\"_self\"    >FEIRA (10)<\/a>\n\n\n\t<img decoding=\"async\" class=\"ms-thumb\" src=\"http:\/\/www.apucarana.pr.gov.br\/site\/wp-content\/uploads\/2023\/03\/FEIRA-10-1024x709-140x80.jpg\" alt=\"FEIRA (10)\" \/>\n\t\t\t\t<\/div>\n\t\t\t<div  class=\"ms-slide\" data-delay=\"3\"    >\n\t\t\t\t\t<img decoding=\"async\" src=\"http:\/\/www.apucarana.pr.gov.br\/site\/wp-content\/plugins\/masterslider\/public\/assets\/css\/blank.gif\" alt=\"FEIRA (16)\" title=\"FEIRA (16)\" data-src=\"http:\/\/www.apucarana.pr.gov.br\/site\/wp-content\/uploads\/2023\/03\/FEIRA-16-1024x683.jpg\" \/>\n\t<a href=\"http:\/\/www.apucarana.pr.gov.br\/site\/wp-content\/uploads\/2023\/03\/FEIRA-16-1024x683.jpg\" target=\"_self\"    >FEIRA (16)<\/a>\n\n\n\t<img decoding=\"async\" class=\"ms-thumb\" src=\"http:\/\/www.apucarana.pr.gov.br\/site\/wp-content\/uploads\/2023\/03\/FEIRA-16-1024x683-140x80.jpg\" alt=\"FEIRA (16)\" \/>\n\t\t\t\t<\/div>\n\t\t\t<div  class=\"ms-slide\" data-delay=\"3\"    >\n\t\t\t\t\t<img decoding=\"async\" src=\"http:\/\/www.apucarana.pr.gov.br\/site\/wp-content\/plugins\/masterslider\/public\/assets\/css\/blank.gif\" alt=\"FEIRA (21)\" title=\"FEIRA (21)\" data-src=\"http:\/\/www.apucarana.pr.gov.br\/site\/wp-content\/uploads\/2023\/03\/FEIRA-21-1024x710.jpg\" \/>\n\t<a href=\"http:\/\/www.apucarana.pr.gov.br\/site\/wp-content\/uploads\/2023\/03\/FEIRA-21-1024x710.jpg\" target=\"_self\"    >FEIRA (21)<\/a>\n\n\n\t<img decoding=\"async\" class=\"ms-thumb\" src=\"http:\/\/www.apucarana.pr.gov.br\/site\/wp-content\/uploads\/2023\/03\/FEIRA-21-1024x710-140x80.jpg\" alt=\"FEIRA (21)\" \/>\n\t\t\t\t<\/div>\n\t\t\t<div  class=\"ms-slide\" data-delay=\"3\"    >\n\t\t\t\t\t<img decoding=\"async\" src=\"http:\/\/www.apucarana.pr.gov.br\/site\/wp-content\/plugins\/masterslider\/public\/assets\/css\/blank.gif\" alt=\"FEIRA (23)\" title=\"FEIRA (23)\" data-src=\"http:\/\/www.apucarana.pr.gov.br\/site\/wp-content\/uploads\/2023\/03\/FEIRA-23-1024x663.jpg\" \/>\n\t<a href=\"http:\/\/www.apucarana.pr.gov.br\/site\/wp-content\/uploads\/2023\/03\/FEIRA-23-1024x663.jpg\" target=\"_self\"    >FEIRA (23)<\/a>\n\n\n\t<img decoding=\"async\" class=\"ms-thumb\" src=\"http:\/\/www.apucarana.pr.gov.br\/site\/wp-content\/uploads\/2023\/03\/FEIRA-23-1024x663-140x80.jpg\" alt=\"FEIRA (23)\" \/>\n\t\t\t\t<\/div>\n\t\t\t<div  class=\"ms-slide\" data-delay=\"3\"    >\n\t\t\t\t\t<img decoding=\"async\" src=\"http:\/\/www.apucarana.pr.gov.br\/site\/wp-content\/plugins\/masterslider\/public\/assets\/css\/blank.gif\" alt=\"FEIRA (27)\" title=\"FEIRA (27)\" data-src=\"http:\/\/www.apucarana.pr.gov.br\/site\/wp-content\/uploads\/2023\/03\/FEIRA-27-1024x598.jpg\" \/>\n\t<a href=\"http:\/\/www.apucarana.pr.gov.br\/site\/wp-content\/uploads\/2023\/03\/FEIRA-27-1024x598.jpg\" target=\"_self\"    >FEIRA (27)<\/a>\n\n\n\t<img decoding=\"async\" class=\"ms-thumb\" src=\"http:\/\/www.apucarana.pr.gov.br\/site\/wp-content\/uploads\/2023\/03\/FEIRA-27-1024x598-140x80.jpg\" alt=\"FEIRA (27)\" \/>\n\t\t\t\t<\/div>\n\n\t\t\t<\/div>\n\t\t\t<!-- END MasterSlider Main -->\n\n\t\t\t \n\t\t<\/div>\n\t\t<!-- END MasterSlider -->\n\n\t\t<script>\n\t\t( window.MSReady = window.MSReady || [] ).push( function( $ ) {\n\n\t\t\t\"use strict\";\n\t\t\tvar masterslider_20a3 = new MasterSlider();\n\n\t\t\t\/\/ slider controls\n\t\t\tmasterslider_20a3.control('arrows'     ,{ autohide:true, overVideo:true  });\n\t\t\tmasterslider_20a3.control('thumblist'  ,{ autohide:false, overVideo:true, dir:'h', speed:17, inset:false, arrows:false, hover:false, customClass:'', align:'bottom',type:'thumbs', margin:2, width:140, height:80, space:2, fillMode:'fill'  });\n\t\t\t\/\/ slider setup\n\t\t\tmasterslider_20a3.setup(\"MS69f47566920a3\", {\n\t\t\t\twidth           : 960,\n\t\t\t\theight          : 540,\n\t\t\t\tminHeight       : 0,\n\t\t\t\tspace           : 0,\n\t\t\t\tstart           : 1,\n\t\t\t\tgrabCursor      : true,\n\t\t\t\tswipe           : true,\n\t\t\t\tmouse           : true,\n\t\t\t\tkeyboard        : false,\n\t\t\t\tlayout          : \"fillwidth\",\n\t\t\t\twheel           : false,\n\t\t\t\tautoplay        : true,\n                instantStartLayers:false,\n\t\t\t\tmobileBGVideo:false,\n\t\t\t\tloop            : true,\n\t\t\t\tshuffle         : false,\n\t\t\t\tpreload         : 3,\n\t\t\t\theightLimit     : false,\n\t\t\t\tautoHeight      : false,\n\t\t\t\tsmoothHeight    : true,\n\t\t\t\tendPause        : false,\n\t\t\t\toverPause       : false,\n\t\t\t\tfillMode        : \"fill\",\n\t\t\t\tcenterControls  : true,\n\t\t\t\tstartOnAppear   : false,\n\t\t\t\tlayersMode      : \"center\",\n\t\t\t\tautofillTarget  : \"\",\n\t\t\t\thideLayers      : false,\n\t\t\t\tfullscreenMargin: 0,\n\t\t\t\tspeed           : 17,\n\t\t\t\tdir             : \"h\",\n\t\t\t\tresponsive      : true,\n\t\t\t\ttabletWidth     : 768,\n\t\t\t\ttabletHeight    : null,\n\t\t\t\tphoneWidth      : 480,\n\t\t\t\tphoneHeight    : null,\n\t\t\t\tsizingReference : window,\n\t\t\t\tparallaxMode    : 'swipe',\n\t\t\t\tview            : \"basic\"\n\t\t\t});\n\n\t\t\t\n\t\t\twindow.masterslider_instances = window.masterslider_instances || [];\n\t\t\twindow.masterslider_instances.push( masterslider_20a3 );\n\t\t});\n\t\t<\/script>\n\n\n<p>Os estudantes do Col\u00e9gio Estadual Professor Izidoro Luiz Cer\u00e1volo, especialmente aqueles que est\u00e3o finalizando o Ensino M\u00e9dio, conheceram oportunidades profissionais oferecidas em Apucarana. A 2\u00aa Feira das Profiss\u00f5es \u201cO Trabalho T\u00e1 On\u201d foi realizada nesta sexta-feira (17\/03), no gin\u00e1sio de esportes do col\u00e9gio, e reuniu empresas, faculdades e entidades que fazem a capacita\u00e7\u00e3o profissional e a intermedia\u00e7\u00e3o para o mercado de trabalho.<\/p>\n<p>O prefeito Junior da Femac, que esteve acompanhado do vice Paulo Vital, reitera que a feira \u00e9 uma oportunidade para os alunos conhecerem um pouco mais sobre as profiss\u00f5es, aliando teoria e pr\u00e1tica. \u201c\u00c9 uma feira que re\u00fane os estudantes, apresentando as oportunidades que temos na cidade. Os estudantes puderam conhecer as diversas carreiras e a educa\u00e7\u00e3o \u00e9 essa porta aberta para que eles encontrem o caminho do sucesso\u201d, frisa Junior da Femac.<\/p>\n<p>Paulo Vital lembrou que concluiu o Ensino M\u00e9dio no Col\u00e9gio Cer\u00e1volo e, na sequ\u00eancia, ingressou na Universidade Estadual de Maring\u00e1 (UEM), onde cursou Direito. \u201cEssa \u00e9 uma fase importante da vida, onde os jovens precisam tomar decis\u00f5es e definir o rumo que v\u00e3o seguir. A feira \u00e9 uma oportunidade para que eles possam esclarecer suas d\u00favidas, tendo melhores condi\u00e7\u00f5es para definir a profiss\u00e3o que querem desempenhar\u201d, salienta Vital.<\/p>\n<p>O professor Diego F\u00e1varo, diretor do Col\u00e9gio Cer\u00e1volo, afirma que &#8211; com a incorpora\u00e7\u00e3o dos cursos t\u00e9cnicos \u2013 a unidade de ensino foi uma das que mais cresceu no Paran\u00e1. \u201cPassamos de mil para 2 mil alunos, sendo refer\u00eancia no Estado. Tivemos um crescimento quantitativo e tamb\u00e9m qualitativo\u201d, ressalta F\u00e1varo.<\/p>\n<p>O col\u00e9gio atualmente oferta, al\u00e9m do Ensino M\u00e9dio, os cursos t\u00e9cnicos de agroneg\u00f3cio, administra\u00e7\u00e3o, transa\u00e7\u00f5es imobili\u00e1rias, recursos humanos, desenvolvimento de sistemas, enfermagem, est\u00e9tica e vestu\u00e1rio. \u201cFico feliz em fazer parte desta hist\u00f3ria. Eu e o ex-vereador e atual secret\u00e1rio de Meio Ambiente, Gentil Pereira, viajamos v\u00e1rias vezes para Curitiba junto com a dire\u00e7\u00e3o do col\u00e9gio. Tudo isso para dar vida ao sonho de voc\u00eas\u201d, recordou o vereador Franciley Preto Godoi (Poim), que falou em nome da C\u00e2mara de Vereadores.<\/p>\n<p>Durante a feira, os estudantes puderam interagir com profissionais de empresas e institui\u00e7\u00f5es que montaram estandes, entre os quais estava a FAP, Facnopar, UTFPR, Unespar, Centro de Integra\u00e7\u00e3o Empresa-Escola (CIEE), Ag\u00eancia do Trabalhador, Centro de Qualifica\u00e7\u00e3o Total, Sebrae, Senac, Senai, Sesi,\u00a0 Acia, KNN Idiomas, Bateria Extranger, Eletran, Grupo Muffato, RHF Talentos e Nostra Alimentos.<\/p>\n<p>&nbsp;<\/p>\n","protected":false},"excerpt":{"rendered":"<p>Os estudantes do Col&eacute;gio Estadual Professor Izidoro Luiz Cer&aacute;volo, especialmente aqueles que est&atilde;o finalizando o Ensino M&eacute;dio, conheceram oportunidades profissionais oferecidas em Apucarana. A 2&ordf; Feira das Profiss&otilde;es &ldquo;O Trabalho T&aacute; On&rdquo; foi realizada nesta sexta-feira (17\/03), no gin&aacute;sio de esportes do col&eacute;gio, e reuniu empresas, faculdades e entidades que fazem a capacita&ccedil;&atilde;o profissional e [&hellip;]<\/p>\n","protected":false},"author":6,"featured_media":78427,"comment_status":"closed","ping_status":"closed","sticky":false,"template":"","format":"standard","meta":{"footnotes":""},"categories":[24],"tags":[],"class_list":["post-78418","post","type-post","status-publish","format-standard","has-post-thumbnail","hentry","category-noticias"],"acf":[],"_links":{"self":[{"href":"http:\/\/www.apucarana.pr.gov.br\/site\/wp-json\/wp\/v2\/posts\/78418","targetHints":{"allow":["GET"]}}],"collection":[{"href":"http:\/\/www.apucarana.pr.gov.br\/site\/wp-json\/wp\/v2\/posts"}],"about":[{"href":"http:\/\/www.apucarana.pr.gov.br\/site\/wp-json\/wp\/v2\/types\/post"}],"author":[{"embeddable":true,"href":"http:\/\/www.apucarana.pr.gov.br\/site\/wp-json\/wp\/v2\/users\/6"}],"replies":[{"embeddable":true,"href":"http:\/\/www.apucarana.pr.gov.br\/site\/wp-json\/wp\/v2\/comments?post=78418"}],"version-history":[{"count":2,"href":"http:\/\/www.apucarana.pr.gov.br\/site\/wp-json\/wp\/v2\/posts\/78418\/revisions"}],"predecessor-version":[{"id":78495,"href":"http:\/\/www.apucarana.pr.gov.br\/site\/wp-json\/wp\/v2\/posts\/78418\/revisions\/78495"}],"wp:featuredmedia":[{"embeddable":true,"href":"http:\/\/www.apucarana.pr.gov.br\/site\/wp-json\/wp\/v2\/media\/78427"}],"wp:attachment":[{"href":"http:\/\/www.apucarana.pr.gov.br\/site\/wp-json\/wp\/v2\/media?parent=78418"}],"wp:term":[{"taxonomy":"category","embeddable":true,"href":"http:\/\/www.apucarana.pr.gov.br\/site\/wp-json\/wp\/v2\/categories?post=78418"},{"taxonomy":"post_tag","embeddable":true,"href":"http:\/\/www.apucarana.pr.gov.br\/site\/wp-json\/wp\/v2\/tags?post=78418"}],"curies":[{"name":"wp","href":"https:\/\/api.w.org\/{rel}","templated":true}]}}