{"id":78197,"date":"2023-03-10T17:12:10","date_gmt":"2023-03-10T20:12:10","guid":{"rendered":"http:\/\/www.apucarana.pr.gov.br\/site\/?p=78197"},"modified":"2024-10-08T09:29:10","modified_gmt":"2024-10-08T12:29:10","slug":"apucaranenses-participam-do-estadual-de-atletismo-sub-20-neste-final-de-semana","status":"publish","type":"post","link":"http:\/\/www.apucarana.pr.gov.br\/site\/apucaranenses-participam-do-estadual-de-atletismo-sub-20-neste-final-de-semana\/","title":{"rendered":"Apucaranenses participam do Estadual de Atletismo Sub-20 neste final de semana"},"content":{"rendered":"\n\t\t<!-- MasterSlider -->\n\t\t<div id=\"P_MS69f5104598179\" class=\"master-slider-parent master-slider-gallery   ms-parent-id-0\" style=\"\" >\n\n\t\t\t\n\t\t\t<!-- MasterSlider Main -->\n\t\t\t<div id=\"MS69f5104598179\" class=\"master-slider ms-skin-default\" >\n\t\t\t\t \t\t\t\t \n\t\t\t<div  class=\"ms-slide\" data-delay=\"3\"    >\n\t\t\t\t\t<img decoding=\"async\" src=\"http:\/\/www.apucarana.pr.gov.br\/site\/wp-content\/plugins\/masterslider\/public\/assets\/css\/blank.gif\" alt=\"WhatsApp Image 2023-03-10 at 15.33.57\" title=\"WhatsApp Image 2023-03-10 at 15.33.57\" data-src=\"http:\/\/www.apucarana.pr.gov.br\/site\/wp-content\/uploads\/2023\/03\/WhatsApp-Image-2023-03-10-at-15.33.57-768x1024.jpeg\" \/>\n\t<a href=\"http:\/\/www.apucarana.pr.gov.br\/site\/wp-content\/uploads\/2023\/03\/WhatsApp-Image-2023-03-10-at-15.33.57-768x1024.jpeg\" target=\"_self\"    >WhatsApp Image 2023-03-10 at 15.33.57<\/a>\n\n\n\t<img decoding=\"async\" class=\"ms-thumb\" src=\"http:\/\/www.apucarana.pr.gov.br\/site\/wp-content\/uploads\/2023\/03\/WhatsApp-Image-2023-03-10-at-15.33.57-768x1024-140x80.jpeg\" alt=\"WhatsApp Image 2023-03-10 at 15.33.57\" \/>\n\t\t\t\t<\/div>\n\t\t\t<div  class=\"ms-slide\" data-delay=\"3\"    >\n\t\t\t\t\t<img decoding=\"async\" src=\"http:\/\/www.apucarana.pr.gov.br\/site\/wp-content\/plugins\/masterslider\/public\/assets\/css\/blank.gif\" alt=\"WhatsApp Image 2023-03-10 at 15.34.31\" title=\"WhatsApp Image 2023-03-10 at 15.34.31\" data-src=\"http:\/\/www.apucarana.pr.gov.br\/site\/wp-content\/uploads\/2023\/03\/WhatsApp-Image-2023-03-10-at-15.34.31-1-768x1024.jpeg\" \/>\n\t<a href=\"http:\/\/www.apucarana.pr.gov.br\/site\/wp-content\/uploads\/2023\/03\/WhatsApp-Image-2023-03-10-at-15.34.31-1-768x1024.jpeg\" target=\"_self\"    >WhatsApp Image 2023-03-10 at 15.34.31<\/a>\n\n\n\t<img decoding=\"async\" class=\"ms-thumb\" src=\"http:\/\/www.apucarana.pr.gov.br\/site\/wp-content\/uploads\/2023\/03\/WhatsApp-Image-2023-03-10-at-15.34.31-1-768x1024-140x80.jpeg\" alt=\"WhatsApp Image 2023-03-10 at 15.34.31\" \/>\n\t\t\t\t<\/div>\n\t\t\t<div  class=\"ms-slide\" data-delay=\"3\"    >\n\t\t\t\t\t<img decoding=\"async\" src=\"http:\/\/www.apucarana.pr.gov.br\/site\/wp-content\/plugins\/masterslider\/public\/assets\/css\/blank.gif\" alt=\"WhatsApp Image 2023-03-10 at 16.46.40\" title=\"WhatsApp Image 2023-03-10 at 16.46.40\" data-src=\"http:\/\/www.apucarana.pr.gov.br\/site\/wp-content\/uploads\/2023\/03\/WhatsApp-Image-2023-03-10-at-16.46.40.jpeg\" \/>\n\t<a href=\"http:\/\/www.apucarana.pr.gov.br\/site\/wp-content\/uploads\/2023\/03\/WhatsApp-Image-2023-03-10-at-16.46.40.jpeg\" target=\"_self\"    >WhatsApp Image 2023-03-10 at 16.46.40<\/a>\n\n\n\t<img decoding=\"async\" class=\"ms-thumb\" src=\"http:\/\/www.apucarana.pr.gov.br\/site\/wp-content\/uploads\/2023\/03\/WhatsApp-Image-2023-03-10-at-16.46.40-140x80.jpeg\" alt=\"WhatsApp Image 2023-03-10 at 16.46.40\" \/>\n\t\t\t\t<\/div>\n\n\t\t\t<\/div>\n\t\t\t<!-- END MasterSlider Main -->\n\n\t\t\t \n\t\t<\/div>\n\t\t<!-- END MasterSlider -->\n\n\t\t<script>\n\t\t( window.MSReady = window.MSReady || [] ).push( function( $ ) {\n\n\t\t\t\"use strict\";\n\t\t\tvar masterslider_8179 = new MasterSlider();\n\n\t\t\t\/\/ slider controls\n\t\t\tmasterslider_8179.control('arrows'     ,{ autohide:true, overVideo:true  });\n\t\t\tmasterslider_8179.control('thumblist'  ,{ autohide:false, overVideo:true, dir:'h', speed:17, inset:false, arrows:false, hover:false, customClass:'', align:'bottom',type:'thumbs', margin:2, width:140, height:80, space:2, fillMode:'fill'  });\n\t\t\t\/\/ slider setup\n\t\t\tmasterslider_8179.setup(\"MS69f5104598179\", {\n\t\t\t\twidth           : 960,\n\t\t\t\theight          : 540,\n\t\t\t\tminHeight       : 0,\n\t\t\t\tspace           : 0,\n\t\t\t\tstart           : 1,\n\t\t\t\tgrabCursor      : true,\n\t\t\t\tswipe           : true,\n\t\t\t\tmouse           : true,\n\t\t\t\tkeyboard        : false,\n\t\t\t\tlayout          : \"fillwidth\",\n\t\t\t\twheel           : false,\n\t\t\t\tautoplay        : true,\n                instantStartLayers:false,\n\t\t\t\tmobileBGVideo:false,\n\t\t\t\tloop            : true,\n\t\t\t\tshuffle         : false,\n\t\t\t\tpreload         : 3,\n\t\t\t\theightLimit     : false,\n\t\t\t\tautoHeight      : false,\n\t\t\t\tsmoothHeight    : true,\n\t\t\t\tendPause        : false,\n\t\t\t\toverPause       : false,\n\t\t\t\tfillMode        : \"fill\",\n\t\t\t\tcenterControls  : true,\n\t\t\t\tstartOnAppear   : false,\n\t\t\t\tlayersMode      : \"center\",\n\t\t\t\tautofillTarget  : \"\",\n\t\t\t\thideLayers      : false,\n\t\t\t\tfullscreenMargin: 0,\n\t\t\t\tspeed           : 17,\n\t\t\t\tdir             : \"h\",\n\t\t\t\tresponsive      : true,\n\t\t\t\ttabletWidth     : 768,\n\t\t\t\ttabletHeight    : null,\n\t\t\t\tphoneWidth      : 480,\n\t\t\t\tphoneHeight    : null,\n\t\t\t\tsizingReference : window,\n\t\t\t\tparallaxMode    : 'swipe',\n\t\t\t\tview            : \"basic\"\n\t\t\t});\n\n\t\t\t\n\t\t\twindow.masterslider_instances = window.masterslider_instances || [];\n\t\t\twindow.masterslider_instances.push( masterslider_8179 );\n\t\t});\n\t\t<\/script>\n\n\n<p>&nbsp;<\/p>\n<p>Os atletas Adson Garcia da Silva, Guilherme Paschoal e Sabrina Gabrieli Pena, que representam a equipe da Secretaria Municipal de Esportes da Prefeitura de Apucarana, participam neste s\u00e1bado e domingo (11 e 12\/03) no Centro Nacional de Treinamento de Atletismo (CNTA), em Cascavel, da 56\u00aa edi\u00e7\u00e3o do Campeonato Paranaense Loterias Caixa de Atletismo na categoria sub-20. A competi\u00e7\u00e3o ter\u00e1 a presen\u00e7a de atletas de v\u00e1rios munic\u00edpios do Estado.<\/p>\n<p>Destaque para a atleta Sabrina, que ocupa o segundo lugar na classifica\u00e7\u00e3o geral do ranking nacional na prova de 800m e que \u00e9 a atual campe\u00e3 na mesma prova pela categoria sub-18. No Oeste do Estado, a competidora disputar\u00e1 as provas de 800m e de 1.500m.<\/p>\n<p>Guilherme participar\u00e1 das provas de 3.000m e de 5.000m. No in\u00edcio desse ano, ele foi o terceiro colocado na categoria sub-15 na Prova Vinteoitinha em Apucarana e obteve a nona posi\u00e7\u00e3o na corrida de 5 km da Prova Pedestre XV de Fevereiro, realizada em Corn\u00e9lio Proc\u00f3pio, enquanto Adson, que disputa as provas de 800m, 1.500m e de 3.000m, \u00e9 campe\u00e3o paranaense sub-16 e segundo colocado na categoria sub-17 da Vinteoitinha de 2023.<\/p>\n<p>\u201cNo \u00faltimo final de semana tamb\u00e9m em Cascavel a nossa equipe de atletismo nas categorias sub-12 e sub-14 foi destaque no Festival Paranaense, conquistando dez medalhas, com quatro de ouro, uma de prata e cinco de bronze. Agora estamos na expectativa por bons resultados na categoria sub-20, com os atletas tendo o apoio do prefeito Junior da Femac e do vice-prefeito Paulo Vital\u201d, frisa o professor Jos\u00e9 Marcelino da Silva, o Grillo, secret\u00e1rio municipal de Esportes de Apucarana.<\/p>\n<p>O Campeonato Paranaense Loterias Caixa tem a realiza\u00e7\u00e3o da Federa\u00e7\u00e3o Paranaense de Atletismo, Secretaria de Esportes e Lazer de Cascavel, Funda\u00e7\u00e3o de Esportes e Cultura de Cascavel, Governo do Estado, Governo Federal, Unimed e Caixa Econ\u00f4mica Federal.<\/p>\n<p><strong>\u00a0<\/strong><\/p>\n","protected":false},"excerpt":{"rendered":"<p>&nbsp; Os atletas Adson Garcia da Silva, Guilherme Paschoal e Sabrina Gabrieli Pena, que representam a equipe da Secretaria Municipal de Esportes da Prefeitura de Apucarana, participam neste s&aacute;bado e domingo (11 e 12\/03) no Centro Nacional de Treinamento de Atletismo (CNTA), em Cascavel, da 56&ordf; edi&ccedil;&atilde;o do Campeonato Paranaense Loterias Caixa de Atletismo na [&hellip;]<\/p>\n","protected":false},"author":12,"featured_media":78204,"comment_status":"closed","ping_status":"closed","sticky":false,"template":"","format":"standard","meta":{"footnotes":""},"categories":[24],"tags":[],"class_list":["post-78197","post","type-post","status-publish","format-standard","has-post-thumbnail","hentry","category-noticias"],"acf":[],"_links":{"self":[{"href":"http:\/\/www.apucarana.pr.gov.br\/site\/wp-json\/wp\/v2\/posts\/78197","targetHints":{"allow":["GET"]}}],"collection":[{"href":"http:\/\/www.apucarana.pr.gov.br\/site\/wp-json\/wp\/v2\/posts"}],"about":[{"href":"http:\/\/www.apucarana.pr.gov.br\/site\/wp-json\/wp\/v2\/types\/post"}],"author":[{"embeddable":true,"href":"http:\/\/www.apucarana.pr.gov.br\/site\/wp-json\/wp\/v2\/users\/12"}],"replies":[{"embeddable":true,"href":"http:\/\/www.apucarana.pr.gov.br\/site\/wp-json\/wp\/v2\/comments?post=78197"}],"version-history":[{"count":1,"href":"http:\/\/www.apucarana.pr.gov.br\/site\/wp-json\/wp\/v2\/posts\/78197\/revisions"}],"predecessor-version":[{"id":78213,"href":"http:\/\/www.apucarana.pr.gov.br\/site\/wp-json\/wp\/v2\/posts\/78197\/revisions\/78213"}],"wp:featuredmedia":[{"embeddable":true,"href":"http:\/\/www.apucarana.pr.gov.br\/site\/wp-json\/wp\/v2\/media\/78204"}],"wp:attachment":[{"href":"http:\/\/www.apucarana.pr.gov.br\/site\/wp-json\/wp\/v2\/media?parent=78197"}],"wp:term":[{"taxonomy":"category","embeddable":true,"href":"http:\/\/www.apucarana.pr.gov.br\/site\/wp-json\/wp\/v2\/categories?post=78197"},{"taxonomy":"post_tag","embeddable":true,"href":"http:\/\/www.apucarana.pr.gov.br\/site\/wp-json\/wp\/v2\/tags?post=78197"}],"curies":[{"name":"wp","href":"https:\/\/api.w.org\/{rel}","templated":true}]}}