{"id":78160,"date":"2023-03-09T17:30:00","date_gmt":"2023-03-09T20:30:00","guid":{"rendered":"http:\/\/www.apucarana.pr.gov.br\/site\/?p=78160"},"modified":"2024-10-08T09:29:11","modified_gmt":"2024-10-08T12:29:11","slug":"prefeitura-constroi-novas-calcadas-no-parque-santo-expedito","status":"publish","type":"post","link":"http:\/\/www.apucarana.pr.gov.br\/site\/prefeitura-constroi-novas-calcadas-no-parque-santo-expedito\/","title":{"rendered":"Prefeitura constr\u00f3i novas cal\u00e7adas no Parque Santo Expedito"},"content":{"rendered":"\n\t\t<!-- MasterSlider -->\n\t\t<div id=\"P_MS69f0992515ad6\" class=\"master-slider-parent master-slider-gallery   ms-parent-id-0\" style=\"\" >\n\n\t\t\t\n\t\t\t<!-- MasterSlider Main -->\n\t\t\t<div id=\"MS69f0992515ad6\" class=\"master-slider ms-skin-default\" >\n\t\t\t\t \t\t\t\t \n\t\t\t<div  class=\"ms-slide\" data-delay=\"3\"    >\n\t\t\t\t\t<img decoding=\"async\" src=\"http:\/\/www.apucarana.pr.gov.br\/site\/wp-content\/plugins\/masterslider\/public\/assets\/css\/blank.gif\" alt=\"CAL\u00c7ADAS SANTO EXPEDITO 2\" title=\"CAL\u00c7ADAS SANTO EXPEDITO 2\" data-src=\"http:\/\/www.apucarana.pr.gov.br\/site\/wp-content\/uploads\/2023\/03\/CALCADAS-SANTO-EXPEDITO-2-1024x768.jpg\" \/>\n\t<a href=\"http:\/\/www.apucarana.pr.gov.br\/site\/wp-content\/uploads\/2023\/03\/CALCADAS-SANTO-EXPEDITO-2-1024x768.jpg\" target=\"_self\"    >CAL\u00c7ADAS SANTO EXPEDITO 2<\/a>\n\n\n\t<img decoding=\"async\" class=\"ms-thumb\" src=\"http:\/\/www.apucarana.pr.gov.br\/site\/wp-content\/uploads\/2023\/03\/CALCADAS-SANTO-EXPEDITO-2-1024x768-140x80.jpg\" alt=\"CAL\u00c7ADAS SANTO EXPEDITO 2\" \/>\n\t\t\t\t<\/div>\n\n\t\t\t<\/div>\n\t\t\t<!-- END MasterSlider Main -->\n\n\t\t\t \n\t\t<\/div>\n\t\t<!-- END MasterSlider -->\n\n\t\t<script>\n\t\t( window.MSReady = window.MSReady || [] ).push( function( $ ) {\n\n\t\t\t\"use strict\";\n\t\t\tvar masterslider_5ad6 = new MasterSlider();\n\n\t\t\t\/\/ slider controls\n\t\t\tmasterslider_5ad6.control('arrows'     ,{ autohide:true, overVideo:true  });\n\t\t\tmasterslider_5ad6.control('thumblist'  ,{ autohide:false, overVideo:true, dir:'h', speed:17, inset:false, arrows:false, hover:false, customClass:'', align:'bottom',type:'thumbs', margin:2, width:140, height:80, space:2, fillMode:'fill'  });\n\t\t\t\/\/ slider setup\n\t\t\tmasterslider_5ad6.setup(\"MS69f0992515ad6\", {\n\t\t\t\twidth           : 960,\n\t\t\t\theight          : 540,\n\t\t\t\tminHeight       : 0,\n\t\t\t\tspace           : 0,\n\t\t\t\tstart           : 1,\n\t\t\t\tgrabCursor      : true,\n\t\t\t\tswipe           : true,\n\t\t\t\tmouse           : true,\n\t\t\t\tkeyboard        : false,\n\t\t\t\tlayout          : \"fillwidth\",\n\t\t\t\twheel           : false,\n\t\t\t\tautoplay        : true,\n                instantStartLayers:false,\n\t\t\t\tmobileBGVideo:false,\n\t\t\t\tloop            : false,\n\t\t\t\tshuffle         : false,\n\t\t\t\tpreload         : 3,\n\t\t\t\theightLimit     : false,\n\t\t\t\tautoHeight      : false,\n\t\t\t\tsmoothHeight    : true,\n\t\t\t\tendPause        : false,\n\t\t\t\toverPause       : false,\n\t\t\t\tfillMode        : \"fill\",\n\t\t\t\tcenterControls  : true,\n\t\t\t\tstartOnAppear   : false,\n\t\t\t\tlayersMode      : \"center\",\n\t\t\t\tautofillTarget  : \"\",\n\t\t\t\thideLayers      : false,\n\t\t\t\tfullscreenMargin: 0,\n\t\t\t\tspeed           : 17,\n\t\t\t\tdir             : \"h\",\n\t\t\t\tresponsive      : true,\n\t\t\t\ttabletWidth     : 768,\n\t\t\t\ttabletHeight    : null,\n\t\t\t\tphoneWidth      : 480,\n\t\t\t\tphoneHeight    : null,\n\t\t\t\tsizingReference : window,\n\t\t\t\tparallaxMode    : 'swipe',\n\t\t\t\tview            : \"basic\"\n\t\t\t});\n\n\t\t\t\n\t\t\twindow.masterslider_instances = window.masterslider_instances || [];\n\t\t\twindow.masterslider_instances.push( masterslider_5ad6 );\n\t\t});\n\t\t<\/script>\n\n\n<p>A Prefeitura de Apucarana, por meio da Secretaria de Servi\u00e7os Urbanos, est\u00e1 executando nesta semana diversas melhorias no Parque Santo Expedito. O prefeito Junior da Femac acompanhou a execu\u00e7\u00e3o dos servi\u00e7os na manh\u00e3 desta quinta-feira.<\/p>\n<p>\u201cPara evitar acidentes, principalmente com idosos e crian\u00e7as, estamos refazendo todas as cal\u00e7adas, que eram de pedras irregulares. Uma \u00e1rea de quase 400 metros quadrados agora est\u00e1 ganhando piso de concreto antiderrapante\u201d, informa o prefeito, que pede a compreens\u00e3o de todos os visitantes, considerando que os trabalhos continuam durante a pr\u00f3xima semana.<\/p>\n<p>De acordo com Wellington Gomes Martins, superintendente de servi\u00e7os p\u00fablicos, tamb\u00e9m est\u00e3o em andamento no Parque Santo Expedito, servi\u00e7os de pintura de escadarias, mesas e bancos, al\u00e9m da substitui\u00e7\u00e3o de todo o guarda-corpo. \u201cToda \u00e1rea do parque recebeu ainda servi\u00e7os de ro\u00e7agem e limpeza, com a retirada de grande quantidade de entulhos\u201d, disse o superintendente.<\/p>\n","protected":false},"excerpt":{"rendered":"<p>A Prefeitura de Apucarana, por meio da Secretaria de Servi&ccedil;os Urbanos, est&aacute; executando nesta semana diversas melhorias no Parque Santo Expedito. O prefeito Junior da Femac acompanhou a execu&ccedil;&atilde;o dos servi&ccedil;os na manh&atilde; desta quinta-feira. &ldquo;Para evitar acidentes, principalmente com idosos e crian&ccedil;as, estamos refazendo todas as cal&ccedil;adas, que eram de pedras irregulares. Uma &aacute;rea [&hellip;]<\/p>\n","protected":false},"author":10,"featured_media":78162,"comment_status":"closed","ping_status":"closed","sticky":false,"template":"","format":"standard","meta":{"footnotes":""},"categories":[24],"tags":[],"class_list":["post-78160","post","type-post","status-publish","format-standard","has-post-thumbnail","hentry","category-noticias"],"acf":[],"_links":{"self":[{"href":"http:\/\/www.apucarana.pr.gov.br\/site\/wp-json\/wp\/v2\/posts\/78160","targetHints":{"allow":["GET"]}}],"collection":[{"href":"http:\/\/www.apucarana.pr.gov.br\/site\/wp-json\/wp\/v2\/posts"}],"about":[{"href":"http:\/\/www.apucarana.pr.gov.br\/site\/wp-json\/wp\/v2\/types\/post"}],"author":[{"embeddable":true,"href":"http:\/\/www.apucarana.pr.gov.br\/site\/wp-json\/wp\/v2\/users\/10"}],"replies":[{"embeddable":true,"href":"http:\/\/www.apucarana.pr.gov.br\/site\/wp-json\/wp\/v2\/comments?post=78160"}],"version-history":[{"count":1,"href":"http:\/\/www.apucarana.pr.gov.br\/site\/wp-json\/wp\/v2\/posts\/78160\/revisions"}],"predecessor-version":[{"id":78163,"href":"http:\/\/www.apucarana.pr.gov.br\/site\/wp-json\/wp\/v2\/posts\/78160\/revisions\/78163"}],"wp:featuredmedia":[{"embeddable":true,"href":"http:\/\/www.apucarana.pr.gov.br\/site\/wp-json\/wp\/v2\/media\/78162"}],"wp:attachment":[{"href":"http:\/\/www.apucarana.pr.gov.br\/site\/wp-json\/wp\/v2\/media?parent=78160"}],"wp:term":[{"taxonomy":"category","embeddable":true,"href":"http:\/\/www.apucarana.pr.gov.br\/site\/wp-json\/wp\/v2\/categories?post=78160"},{"taxonomy":"post_tag","embeddable":true,"href":"http:\/\/www.apucarana.pr.gov.br\/site\/wp-json\/wp\/v2\/tags?post=78160"}],"curies":[{"name":"wp","href":"https:\/\/api.w.org\/{rel}","templated":true}]}}