{"id":78113,"date":"2023-03-08T19:21:57","date_gmt":"2023-03-08T22:21:57","guid":{"rendered":"http:\/\/www.apucarana.pr.gov.br\/site\/?p=78113"},"modified":"2024-10-08T09:29:11","modified_gmt":"2024-10-08T12:29:11","slug":"prefeitura-inicia-revitalizacao-da-praca-do-bairro-28-de-janeiro","status":"publish","type":"post","link":"http:\/\/www.apucarana.pr.gov.br\/site\/prefeitura-inicia-revitalizacao-da-praca-do-bairro-28-de-janeiro\/","title":{"rendered":"Prefeitura inicia revitaliza\u00e7\u00e3o da pra\u00e7a do bairro \u201c28 de Janeiro\u201d"},"content":{"rendered":"\n\t\t<!-- MasterSlider -->\n\t\t<div id=\"P_MS69f5dedddc23c\" class=\"master-slider-parent master-slider-gallery   ms-parent-id-0\" style=\"\" >\n\n\t\t\t\n\t\t\t<!-- MasterSlider Main -->\n\t\t\t<div id=\"MS69f5dedddc23c\" class=\"master-slider ms-skin-default\" >\n\t\t\t\t \t\t\t\t \n\t\t\t<div  class=\"ms-slide\" data-delay=\"3\"    >\n\t\t\t\t\t<img decoding=\"async\" src=\"http:\/\/www.apucarana.pr.gov.br\/site\/wp-content\/plugins\/masterslider\/public\/assets\/css\/blank.gif\" alt=\"_MG_9154\" title=\"_MG_9154\" data-src=\"http:\/\/www.apucarana.pr.gov.br\/site\/wp-content\/uploads\/2023\/03\/MG_9154-1024x683.jpg\" \/>\n\t<a href=\"http:\/\/www.apucarana.pr.gov.br\/site\/wp-content\/uploads\/2023\/03\/MG_9154-1024x683.jpg\" target=\"_self\"    >_MG_9154<\/a>\n\n\n\t<img decoding=\"async\" class=\"ms-thumb\" src=\"http:\/\/www.apucarana.pr.gov.br\/site\/wp-content\/uploads\/2023\/03\/MG_9154-1024x683-140x80.jpg\" alt=\"_MG_9154\" \/>\n\t\t\t\t<\/div>\n\t\t\t<div  class=\"ms-slide\" data-delay=\"3\"    >\n\t\t\t\t\t<img decoding=\"async\" src=\"http:\/\/www.apucarana.pr.gov.br\/site\/wp-content\/plugins\/masterslider\/public\/assets\/css\/blank.gif\" alt=\"REVITALIZA\u00c7\u00c3O (65)\" title=\"REVITALIZA\u00c7\u00c3O (65)\" data-src=\"http:\/\/www.apucarana.pr.gov.br\/site\/wp-content\/uploads\/2023\/03\/REVITALIZACAO-65-1024x1024.jpg\" \/>\n\t<a href=\"http:\/\/www.apucarana.pr.gov.br\/site\/wp-content\/uploads\/2023\/03\/REVITALIZACAO-65-1024x1024.jpg\" target=\"_self\"    >REVITALIZA\u00c7\u00c3O (65)<\/a>\n\n\n\t<img decoding=\"async\" class=\"ms-thumb\" src=\"http:\/\/www.apucarana.pr.gov.br\/site\/wp-content\/uploads\/2023\/03\/REVITALIZACAO-65-1024x1024-140x80.jpg\" alt=\"REVITALIZA\u00c7\u00c3O (65)\" \/>\n\t\t\t\t<\/div>\n\t\t\t<div  class=\"ms-slide\" data-delay=\"3\"    >\n\t\t\t\t\t<img decoding=\"async\" src=\"http:\/\/www.apucarana.pr.gov.br\/site\/wp-content\/plugins\/masterslider\/public\/assets\/css\/blank.gif\" alt=\"PRA\u00c7A(EDSON DENOBI)09\" title=\"PRA\u00c7A(EDSON DENOBI)09\" data-src=\"http:\/\/www.apucarana.pr.gov.br\/site\/wp-content\/uploads\/2023\/03\/PRACAEDSON-DENOBI09-1024x683.jpg\" \/>\n\t<a href=\"http:\/\/www.apucarana.pr.gov.br\/site\/wp-content\/uploads\/2023\/03\/PRACAEDSON-DENOBI09-1024x683.jpg\" target=\"_self\"    >PRA\u00c7A(EDSON DENOBI)09<\/a>\n\n\n\t<img decoding=\"async\" class=\"ms-thumb\" src=\"http:\/\/www.apucarana.pr.gov.br\/site\/wp-content\/uploads\/2023\/03\/PRACAEDSON-DENOBI09-1024x683-140x80.jpg\" alt=\"PRA\u00c7A(EDSON DENOBI)09\" \/>\n\t\t\t\t<\/div>\n\t\t\t<div  class=\"ms-slide\" data-delay=\"3\"    >\n\t\t\t\t\t<img decoding=\"async\" src=\"http:\/\/www.apucarana.pr.gov.br\/site\/wp-content\/plugins\/masterslider\/public\/assets\/css\/blank.gif\" alt=\"REVITALIZA\u00c7\u00c3O (71)\" title=\"REVITALIZA\u00c7\u00c3O (71)\" data-src=\"http:\/\/www.apucarana.pr.gov.br\/site\/wp-content\/uploads\/2023\/03\/REVITALIZACAO-71-1024x683.jpg\" \/>\n\t<a href=\"http:\/\/www.apucarana.pr.gov.br\/site\/wp-content\/uploads\/2023\/03\/REVITALIZACAO-71-1024x683.jpg\" target=\"_self\"    >REVITALIZA\u00c7\u00c3O (71)<\/a>\n\n\n\t<img decoding=\"async\" class=\"ms-thumb\" src=\"http:\/\/www.apucarana.pr.gov.br\/site\/wp-content\/uploads\/2023\/03\/REVITALIZACAO-71-1024x683-140x80.jpg\" alt=\"REVITALIZA\u00c7\u00c3O (71)\" \/>\n\t\t\t\t<\/div>\n\t\t\t<div  class=\"ms-slide\" data-delay=\"3\"    >\n\t\t\t\t\t<img decoding=\"async\" src=\"http:\/\/www.apucarana.pr.gov.br\/site\/wp-content\/plugins\/masterslider\/public\/assets\/css\/blank.gif\" alt=\"REVITALIZA\u00c7\u00c3O (80)\" title=\"REVITALIZA\u00c7\u00c3O (80)\" data-src=\"http:\/\/www.apucarana.pr.gov.br\/site\/wp-content\/uploads\/2023\/03\/REVITALIZACAO-80-1024x672.jpg\" \/>\n\t<a href=\"http:\/\/www.apucarana.pr.gov.br\/site\/wp-content\/uploads\/2023\/03\/REVITALIZACAO-80-1024x672.jpg\" target=\"_self\"    >REVITALIZA\u00c7\u00c3O (80)<\/a>\n\n\n\t<img decoding=\"async\" class=\"ms-thumb\" src=\"http:\/\/www.apucarana.pr.gov.br\/site\/wp-content\/uploads\/2023\/03\/REVITALIZACAO-80-1024x672-140x80.jpg\" alt=\"REVITALIZA\u00c7\u00c3O (80)\" \/>\n\t\t\t\t<\/div>\n\t\t\t<div  class=\"ms-slide\" data-delay=\"3\"    >\n\t\t\t\t\t<img decoding=\"async\" src=\"http:\/\/www.apucarana.pr.gov.br\/site\/wp-content\/plugins\/masterslider\/public\/assets\/css\/blank.gif\" alt=\"REVITALIZA\u00c7\u00c3O (86)\" title=\"REVITALIZA\u00c7\u00c3O (86)\" data-src=\"http:\/\/www.apucarana.pr.gov.br\/site\/wp-content\/uploads\/2023\/03\/REVITALIZACAO-86-1024x683.jpg\" \/>\n\t<a href=\"http:\/\/www.apucarana.pr.gov.br\/site\/wp-content\/uploads\/2023\/03\/REVITALIZACAO-86-1024x683.jpg\" target=\"_self\"    >REVITALIZA\u00c7\u00c3O (86)<\/a>\n\n\n\t<img decoding=\"async\" class=\"ms-thumb\" src=\"http:\/\/www.apucarana.pr.gov.br\/site\/wp-content\/uploads\/2023\/03\/REVITALIZACAO-86-1024x683-140x80.jpg\" alt=\"REVITALIZA\u00c7\u00c3O (86)\" \/>\n\t\t\t\t<\/div>\n\t\t\t<div  class=\"ms-slide\" data-delay=\"3\"    >\n\t\t\t\t\t<img decoding=\"async\" src=\"http:\/\/www.apucarana.pr.gov.br\/site\/wp-content\/plugins\/masterslider\/public\/assets\/css\/blank.gif\" alt=\"REVITALIZA\u00c7\u00c3O (90)\" title=\"REVITALIZA\u00c7\u00c3O (90)\" data-src=\"http:\/\/www.apucarana.pr.gov.br\/site\/wp-content\/uploads\/2023\/03\/REVITALIZACAO-90-1024x683.jpg\" \/>\n\t<a href=\"http:\/\/www.apucarana.pr.gov.br\/site\/wp-content\/uploads\/2023\/03\/REVITALIZACAO-90-1024x683.jpg\" target=\"_self\"    >REVITALIZA\u00c7\u00c3O (90)<\/a>\n\n\n\t<img decoding=\"async\" class=\"ms-thumb\" src=\"http:\/\/www.apucarana.pr.gov.br\/site\/wp-content\/uploads\/2023\/03\/REVITALIZACAO-90-1024x683-140x80.jpg\" alt=\"REVITALIZA\u00c7\u00c3O (90)\" \/>\n\t\t\t\t<\/div>\n\n\t\t\t<\/div>\n\t\t\t<!-- END MasterSlider Main -->\n\n\t\t\t \n\t\t<\/div>\n\t\t<!-- END MasterSlider -->\n\n\t\t<script>\n\t\t( window.MSReady = window.MSReady || [] ).push( function( $ ) {\n\n\t\t\t\"use strict\";\n\t\t\tvar masterslider_c23c = new MasterSlider();\n\n\t\t\t\/\/ slider controls\n\t\t\tmasterslider_c23c.control('arrows'     ,{ autohide:true, overVideo:true  });\n\t\t\tmasterslider_c23c.control('thumblist'  ,{ autohide:false, overVideo:true, dir:'h', speed:17, inset:false, arrows:false, hover:false, customClass:'', align:'bottom',type:'thumbs', margin:2, width:140, height:80, space:2, fillMode:'fill'  });\n\t\t\t\/\/ slider setup\n\t\t\tmasterslider_c23c.setup(\"MS69f5dedddc23c\", {\n\t\t\t\twidth           : 960,\n\t\t\t\theight          : 540,\n\t\t\t\tminHeight       : 0,\n\t\t\t\tspace           : 0,\n\t\t\t\tstart           : 1,\n\t\t\t\tgrabCursor      : true,\n\t\t\t\tswipe           : true,\n\t\t\t\tmouse           : true,\n\t\t\t\tkeyboard        : false,\n\t\t\t\tlayout          : \"fillwidth\",\n\t\t\t\twheel           : false,\n\t\t\t\tautoplay        : true,\n                instantStartLayers:false,\n\t\t\t\tmobileBGVideo:false,\n\t\t\t\tloop            : true,\n\t\t\t\tshuffle         : false,\n\t\t\t\tpreload         : 3,\n\t\t\t\theightLimit     : false,\n\t\t\t\tautoHeight      : false,\n\t\t\t\tsmoothHeight    : true,\n\t\t\t\tendPause        : false,\n\t\t\t\toverPause       : false,\n\t\t\t\tfillMode        : \"fill\",\n\t\t\t\tcenterControls  : true,\n\t\t\t\tstartOnAppear   : false,\n\t\t\t\tlayersMode      : \"center\",\n\t\t\t\tautofillTarget  : \"\",\n\t\t\t\thideLayers      : false,\n\t\t\t\tfullscreenMargin: 0,\n\t\t\t\tspeed           : 17,\n\t\t\t\tdir             : \"h\",\n\t\t\t\tresponsive      : true,\n\t\t\t\ttabletWidth     : 768,\n\t\t\t\ttabletHeight    : null,\n\t\t\t\tphoneWidth      : 480,\n\t\t\t\tphoneHeight    : null,\n\t\t\t\tsizingReference : window,\n\t\t\t\tparallaxMode    : 'swipe',\n\t\t\t\tview            : \"basic\"\n\t\t\t});\n\n\t\t\t\n\t\t\twindow.masterslider_instances = window.masterslider_instances || [];\n\t\t\twindow.masterslider_instances.push( masterslider_c23c );\n\t\t});\n\t\t<\/script>\n\n\n<p>&nbsp;<\/p>\n<p style=\"font-weight: 400\">O projeto de revitaliza\u00e7\u00e3o da Pra\u00e7a Semiramis Braga, mais conhecida como \u201cPra\u00e7a do Bairro 28 de Janeiro\u201d come\u00e7ou a ser colocado em pr\u00e1tica nesta quarta-feira (8) pelas equipes da Secretaria do Meio Ambiente, Secretaria de Servi\u00e7os Urbanos e do Instituto de Desenvolvimento, Pesquisa e Planejamento de Apucarana (Idepplan).<\/p>\n<p style=\"font-weight: 400\">O projeto elaborado pela equipe t\u00e9cnica do Idepplan garante a preserva\u00e7\u00e3o do conceito original da obra da d\u00e9cada de 1960. Ser\u00e1 mantida a Biblioteca Professora Olga Antunes Pedroso, que ganhar\u00e1 um visual mais moderno. Tamb\u00e9m ser\u00e1 preservada restaurada a concha ac\u00fastica.<\/p>\n<p style=\"font-weight: 400\">O prefeito Junior da Femac destaca a inclus\u00e3o de uma pista de caminhada, pintada em azul; e uma ciclovia, pintada em vermelho. Ambas ir\u00e3o contornar toda a pra\u00e7a e tamb\u00e9m a quadra do Clube 28 de Janeiro.\u00a0 A ilumina\u00e7\u00e3o de todo o espa\u00e7o ser\u00e1 com tecnologia de LED, e todos os pisos ser\u00e3o substitu\u00eddos.<\/p>\n<p style=\"font-weight: 400\">\u201cEstamos preparando algumas novidades que ser\u00e3o agregadas \u00e0 pra\u00e7a do 28. Entre elas est\u00e1 o Parc\u00e3o, um espa\u00e7o com alambrado, brinquedos para os c\u00e3es, bebedouro, caixa de areia e espa\u00e7o de estar com bancos e mesas para os donos dos pets\u201d, informa Junior da Femac.<\/p>\n<p style=\"font-weight: 400\">O diretor-presidente do Idepplan, Carlos Mendes, revela que na \u00e1rea de divisa com o clube 28 de Janeiro, ser\u00e1 aberta uma rua de passagem \u2013 de velocidade reduzida -, e ampliadas as vagas de estacionamento. Ele revela ainda que ser\u00e3o criadas tamb\u00e9m mais 42 vagas de estacionamento transversal em outro trecho da pra\u00e7a, atr\u00e1s da concha ac\u00fastica.<\/p>\n<p style=\"font-weight: 400\">O secret\u00e1rio de meio ambiente, Gentil Pereira, diz que o trabalho de manejo e substitui\u00e7\u00e3o de \u00e1rvores ser\u00e1 imediato. \u201cTemos autoriza\u00e7\u00e3o do Conselho Municipal do Meio Ambiente de Apucarana e do Instituto de \u00c1gua e Terra (IAT) para a retirada de \u00e1rvores secas e doentes e plantio de novas esp\u00e9cies mais adequadas. Tamb\u00e9m vamos replantar toda a grama da pra\u00e7a com a variedade esmeralda\u201d, informa Pereira.<\/p>\n<p style=\"font-weight: 400\">O vereador Luciano Molina, presidente da C\u00e2mara, que havia reivindicado melhorias na pra\u00e7a, em nome dos moradores da regi\u00e3o, se manifestou satisfeito com o in\u00edcio das obras. Segundo ele, o espa\u00e7o estava muito desgastado neste bairro hist\u00f3rico e central.<\/p>\n<p style=\"font-weight: 400\">Ao anunciar o in\u00edcio das obras de revitaliza\u00e7\u00e3o da pra\u00e7a do 28, o prefeito Junior da Femac, fez quest\u00e3o de lembrar que na sua gest\u00e3o j\u00e1 foram executadas melhorias significativas no Parque Jaboti, Parque da Raposa, Parque Bigua\u00e7u, Parque Japira (em execu\u00e7\u00e3o) e criada uma nova \u00e1rea de lazer no Tancredo Neves. \u201cTamb\u00e9m implantamos mais de 40 parques infantis , com brinquedos em madeira pl\u00e1stica, por meio do Programa Pra\u00e7a Viva\u201d, lembrou o prefeito, acrescentando que \u201cagora chegou a vez da hist\u00f3rica Pra\u00e7a 28 de Janeiro, que em breve ganhar\u00e1 novos atrativos, ficar\u00e1 mais bonita, confort\u00e1vel e ter\u00e1 mais seguran\u00e7a.<\/p>\n","protected":false},"excerpt":{"rendered":"<p>&nbsp; O projeto de revitaliza&ccedil;&atilde;o da Pra&ccedil;a Semiramis Braga, mais conhecida como &ldquo;Pra&ccedil;a do Bairro 28 de Janeiro&rdquo; come&ccedil;ou a ser colocado em pr&aacute;tica nesta quarta-feira (8) pelas equipes da Secretaria do Meio Ambiente, Secretaria de Servi&ccedil;os Urbanos e do Instituto de Desenvolvimento, Pesquisa e Planejamento de Apucarana (Idepplan). O projeto elaborado pela equipe t&eacute;cnica [&hellip;]<\/p>\n","protected":false},"author":7,"featured_media":78115,"comment_status":"closed","ping_status":"closed","sticky":false,"template":"","format":"standard","meta":{"footnotes":""},"categories":[24],"tags":[],"class_list":["post-78113","post","type-post","status-publish","format-standard","has-post-thumbnail","hentry","category-noticias"],"acf":[],"_links":{"self":[{"href":"http:\/\/www.apucarana.pr.gov.br\/site\/wp-json\/wp\/v2\/posts\/78113","targetHints":{"allow":["GET"]}}],"collection":[{"href":"http:\/\/www.apucarana.pr.gov.br\/site\/wp-json\/wp\/v2\/posts"}],"about":[{"href":"http:\/\/www.apucarana.pr.gov.br\/site\/wp-json\/wp\/v2\/types\/post"}],"author":[{"embeddable":true,"href":"http:\/\/www.apucarana.pr.gov.br\/site\/wp-json\/wp\/v2\/users\/7"}],"replies":[{"embeddable":true,"href":"http:\/\/www.apucarana.pr.gov.br\/site\/wp-json\/wp\/v2\/comments?post=78113"}],"version-history":[{"count":1,"href":"http:\/\/www.apucarana.pr.gov.br\/site\/wp-json\/wp\/v2\/posts\/78113\/revisions"}],"predecessor-version":[{"id":78121,"href":"http:\/\/www.apucarana.pr.gov.br\/site\/wp-json\/wp\/v2\/posts\/78113\/revisions\/78121"}],"wp:featuredmedia":[{"embeddable":true,"href":"http:\/\/www.apucarana.pr.gov.br\/site\/wp-json\/wp\/v2\/media\/78115"}],"wp:attachment":[{"href":"http:\/\/www.apucarana.pr.gov.br\/site\/wp-json\/wp\/v2\/media?parent=78113"}],"wp:term":[{"taxonomy":"category","embeddable":true,"href":"http:\/\/www.apucarana.pr.gov.br\/site\/wp-json\/wp\/v2\/categories?post=78113"},{"taxonomy":"post_tag","embeddable":true,"href":"http:\/\/www.apucarana.pr.gov.br\/site\/wp-json\/wp\/v2\/tags?post=78113"}],"curies":[{"name":"wp","href":"https:\/\/api.w.org\/{rel}","templated":true}]}}