{"id":77755,"date":"2023-02-28T13:45:25","date_gmt":"2023-02-28T16:45:25","guid":{"rendered":"http:\/\/www.apucarana.pr.gov.br\/site\/?p=77755"},"modified":"2024-10-08T09:29:14","modified_gmt":"2024-10-08T12:29:14","slug":"apucarana-e-o-municipio-paranaense-com-o-maior-numero-de-criancas-estudando-em-tempo-integral","status":"publish","type":"post","link":"http:\/\/www.apucarana.pr.gov.br\/site\/apucarana-e-o-municipio-paranaense-com-o-maior-numero-de-criancas-estudando-em-tempo-integral\/","title":{"rendered":"Apucarana \u00e9 terceiro maior munic\u00edpio do Brasil em n\u00famero de crian\u00e7as estudando em tempo integral"},"content":{"rendered":"\n\t\t<!-- MasterSlider -->\n\t\t<div id=\"P_MS69f3dda77b6aa\" class=\"master-slider-parent master-slider-gallery   ms-parent-id-0\" style=\"\" >\n\n\t\t\t\n\t\t\t<!-- MasterSlider Main -->\n\t\t\t<div id=\"MS69f3dda77b6aa\" class=\"master-slider ms-skin-default\" >\n\t\t\t\t \t\t\t\t \n\t\t\t<div  class=\"ms-slide\" data-delay=\"3\"    >\n\t\t\t\t\t<img decoding=\"async\" src=\"http:\/\/www.apucarana.pr.gov.br\/site\/wp-content\/plugins\/masterslider\/public\/assets\/css\/blank.gif\" alt=\"WhatsApp Image 2023-02-28 at 15.30.40\" title=\"WhatsApp Image 2023-02-28 at 15.30.40\" data-src=\"http:\/\/www.apucarana.pr.gov.br\/site\/wp-content\/uploads\/2023\/02\/WhatsApp-Image-2023-02-28-at-15.30.40-1024x380.jpeg\" \/>\n\t<a href=\"http:\/\/www.apucarana.pr.gov.br\/site\/wp-content\/uploads\/2023\/02\/WhatsApp-Image-2023-02-28-at-15.30.40-1024x380.jpeg\" target=\"_self\"    >WhatsApp Image 2023-02-28 at 15.30.40<\/a>\n\n\n\t<img decoding=\"async\" class=\"ms-thumb\" src=\"http:\/\/www.apucarana.pr.gov.br\/site\/wp-content\/uploads\/2023\/02\/WhatsApp-Image-2023-02-28-at-15.30.40-1024x380-140x80.jpeg\" alt=\"WhatsApp Image 2023-02-28 at 15.30.40\" \/>\n\t\t\t\t<\/div>\n\t\t\t<div  class=\"ms-slide\" data-delay=\"3\"    >\n\t\t\t\t\t<img decoding=\"async\" src=\"http:\/\/www.apucarana.pr.gov.br\/site\/wp-content\/plugins\/masterslider\/public\/assets\/css\/blank.gif\" alt=\"WhatsApp Image 2023-02-28 at 15.30.33\" title=\"WhatsApp Image 2023-02-28 at 15.30.33\" data-src=\"http:\/\/www.apucarana.pr.gov.br\/site\/wp-content\/uploads\/2023\/02\/WhatsApp-Image-2023-02-28-at-15.30.33-1024x390.jpeg\" \/>\n\t<a href=\"http:\/\/www.apucarana.pr.gov.br\/site\/wp-content\/uploads\/2023\/02\/WhatsApp-Image-2023-02-28-at-15.30.33-1024x390.jpeg\" target=\"_self\"    >WhatsApp Image 2023-02-28 at 15.30.33<\/a>\n\n\n\t<img decoding=\"async\" class=\"ms-thumb\" src=\"http:\/\/www.apucarana.pr.gov.br\/site\/wp-content\/uploads\/2023\/02\/WhatsApp-Image-2023-02-28-at-15.30.33-1024x390-140x80.jpeg\" alt=\"WhatsApp Image 2023-02-28 at 15.30.33\" \/>\n\t\t\t\t<\/div>\n\t\t\t<div  class=\"ms-slide\" data-delay=\"3\"    >\n\t\t\t\t\t<img decoding=\"async\" src=\"http:\/\/www.apucarana.pr.gov.br\/site\/wp-content\/plugins\/masterslider\/public\/assets\/css\/blank.gif\" alt=\"WhatsApp Image 2023-02-28 at 15.30.26\" title=\"WhatsApp Image 2023-02-28 at 15.30.26\" data-src=\"http:\/\/www.apucarana.pr.gov.br\/site\/wp-content\/uploads\/2023\/02\/WhatsApp-Image-2023-02-28-at-15.30.26-1024x366.jpeg\" \/>\n\t<a href=\"http:\/\/www.apucarana.pr.gov.br\/site\/wp-content\/uploads\/2023\/02\/WhatsApp-Image-2023-02-28-at-15.30.26-1024x366.jpeg\" target=\"_self\"    >WhatsApp Image 2023-02-28 at 15.30.26<\/a>\n\n\n\t<img decoding=\"async\" class=\"ms-thumb\" src=\"http:\/\/www.apucarana.pr.gov.br\/site\/wp-content\/uploads\/2023\/02\/WhatsApp-Image-2023-02-28-at-15.30.26-1024x366-140x80.jpeg\" alt=\"WhatsApp Image 2023-02-28 at 15.30.26\" \/>\n\t\t\t\t<\/div>\n\t\t\t<div  class=\"ms-slide\" data-delay=\"3\"    >\n\t\t\t\t\t<img decoding=\"async\" src=\"http:\/\/www.apucarana.pr.gov.br\/site\/wp-content\/plugins\/masterslider\/public\/assets\/css\/blank.gif\" alt=\"EDUCA\u00c7\u00c3O INTEGRAL - SALA DE AULA\" title=\"EDUCA\u00c7\u00c3O INTEGRAL - SALA DE AULA\" data-src=\"http:\/\/www.apucarana.pr.gov.br\/site\/wp-content\/uploads\/2023\/02\/EDUCACAO-INTEGRAL-SALA-DE-AULA-1024x682.jpg\" \/>\n\t<a href=\"http:\/\/www.apucarana.pr.gov.br\/site\/wp-content\/uploads\/2023\/02\/EDUCACAO-INTEGRAL-SALA-DE-AULA-1024x682.jpg\" target=\"_self\"    >EDUCA\u00c7\u00c3O INTEGRAL - SALA DE AULA<\/a>\n\n\n\t<img decoding=\"async\" class=\"ms-thumb\" src=\"http:\/\/www.apucarana.pr.gov.br\/site\/wp-content\/uploads\/2023\/02\/EDUCACAO-INTEGRAL-SALA-DE-AULA-1024x682-140x80.jpg\" alt=\"EDUCA\u00c7\u00c3O INTEGRAL - SALA DE AULA\" \/>\n\t\t\t\t<\/div>\n\t\t\t<div  class=\"ms-slide\" data-delay=\"3\"    >\n\t\t\t\t\t<img decoding=\"async\" src=\"http:\/\/www.apucarana.pr.gov.br\/site\/wp-content\/plugins\/masterslider\/public\/assets\/css\/blank.gif\" alt=\"EDUCA\u00c7\u00c3O INTEGRAL - SALTO EM DIST\u00c2NCIA\" title=\"EDUCA\u00c7\u00c3O INTEGRAL - SALTO EM DIST\u00c2NCIA\" data-src=\"http:\/\/www.apucarana.pr.gov.br\/site\/wp-content\/uploads\/2023\/02\/EDUCACAO-INTEGRAL-SALTO-EM-DISTANCIA-1024x683.jpg\" \/>\n\t<a href=\"http:\/\/www.apucarana.pr.gov.br\/site\/wp-content\/uploads\/2023\/02\/EDUCACAO-INTEGRAL-SALTO-EM-DISTANCIA-1024x683.jpg\" target=\"_self\"    >EDUCA\u00c7\u00c3O INTEGRAL - SALTO EM DIST\u00c2NCIA<\/a>\n\n\n\t<img decoding=\"async\" class=\"ms-thumb\" src=\"http:\/\/www.apucarana.pr.gov.br\/site\/wp-content\/uploads\/2023\/02\/EDUCACAO-INTEGRAL-SALTO-EM-DISTANCIA-1024x683-140x80.jpg\" alt=\"EDUCA\u00c7\u00c3O INTEGRAL - SALTO EM DIST\u00c2NCIA\" \/>\n\t\t\t\t<\/div>\n\t\t\t<div  class=\"ms-slide\" data-delay=\"3\"    >\n\t\t\t\t\t<img decoding=\"async\" src=\"http:\/\/www.apucarana.pr.gov.br\/site\/wp-content\/plugins\/masterslider\/public\/assets\/css\/blank.gif\" alt=\"EDUCA\u00c7\u00c3O INTEGRAL - LEITURA\" title=\"EDUCA\u00c7\u00c3O INTEGRAL - LEITURA\" data-src=\"http:\/\/www.apucarana.pr.gov.br\/site\/wp-content\/uploads\/2023\/02\/EDUCACAO-INTEGRAL-LEITURA-1024x692.jpg\" \/>\n\t<a href=\"http:\/\/www.apucarana.pr.gov.br\/site\/wp-content\/uploads\/2023\/02\/EDUCACAO-INTEGRAL-LEITURA-1024x692.jpg\" target=\"_self\"    >EDUCA\u00c7\u00c3O INTEGRAL - LEITURA<\/a>\n\n\n\t<img decoding=\"async\" class=\"ms-thumb\" src=\"http:\/\/www.apucarana.pr.gov.br\/site\/wp-content\/uploads\/2023\/02\/EDUCACAO-INTEGRAL-LEITURA-1024x692-140x80.jpg\" alt=\"EDUCA\u00c7\u00c3O INTEGRAL - LEITURA\" \/>\n\t\t\t\t<\/div>\n\t\t\t<div  class=\"ms-slide\" data-delay=\"3\"    >\n\t\t\t\t\t<img decoding=\"async\" src=\"http:\/\/www.apucarana.pr.gov.br\/site\/wp-content\/plugins\/masterslider\/public\/assets\/css\/blank.gif\" alt=\"EDUCA\u00c7\u00c3O INTEGRAL - DAN\u00c7A\" title=\"EDUCA\u00c7\u00c3O INTEGRAL - DAN\u00c7A\" data-src=\"http:\/\/www.apucarana.pr.gov.br\/site\/wp-content\/uploads\/2023\/02\/EDUCACAO-INTEGRAL-DANCA-1024x709.jpg\" \/>\n\t<a href=\"http:\/\/www.apucarana.pr.gov.br\/site\/wp-content\/uploads\/2023\/02\/EDUCACAO-INTEGRAL-DANCA-1024x709.jpg\" target=\"_self\"    >EDUCA\u00c7\u00c3O INTEGRAL - DAN\u00c7A<\/a>\n\n\n\t<img decoding=\"async\" class=\"ms-thumb\" src=\"http:\/\/www.apucarana.pr.gov.br\/site\/wp-content\/uploads\/2023\/02\/EDUCACAO-INTEGRAL-DANCA-1024x709-140x80.jpg\" alt=\"EDUCA\u00c7\u00c3O INTEGRAL - DAN\u00c7A\" \/>\n\t\t\t\t<\/div>\n\t\t\t<div  class=\"ms-slide\" data-delay=\"3\"    >\n\t\t\t\t\t<img decoding=\"async\" src=\"http:\/\/www.apucarana.pr.gov.br\/site\/wp-content\/plugins\/masterslider\/public\/assets\/css\/blank.gif\" alt=\"EDUCA\u00c7\u00c3O INTEGRAL - ATLETISMO\" title=\"EDUCA\u00c7\u00c3O INTEGRAL - ATLETISMO\" data-src=\"http:\/\/www.apucarana.pr.gov.br\/site\/wp-content\/uploads\/2023\/02\/EDUCACAO-INTEGRAL-ATLETISMO.jpeg\" \/>\n\t<a href=\"http:\/\/www.apucarana.pr.gov.br\/site\/wp-content\/uploads\/2023\/02\/EDUCACAO-INTEGRAL-ATLETISMO.jpeg\" target=\"_self\"    >EDUCA\u00c7\u00c3O INTEGRAL - ATLETISMO<\/a>\n\n\n\t<img decoding=\"async\" class=\"ms-thumb\" src=\"http:\/\/www.apucarana.pr.gov.br\/site\/wp-content\/uploads\/2023\/02\/EDUCACAO-INTEGRAL-ATLETISMO-140x80.jpeg\" alt=\"EDUCA\u00c7\u00c3O INTEGRAL - ATLETISMO\" \/>\n\t\t\t\t<\/div>\n\t\t\t<div  class=\"ms-slide\" data-delay=\"3\"    >\n\t\t\t\t\t<img decoding=\"async\" src=\"http:\/\/www.apucarana.pr.gov.br\/site\/wp-content\/plugins\/masterslider\/public\/assets\/css\/blank.gif\" alt=\"EDUCA\u00c7\u00c3O INTEGRAL - ARTES MARCIAIS\" title=\"EDUCA\u00c7\u00c3O INTEGRAL - ARTES MARCIAIS\" data-src=\"http:\/\/www.apucarana.pr.gov.br\/site\/wp-content\/uploads\/2023\/02\/EDUCACAO-INTEGRAL-ARTES-MARCIAIS-1024x683.jpg\" \/>\n\t<a href=\"http:\/\/www.apucarana.pr.gov.br\/site\/wp-content\/uploads\/2023\/02\/EDUCACAO-INTEGRAL-ARTES-MARCIAIS-1024x683.jpg\" target=\"_self\"    >EDUCA\u00c7\u00c3O INTEGRAL - ARTES MARCIAIS<\/a>\n\n\n\t<img decoding=\"async\" class=\"ms-thumb\" src=\"http:\/\/www.apucarana.pr.gov.br\/site\/wp-content\/uploads\/2023\/02\/EDUCACAO-INTEGRAL-ARTES-MARCIAIS-1024x683-140x80.jpg\" alt=\"EDUCA\u00c7\u00c3O INTEGRAL - ARTES MARCIAIS\" \/>\n\t\t\t\t<\/div>\n\n\t\t\t<\/div>\n\t\t\t<!-- END MasterSlider Main -->\n\n\t\t\t \n\t\t<\/div>\n\t\t<!-- END MasterSlider -->\n\n\t\t<script>\n\t\t( window.MSReady = window.MSReady || [] ).push( function( $ ) {\n\n\t\t\t\"use strict\";\n\t\t\tvar masterslider_b6aa = new MasterSlider();\n\n\t\t\t\/\/ slider controls\n\t\t\tmasterslider_b6aa.control('arrows'     ,{ autohide:true, overVideo:true  });\n\t\t\tmasterslider_b6aa.control('thumblist'  ,{ autohide:false, overVideo:true, dir:'h', speed:17, inset:false, arrows:false, hover:false, customClass:'', align:'bottom',type:'thumbs', margin:2, width:140, height:80, space:2, fillMode:'fill'  });\n\t\t\t\/\/ slider setup\n\t\t\tmasterslider_b6aa.setup(\"MS69f3dda77b6aa\", {\n\t\t\t\twidth           : 960,\n\t\t\t\theight          : 540,\n\t\t\t\tminHeight       : 0,\n\t\t\t\tspace           : 0,\n\t\t\t\tstart           : 1,\n\t\t\t\tgrabCursor      : true,\n\t\t\t\tswipe           : true,\n\t\t\t\tmouse           : true,\n\t\t\t\tkeyboard        : false,\n\t\t\t\tlayout          : \"fillwidth\",\n\t\t\t\twheel           : false,\n\t\t\t\tautoplay        : true,\n                instantStartLayers:false,\n\t\t\t\tmobileBGVideo:false,\n\t\t\t\tloop            : true,\n\t\t\t\tshuffle         : false,\n\t\t\t\tpreload         : 3,\n\t\t\t\theightLimit     : false,\n\t\t\t\tautoHeight      : false,\n\t\t\t\tsmoothHeight    : true,\n\t\t\t\tendPause        : false,\n\t\t\t\toverPause       : false,\n\t\t\t\tfillMode        : \"fill\",\n\t\t\t\tcenterControls  : true,\n\t\t\t\tstartOnAppear   : false,\n\t\t\t\tlayersMode      : \"center\",\n\t\t\t\tautofillTarget  : \"\",\n\t\t\t\thideLayers      : false,\n\t\t\t\tfullscreenMargin: 0,\n\t\t\t\tspeed           : 17,\n\t\t\t\tdir             : \"h\",\n\t\t\t\tresponsive      : true,\n\t\t\t\ttabletWidth     : 768,\n\t\t\t\ttabletHeight    : null,\n\t\t\t\tphoneWidth      : 480,\n\t\t\t\tphoneHeight    : null,\n\t\t\t\tsizingReference : window,\n\t\t\t\tparallaxMode    : 'swipe',\n\t\t\t\tview            : \"basic\"\n\t\t\t});\n\n\t\t\t\n\t\t\twindow.masterslider_instances = window.masterslider_instances || [];\n\t\t\twindow.masterslider_instances.push( masterslider_b6aa );\n\t\t});\n\t\t<\/script>\n\n\n<p>Apucarana est\u00e1 em primeiro lugar no ranking dos munic\u00edpios paranaenses, de m\u00e9dio e grande porte, que possuem o maior n\u00famero de crian\u00e7as estudando em tempo integral. De cada 100 alunos matriculados na rede municipal, 89 ficam o dia todo nos centros infantis e escolas. Os dados s\u00e3o do Censo Escolar 2022, realizado pelo Minist\u00e9rio da Educa\u00e7\u00e3o, por meio do Instituto Nacional de Pesquisas Educacionais An\u00edsio Teixeira (INEP).<\/p>\n<p>A educa\u00e7\u00e3o integral \u00e9 uma concep\u00e7\u00e3o que defende a forma\u00e7\u00e3o do ser humano em todas as suas dimens\u00f5es: f\u00edsica, cognitiva, emocional, social, cultural, etc. A meta \u00e9 preparar as pessoas para que estas consigam fazer a leitura cr\u00edtica do mundo, conhecer os seus direitos e deveres enquanto cidad\u00e3s e atuar individual e coletivamente em benef\u00edcio da sociedade.<\/p>\n<p>O prefeito Junior da Femac destaca que o munic\u00edpio mantinha cinco escolas atendendo as crian\u00e7as em regime parcial at\u00e9 o ano passado. \u201cEntretanto, n\u00f3s decidimos expandir gradativamente a oferta da educa\u00e7\u00e3o integral a partir de 2023, em atendimento aos artigos 34 e 87 da Lei de Diretrizes e Bases da Educa\u00e7\u00e3o (Lei 9394\/1996). O nosso objetivo \u00e9 que cem por cento das crian\u00e7as apucaranenses, com idades entre 4 meses e dez anos, sejam contempladas nesta modalidade de ensino at\u00e9 2028,\u201d afirmou.<\/p>\n<p>Conforme a secret\u00e1ria Marli Fernandes, a amplia\u00e7\u00e3o da educa\u00e7\u00e3o integral s\u00f3 est\u00e1 sendo poss\u00edvel porque o ex-prefeito Beto Preto e o atual prefeito Junior da Femac fizeram da pasta a prioridade das suas gest\u00f5es. \u201cEles garantiram a reforma e amplia\u00e7\u00e3o de sessenta pr\u00e9dios escolares, o enriquecimento da merenda, a contrata\u00e7\u00e3o de mais professores e servidores, a forma\u00e7\u00e3o continuada dos profissionais e a constru\u00e7\u00e3o de um curr\u00edculo \u00fanico para as unidades de ensino, que contempla o ensino de m\u00fasica, dan\u00e7a, artes marciais, todas as modalidades esportivas, habilidades socioemocionais, L\u00edngua Brasileira de Sinais (Libras), Ingl\u00eas e Espanhol, entre outros saberes importantes para o desenvolvimento pleno dos estudantes. Al\u00e9m disso, as nossas escolas disp\u00f5em atualmente de um dos melhores materiais did\u00e1ticos do pa\u00eds,\u201d disse.<\/p>\n<p>O vice-prefeito Paulo Vital acrescentou que os resultados desses investimentos j\u00e1 v\u00eam sendo colhidos. \u201cOs nossos estudantes alcan\u00e7aram nota 7,3 na \u00faltima edi\u00e7\u00e3o do \u00cdndice de Desenvolvimento da Educa\u00e7\u00e3o B\u00e1sica (IDEB), sendo a melhor pontua\u00e7\u00e3o entre os munic\u00edpios de m\u00e9dio e grande porte do Paran\u00e1. Recentemente, um levantamento do portal QEdu (www.qedu.org.br) tamb\u00e9m mostrou que 84% das crian\u00e7as apucaranenses chegam ao 5\u00ba ano do Ensino Fundamental com aprendizado satisfat\u00f3rio em l\u00edngua portuguesa e 79% em matem\u00e1tica, novamente o melhor resultado entre os munic\u00edpios com mais de cem mil habitantes do estado. E, no final de 2021, um estudo do Grupo Bandeirantes de Televis\u00e3o e do Instituto \u00c1quila ainda apontou que Apucarana \u00e9 o munic\u00edpio brasileiro que oferta a melhor educa\u00e7\u00e3o p\u00fablica \u00e0s suas crian\u00e7as,\u201d comemorou.<\/p>\n<p>A t\u00edtulo de compara\u00e7\u00e3o, segundo os dados do Censo Escolar 2022, apenas 18% das crian\u00e7as brasileiras, nos munic\u00edpios com popula\u00e7\u00e3o superior a cem mil habitantes, s\u00e3o contempladas com a Educa\u00e7\u00e3o Integral. O \u00edndice sobe para 24% na Regi\u00e3o Sul e 27% no Paran\u00e1. J\u00e1 em Apucarana, 89% dos estudantes da rede municipal de educa\u00e7\u00e3o ficam nove horas di\u00e1rias nos centros infantis e escolas, onde recebem mais e melhores oportunidades de aprendizagem.<\/p>\n<p>Em outras palavras, Apucarana est\u00e1 em 1\u00ba lugar no Paran\u00e1, 2\u00ba lugar na Regi\u00e3o Sul e 3\u00ba lugar no Brasil em n\u00famero de alunos matriculados na Educa\u00e7\u00e3o Integral. O munic\u00edpio fica atr\u00e1s apenas de Governador Valadares, em Minas Gerais (100%), e Gravata\u00ed, no Rio Grande do Sul (94%).<\/p>\n","protected":false},"excerpt":{"rendered":"<p>Apucarana est&aacute; em primeiro lugar no ranking dos munic&iacute;pios paranaenses, de m&eacute;dio e grande porte, que possuem o maior n&uacute;mero de crian&ccedil;as estudando em tempo integral. De cada 100 alunos matriculados na rede municipal, 89 ficam o dia todo nos centros infantis e escolas. Os dados s&atilde;o do Censo Escolar 2022, realizado pelo Minist&eacute;rio da [&hellip;]<\/p>\n","protected":false},"author":8,"featured_media":77763,"comment_status":"closed","ping_status":"closed","sticky":false,"template":"","format":"standard","meta":{"footnotes":""},"categories":[24],"tags":[],"class_list":["post-77755","post","type-post","status-publish","format-standard","has-post-thumbnail","hentry","category-noticias"],"acf":[],"_links":{"self":[{"href":"http:\/\/www.apucarana.pr.gov.br\/site\/wp-json\/wp\/v2\/posts\/77755","targetHints":{"allow":["GET"]}}],"collection":[{"href":"http:\/\/www.apucarana.pr.gov.br\/site\/wp-json\/wp\/v2\/posts"}],"about":[{"href":"http:\/\/www.apucarana.pr.gov.br\/site\/wp-json\/wp\/v2\/types\/post"}],"author":[{"embeddable":true,"href":"http:\/\/www.apucarana.pr.gov.br\/site\/wp-json\/wp\/v2\/users\/8"}],"replies":[{"embeddable":true,"href":"http:\/\/www.apucarana.pr.gov.br\/site\/wp-json\/wp\/v2\/comments?post=77755"}],"version-history":[{"count":5,"href":"http:\/\/www.apucarana.pr.gov.br\/site\/wp-json\/wp\/v2\/posts\/77755\/revisions"}],"predecessor-version":[{"id":77921,"href":"http:\/\/www.apucarana.pr.gov.br\/site\/wp-json\/wp\/v2\/posts\/77755\/revisions\/77921"}],"wp:featuredmedia":[{"embeddable":true,"href":"http:\/\/www.apucarana.pr.gov.br\/site\/wp-json\/wp\/v2\/media\/77763"}],"wp:attachment":[{"href":"http:\/\/www.apucarana.pr.gov.br\/site\/wp-json\/wp\/v2\/media?parent=77755"}],"wp:term":[{"taxonomy":"category","embeddable":true,"href":"http:\/\/www.apucarana.pr.gov.br\/site\/wp-json\/wp\/v2\/categories?post=77755"},{"taxonomy":"post_tag","embeddable":true,"href":"http:\/\/www.apucarana.pr.gov.br\/site\/wp-json\/wp\/v2\/tags?post=77755"}],"curies":[{"name":"wp","href":"https:\/\/api.w.org\/{rel}","templated":true}]}}