{"id":77706,"date":"2023-02-27T16:28:04","date_gmt":"2023-02-27T19:28:04","guid":{"rendered":"http:\/\/www.apucarana.pr.gov.br\/site\/?p=77706"},"modified":"2024-10-08T09:29:15","modified_gmt":"2024-10-08T12:29:15","slug":"prefeitura-de-apucarana-e-sesc-viabilizam-formacao-cidada-a-jovens-entre-10-e-18-anos","status":"publish","type":"post","link":"http:\/\/www.apucarana.pr.gov.br\/site\/prefeitura-de-apucarana-e-sesc-viabilizam-formacao-cidada-a-jovens-entre-10-e-18-anos\/","title":{"rendered":"Prefeitura de Apucarana e Sesc viabilizam\u00a0forma\u00e7\u00e3o cidad\u00e3 a jovens entre 10 e 18 anos"},"content":{"rendered":"\n\t\t<!-- MasterSlider -->\n\t\t<div id=\"P_MS69f53cc1b130b\" class=\"master-slider-parent master-slider-gallery   ms-parent-id-0\" style=\"\" >\n\n\t\t\t\n\t\t\t<!-- MasterSlider Main -->\n\t\t\t<div id=\"MS69f53cc1b130b\" class=\"master-slider ms-skin-default\" >\n\t\t\t\t \t\t\t\t \n\t\t\t<div  class=\"ms-slide\" data-delay=\"3\"    >\n\t\t\t\t\t<img decoding=\"async\" src=\"http:\/\/www.apucarana.pr.gov.br\/site\/wp-content\/plugins\/masterslider\/public\/assets\/css\/blank.gif\" alt=\"MENOR APRENDIZ (1)\" title=\"MENOR APRENDIZ (1)\" data-src=\"http:\/\/www.apucarana.pr.gov.br\/site\/wp-content\/uploads\/2023\/02\/MENOR-APRENDIZ-1-1024x683.jpg\" \/>\n\t<a href=\"http:\/\/www.apucarana.pr.gov.br\/site\/wp-content\/uploads\/2023\/02\/MENOR-APRENDIZ-1-1024x683.jpg\" target=\"_self\"    >MENOR APRENDIZ (1)<\/a>\n\n\n\t<img decoding=\"async\" class=\"ms-thumb\" src=\"http:\/\/www.apucarana.pr.gov.br\/site\/wp-content\/uploads\/2023\/02\/MENOR-APRENDIZ-1-1024x683-140x80.jpg\" alt=\"MENOR APRENDIZ (1)\" \/>\n\t\t\t\t<\/div>\n\t\t\t<div  class=\"ms-slide\" data-delay=\"3\"    >\n\t\t\t\t\t<img decoding=\"async\" src=\"http:\/\/www.apucarana.pr.gov.br\/site\/wp-content\/plugins\/masterslider\/public\/assets\/css\/blank.gif\" alt=\"MENOR APRENDIZ (4)\" title=\"MENOR APRENDIZ (4)\" data-src=\"http:\/\/www.apucarana.pr.gov.br\/site\/wp-content\/uploads\/2023\/02\/MENOR-APRENDIZ-4-1024x683.jpg\" \/>\n\t<a href=\"http:\/\/www.apucarana.pr.gov.br\/site\/wp-content\/uploads\/2023\/02\/MENOR-APRENDIZ-4-1024x683.jpg\" target=\"_self\"    >MENOR APRENDIZ (4)<\/a>\n\n\n\t<img decoding=\"async\" class=\"ms-thumb\" src=\"http:\/\/www.apucarana.pr.gov.br\/site\/wp-content\/uploads\/2023\/02\/MENOR-APRENDIZ-4-1024x683-140x80.jpg\" alt=\"MENOR APRENDIZ (4)\" \/>\n\t\t\t\t<\/div>\n\t\t\t<div  class=\"ms-slide\" data-delay=\"3\"    >\n\t\t\t\t\t<img decoding=\"async\" src=\"http:\/\/www.apucarana.pr.gov.br\/site\/wp-content\/plugins\/masterslider\/public\/assets\/css\/blank.gif\" alt=\"MENOR APRENDIZ (6)\" title=\"MENOR APRENDIZ (6)\" data-src=\"http:\/\/www.apucarana.pr.gov.br\/site\/wp-content\/uploads\/2023\/02\/MENOR-APRENDIZ-6-1024x1024.jpg\" \/>\n\t<a href=\"http:\/\/www.apucarana.pr.gov.br\/site\/wp-content\/uploads\/2023\/02\/MENOR-APRENDIZ-6-1024x1024.jpg\" target=\"_self\"    >MENOR APRENDIZ (6)<\/a>\n\n\n\t<img decoding=\"async\" class=\"ms-thumb\" src=\"http:\/\/www.apucarana.pr.gov.br\/site\/wp-content\/uploads\/2023\/02\/MENOR-APRENDIZ-6-1024x1024-140x80.jpg\" alt=\"MENOR APRENDIZ (6)\" \/>\n\t\t\t\t<\/div>\n\t\t\t<div  class=\"ms-slide\" data-delay=\"3\"    >\n\t\t\t\t\t<img decoding=\"async\" src=\"http:\/\/www.apucarana.pr.gov.br\/site\/wp-content\/plugins\/masterslider\/public\/assets\/css\/blank.gif\" alt=\"MENOR APRENDIZ (7)\" title=\"MENOR APRENDIZ (7)\" data-src=\"http:\/\/www.apucarana.pr.gov.br\/site\/wp-content\/uploads\/2023\/02\/MENOR-APRENDIZ-7-1024x683.jpg\" \/>\n\t<a href=\"http:\/\/www.apucarana.pr.gov.br\/site\/wp-content\/uploads\/2023\/02\/MENOR-APRENDIZ-7-1024x683.jpg\" target=\"_self\"    >MENOR APRENDIZ (7)<\/a>\n\n\n\t<img decoding=\"async\" class=\"ms-thumb\" src=\"http:\/\/www.apucarana.pr.gov.br\/site\/wp-content\/uploads\/2023\/02\/MENOR-APRENDIZ-7-1024x683-140x80.jpg\" alt=\"MENOR APRENDIZ (7)\" \/>\n\t\t\t\t<\/div>\n\t\t\t<div  class=\"ms-slide\" data-delay=\"3\"    >\n\t\t\t\t\t<img decoding=\"async\" src=\"http:\/\/www.apucarana.pr.gov.br\/site\/wp-content\/plugins\/masterslider\/public\/assets\/css\/blank.gif\" alt=\"MENOR APRENDIZ (8)\" title=\"MENOR APRENDIZ (8)\" data-src=\"http:\/\/www.apucarana.pr.gov.br\/site\/wp-content\/uploads\/2023\/02\/MENOR-APRENDIZ-8-1024x683.jpg\" \/>\n\t<a href=\"http:\/\/www.apucarana.pr.gov.br\/site\/wp-content\/uploads\/2023\/02\/MENOR-APRENDIZ-8-1024x683.jpg\" target=\"_self\"    >MENOR APRENDIZ (8)<\/a>\n\n\n\t<img decoding=\"async\" class=\"ms-thumb\" src=\"http:\/\/www.apucarana.pr.gov.br\/site\/wp-content\/uploads\/2023\/02\/MENOR-APRENDIZ-8-1024x683-140x80.jpg\" alt=\"MENOR APRENDIZ (8)\" \/>\n\t\t\t\t<\/div>\n\t\t\t<div  class=\"ms-slide\" data-delay=\"3\"    >\n\t\t\t\t\t<img decoding=\"async\" src=\"http:\/\/www.apucarana.pr.gov.br\/site\/wp-content\/plugins\/masterslider\/public\/assets\/css\/blank.gif\" alt=\"MENOR APRENDIZ (12)\" title=\"MENOR APRENDIZ (12)\" data-src=\"http:\/\/www.apucarana.pr.gov.br\/site\/wp-content\/uploads\/2023\/02\/MENOR-APRENDIZ-12-1024x1024.jpg\" \/>\n\t<a href=\"http:\/\/www.apucarana.pr.gov.br\/site\/wp-content\/uploads\/2023\/02\/MENOR-APRENDIZ-12-1024x1024.jpg\" target=\"_self\"    >MENOR APRENDIZ (12)<\/a>\n\n\n\t<img decoding=\"async\" class=\"ms-thumb\" src=\"http:\/\/www.apucarana.pr.gov.br\/site\/wp-content\/uploads\/2023\/02\/MENOR-APRENDIZ-12-1024x1024-140x80.jpg\" alt=\"MENOR APRENDIZ (12)\" \/>\n\t\t\t\t<\/div>\n\t\t\t<div  class=\"ms-slide\" data-delay=\"3\"    >\n\t\t\t\t\t<img decoding=\"async\" src=\"http:\/\/www.apucarana.pr.gov.br\/site\/wp-content\/plugins\/masterslider\/public\/assets\/css\/blank.gif\" alt=\"MENOR APRENDIZ (13)\" title=\"MENOR APRENDIZ (13)\" data-src=\"http:\/\/www.apucarana.pr.gov.br\/site\/wp-content\/uploads\/2023\/02\/MENOR-APRENDIZ-13-1024x683.jpg\" \/>\n\t<a href=\"http:\/\/www.apucarana.pr.gov.br\/site\/wp-content\/uploads\/2023\/02\/MENOR-APRENDIZ-13-1024x683.jpg\" target=\"_self\"    >MENOR APRENDIZ (13)<\/a>\n\n\n\t<img decoding=\"async\" class=\"ms-thumb\" src=\"http:\/\/www.apucarana.pr.gov.br\/site\/wp-content\/uploads\/2023\/02\/MENOR-APRENDIZ-13-1024x683-140x80.jpg\" alt=\"MENOR APRENDIZ (13)\" \/>\n\t\t\t\t<\/div>\n\n\t\t\t<\/div>\n\t\t\t<!-- END MasterSlider Main -->\n\n\t\t\t \n\t\t<\/div>\n\t\t<!-- END MasterSlider -->\n\n\t\t<script>\n\t\t( window.MSReady = window.MSReady || [] ).push( function( $ ) {\n\n\t\t\t\"use strict\";\n\t\t\tvar masterslider_130b = new MasterSlider();\n\n\t\t\t\/\/ slider controls\n\t\t\tmasterslider_130b.control('arrows'     ,{ autohide:true, overVideo:true  });\n\t\t\tmasterslider_130b.control('thumblist'  ,{ autohide:false, overVideo:true, dir:'h', speed:17, inset:false, arrows:false, hover:false, customClass:'', align:'bottom',type:'thumbs', margin:2, width:140, height:80, space:2, fillMode:'fill'  });\n\t\t\t\/\/ slider setup\n\t\t\tmasterslider_130b.setup(\"MS69f53cc1b130b\", {\n\t\t\t\twidth           : 960,\n\t\t\t\theight          : 540,\n\t\t\t\tminHeight       : 0,\n\t\t\t\tspace           : 0,\n\t\t\t\tstart           : 1,\n\t\t\t\tgrabCursor      : true,\n\t\t\t\tswipe           : true,\n\t\t\t\tmouse           : true,\n\t\t\t\tkeyboard        : false,\n\t\t\t\tlayout          : \"fillwidth\",\n\t\t\t\twheel           : false,\n\t\t\t\tautoplay        : true,\n                instantStartLayers:false,\n\t\t\t\tmobileBGVideo:false,\n\t\t\t\tloop            : true,\n\t\t\t\tshuffle         : false,\n\t\t\t\tpreload         : 3,\n\t\t\t\theightLimit     : false,\n\t\t\t\tautoHeight      : false,\n\t\t\t\tsmoothHeight    : true,\n\t\t\t\tendPause        : false,\n\t\t\t\toverPause       : false,\n\t\t\t\tfillMode        : \"fill\",\n\t\t\t\tcenterControls  : true,\n\t\t\t\tstartOnAppear   : false,\n\t\t\t\tlayersMode      : \"center\",\n\t\t\t\tautofillTarget  : \"\",\n\t\t\t\thideLayers      : false,\n\t\t\t\tfullscreenMargin: 0,\n\t\t\t\tspeed           : 17,\n\t\t\t\tdir             : \"h\",\n\t\t\t\tresponsive      : true,\n\t\t\t\ttabletWidth     : 768,\n\t\t\t\ttabletHeight    : null,\n\t\t\t\tphoneWidth      : 480,\n\t\t\t\tphoneHeight    : null,\n\t\t\t\tsizingReference : window,\n\t\t\t\tparallaxMode    : 'swipe',\n\t\t\t\tview            : \"basic\"\n\t\t\t});\n\n\t\t\t\n\t\t\twindow.masterslider_instances = window.masterslider_instances || [];\n\t\t\twindow.masterslider_instances.push( masterslider_130b );\n\t\t});\n\t\t<\/script>\n\n\n<p>Cento e cinquenta alunos oriundos da rede p\u00fablica de ensino iniciaram nesta segunda-feira (27\/02) atividades de contraturno atrav\u00e9s de programas de forma\u00e7\u00e3o cidad\u00e3 viabilizados gratuitamente pela Prefeitura de Apucarana e o Servi\u00e7o Social do Com\u00e9rcio (Sesc). Com 40 estudantes matriculados, com idades entre 10 e 14 anos, o Programa Jovem Cidad\u00e3o teve aula inaugural na parte da manh\u00e3. Com 110 jovens, o Programa Pr\u00e9-Aprendiz, direcionado a alunos com idades entre 14 e 18 anos, foi aberto oficialmente na parte da tarde, na sede do Sesc Apucarana, em evento que contou com a participa\u00e7\u00e3o do prefeito J\u00fanior da Femac.<\/p>\n<p>Ao longo do ano, com atividades duas vezes por semana, os aprendizes ir\u00e3o ter acesso a atividades de contraturno na \u00e1rea de letramento, racioc\u00ednio l\u00f3gico, introdu\u00e7\u00e3o \u00e0 inform\u00e1tica, cidadania e inicia\u00e7\u00e3o esportiva. O prefeito frisou que este \u00e9 o sexto ano da parceria, que j\u00e1 beneficiou cerca de 650 jovens. \u201cDesenvolvemos v\u00e1rios programas de qualifica\u00e7\u00e3o dentro da Secretaria da Ind\u00fastria, Com\u00e9rcio e Emprego e estes que iniciam hoje contribuem para que nossos jovens entrem mais preparados no mundo do trabalho\u201d, pontuou o prefeito J\u00fanior da Femac.<\/p>\n<p>O gerente-executivo do Sesc Apucarana, Ronaldo Romani Ficagno, enalteceu a parceria da prefeitura. Segundo ele, trata-se de \u201cum v\u00ednculo de sucesso que se fortalece a cada ano\u201d. \u201cNada disto seria poss\u00edvel sem a for\u00e7a da prefeitura. Atrav\u00e9s destes cursos levamos atividades de contraturno escolar de modo que ao fim de cada ano todos estes jovens possam saiar melhor formados do que ingressaram\u201d, enfatizou Ficagno.<\/p>\n<p>Presente na aula inaugural, o vice-prefeito Paulo S\u00e9rgio Vital parabenizou aos jovens pela busca de novos conhecimentos. \u201cDestaco a coragem que cada um aqui teve de sair da frente das telas do smartphone, da televis\u00e3o, do computador, para estarem neste curso que vai capacit\u00e1-los para o mundo do trabalho, cada vez mais competitivo. Com certeza todos saem na frente e ter\u00e3o melhores oportunidades\u201d, assinalou Vital.<\/p>\n<p>Prestigiaram ainda a aula inaugural dos cursos de forma\u00e7\u00e3o o presidente da Associa\u00e7\u00e3o Comercial, Industrial e de Servi\u00e7os de Apucarana (Acia), Wanderlei Faganello, a assistente t\u00e9cnica do N\u00facleo Regional de Educa\u00e7\u00e3o do Governo do Paran\u00e1 (NRE), professora Patr\u00edcia Cristina Marchi, que no ato representou o chefe do NRE, professor Vladimir Barbosa da Silva, o secret\u00e1rio Municipal da Ind\u00fastria, Com\u00e9rcio e Ind\u00fastria, Edison Peres Estrope, acompanhado do superintendente Adan Lenharo e dos gestores do Centro de Qualifica\u00e7\u00e3o Total, Miguel Luis Vilas Boas (diretor) e Dorival Miguel da Silva (coordenador), a presidente da C\u00e2mara da Mulher Empreendedora e Gestora de Neg\u00f3cios de Apucarana (Cmeg), Sueli Carmona Dias, o gerente-executivo do Senac Apucarana, Lucas Salvalaggio da Silva, e o comandante da Guarda Civil Municipal (GCM), Reinaldo de Andrade, cuja corpora\u00e7\u00e3o participa das atividades do Programa Jovem Cidad\u00e3o.<\/p>\n","protected":false},"excerpt":{"rendered":"<p>Cento e cinquenta alunos oriundos da rede p&uacute;blica de ensino iniciaram nesta segunda-feira (27\/02) atividades de contraturno atrav&eacute;s de programas de forma&ccedil;&atilde;o cidad&atilde; viabilizados gratuitamente pela Prefeitura de Apucarana e o Servi&ccedil;o Social do Com&eacute;rcio (Sesc). Com 40 estudantes matriculados, com idades entre 10 e 14 anos, o Programa Jovem Cidad&atilde;o teve aula inaugural na [&hellip;]<\/p>\n","protected":false},"author":7,"featured_media":77709,"comment_status":"closed","ping_status":"closed","sticky":false,"template":"","format":"standard","meta":{"footnotes":""},"categories":[24],"tags":[],"class_list":["post-77706","post","type-post","status-publish","format-standard","has-post-thumbnail","hentry","category-noticias"],"acf":[],"_links":{"self":[{"href":"http:\/\/www.apucarana.pr.gov.br\/site\/wp-json\/wp\/v2\/posts\/77706","targetHints":{"allow":["GET"]}}],"collection":[{"href":"http:\/\/www.apucarana.pr.gov.br\/site\/wp-json\/wp\/v2\/posts"}],"about":[{"href":"http:\/\/www.apucarana.pr.gov.br\/site\/wp-json\/wp\/v2\/types\/post"}],"author":[{"embeddable":true,"href":"http:\/\/www.apucarana.pr.gov.br\/site\/wp-json\/wp\/v2\/users\/7"}],"replies":[{"embeddable":true,"href":"http:\/\/www.apucarana.pr.gov.br\/site\/wp-json\/wp\/v2\/comments?post=77706"}],"version-history":[{"count":1,"href":"http:\/\/www.apucarana.pr.gov.br\/site\/wp-json\/wp\/v2\/posts\/77706\/revisions"}],"predecessor-version":[{"id":77714,"href":"http:\/\/www.apucarana.pr.gov.br\/site\/wp-json\/wp\/v2\/posts\/77706\/revisions\/77714"}],"wp:featuredmedia":[{"embeddable":true,"href":"http:\/\/www.apucarana.pr.gov.br\/site\/wp-json\/wp\/v2\/media\/77709"}],"wp:attachment":[{"href":"http:\/\/www.apucarana.pr.gov.br\/site\/wp-json\/wp\/v2\/media?parent=77706"}],"wp:term":[{"taxonomy":"category","embeddable":true,"href":"http:\/\/www.apucarana.pr.gov.br\/site\/wp-json\/wp\/v2\/categories?post=77706"},{"taxonomy":"post_tag","embeddable":true,"href":"http:\/\/www.apucarana.pr.gov.br\/site\/wp-json\/wp\/v2\/tags?post=77706"}],"curies":[{"name":"wp","href":"https:\/\/api.w.org\/{rel}","templated":true}]}}