{"id":77700,"date":"2023-02-27T16:12:32","date_gmt":"2023-02-27T19:12:32","guid":{"rendered":"http:\/\/www.apucarana.pr.gov.br\/site\/?p=77700"},"modified":"2024-10-08T09:29:15","modified_gmt":"2024-10-08T12:29:15","slug":"reuniao-define-seguranca-e-transito-para-jogo-entre-apucarana-e-corinthians","status":"publish","type":"post","link":"http:\/\/www.apucarana.pr.gov.br\/site\/reuniao-define-seguranca-e-transito-para-jogo-entre-apucarana-e-corinthians\/","title":{"rendered":"Reuni\u00e3o define seguran\u00e7a e tr\u00e2nsito para jogo entre Apucarana e Corinthians"},"content":{"rendered":"\n\t\t<!-- MasterSlider -->\n\t\t<div id=\"P_MS69f36ae2c507e\" class=\"master-slider-parent master-slider-gallery   ms-parent-id-0\" style=\"\" >\n\n\t\t\t\n\t\t\t<!-- MasterSlider Main -->\n\t\t\t<div id=\"MS69f36ae2c507e\" class=\"master-slider ms-skin-default\" >\n\t\t\t\t \t\t\t\t \n\t\t\t<div  class=\"ms-slide\" data-delay=\"3\"    >\n\t\t\t\t\t<img decoding=\"async\" src=\"http:\/\/www.apucarana.pr.gov.br\/site\/wp-content\/plugins\/masterslider\/public\/assets\/css\/blank.gif\" alt=\"SEGURAN\u00c7A (1)\" title=\"SEGURAN\u00c7A (1)\" data-src=\"http:\/\/www.apucarana.pr.gov.br\/site\/wp-content\/uploads\/2023\/02\/SEGURANCA-1-1024x1024.jpg\" \/>\n\t<a href=\"http:\/\/www.apucarana.pr.gov.br\/site\/wp-content\/uploads\/2023\/02\/SEGURANCA-1-1024x1024.jpg\" target=\"_self\"    >SEGURAN\u00c7A (1)<\/a>\n\n\n\t<img decoding=\"async\" class=\"ms-thumb\" src=\"http:\/\/www.apucarana.pr.gov.br\/site\/wp-content\/uploads\/2023\/02\/SEGURANCA-1-1024x1024-140x80.jpg\" alt=\"SEGURAN\u00c7A (1)\" \/>\n\t\t\t\t<\/div>\n\t\t\t<div  class=\"ms-slide\" data-delay=\"3\"    >\n\t\t\t\t\t<img decoding=\"async\" src=\"http:\/\/www.apucarana.pr.gov.br\/site\/wp-content\/plugins\/masterslider\/public\/assets\/css\/blank.gif\" alt=\"SEGURAN\u00c7A (4)\" title=\"SEGURAN\u00c7A (4)\" data-src=\"http:\/\/www.apucarana.pr.gov.br\/site\/wp-content\/uploads\/2023\/02\/SEGURANCA-4-1024x1024.jpg\" \/>\n\t<a href=\"http:\/\/www.apucarana.pr.gov.br\/site\/wp-content\/uploads\/2023\/02\/SEGURANCA-4-1024x1024.jpg\" target=\"_self\"    >SEGURAN\u00c7A (4)<\/a>\n\n\n\t<img decoding=\"async\" class=\"ms-thumb\" src=\"http:\/\/www.apucarana.pr.gov.br\/site\/wp-content\/uploads\/2023\/02\/SEGURANCA-4-1024x1024-140x80.jpg\" alt=\"SEGURAN\u00c7A (4)\" \/>\n\t\t\t\t<\/div>\n\t\t\t<div  class=\"ms-slide\" data-delay=\"3\"    >\n\t\t\t\t\t<img decoding=\"async\" src=\"http:\/\/www.apucarana.pr.gov.br\/site\/wp-content\/plugins\/masterslider\/public\/assets\/css\/blank.gif\" alt=\"SEGURAN\u00c7A (7)\" title=\"SEGURAN\u00c7A (7)\" data-src=\"http:\/\/www.apucarana.pr.gov.br\/site\/wp-content\/uploads\/2023\/02\/SEGURANCA-7-1024x683.jpg\" \/>\n\t<a href=\"http:\/\/www.apucarana.pr.gov.br\/site\/wp-content\/uploads\/2023\/02\/SEGURANCA-7-1024x683.jpg\" target=\"_self\"    >SEGURAN\u00c7A (7)<\/a>\n\n\n\t<img decoding=\"async\" class=\"ms-thumb\" src=\"http:\/\/www.apucarana.pr.gov.br\/site\/wp-content\/uploads\/2023\/02\/SEGURANCA-7-1024x683-140x80.jpg\" alt=\"SEGURAN\u00c7A (7)\" \/>\n\t\t\t\t<\/div>\n\n\t\t\t<\/div>\n\t\t\t<!-- END MasterSlider Main -->\n\n\t\t\t \n\t\t<\/div>\n\t\t<!-- END MasterSlider -->\n\n\t\t<script>\n\t\t( window.MSReady = window.MSReady || [] ).push( function( $ ) {\n\n\t\t\t\"use strict\";\n\t\t\tvar masterslider_507e = new MasterSlider();\n\n\t\t\t\/\/ slider controls\n\t\t\tmasterslider_507e.control('arrows'     ,{ autohide:true, overVideo:true  });\n\t\t\tmasterslider_507e.control('thumblist'  ,{ autohide:false, overVideo:true, dir:'h', speed:17, inset:false, arrows:false, hover:false, customClass:'', align:'bottom',type:'thumbs', margin:2, width:140, height:80, space:2, fillMode:'fill'  });\n\t\t\t\/\/ slider setup\n\t\t\tmasterslider_507e.setup(\"MS69f36ae2c507e\", {\n\t\t\t\twidth           : 960,\n\t\t\t\theight          : 540,\n\t\t\t\tminHeight       : 0,\n\t\t\t\tspace           : 0,\n\t\t\t\tstart           : 1,\n\t\t\t\tgrabCursor      : true,\n\t\t\t\tswipe           : true,\n\t\t\t\tmouse           : true,\n\t\t\t\tkeyboard        : false,\n\t\t\t\tlayout          : \"fillwidth\",\n\t\t\t\twheel           : false,\n\t\t\t\tautoplay        : true,\n                instantStartLayers:false,\n\t\t\t\tmobileBGVideo:false,\n\t\t\t\tloop            : true,\n\t\t\t\tshuffle         : false,\n\t\t\t\tpreload         : 3,\n\t\t\t\theightLimit     : false,\n\t\t\t\tautoHeight      : false,\n\t\t\t\tsmoothHeight    : true,\n\t\t\t\tendPause        : false,\n\t\t\t\toverPause       : false,\n\t\t\t\tfillMode        : \"fill\",\n\t\t\t\tcenterControls  : true,\n\t\t\t\tstartOnAppear   : false,\n\t\t\t\tlayersMode      : \"center\",\n\t\t\t\tautofillTarget  : \"\",\n\t\t\t\thideLayers      : false,\n\t\t\t\tfullscreenMargin: 0,\n\t\t\t\tspeed           : 17,\n\t\t\t\tdir             : \"h\",\n\t\t\t\tresponsive      : true,\n\t\t\t\ttabletWidth     : 768,\n\t\t\t\ttabletHeight    : null,\n\t\t\t\tphoneWidth      : 480,\n\t\t\t\tphoneHeight    : null,\n\t\t\t\tsizingReference : window,\n\t\t\t\tparallaxMode    : 'swipe',\n\t\t\t\tview            : \"basic\"\n\t\t\t});\n\n\t\t\t\n\t\t\twindow.masterslider_instances = window.masterslider_instances || [];\n\t\t\twindow.masterslider_instances.push( masterslider_507e );\n\t\t});\n\t\t<\/script>\n\n\n<p>Com a expectativa de receber caravanas de torcedores de mais de 25 munic\u00edpios da regi\u00e3o, uma das preocupa\u00e7\u00f5es \u00e9 quanto \u00e0 ordena\u00e7\u00e3o do tr\u00e2nsito e \u00e0 seguran\u00e7a\u00a0 no dia do jogo entre o Apucarana Futsal e o Corinthians. O jogo amistoso acontece na quarta-feira (01\/03), \u00e0s 20 horas, no gin\u00e1sio do Complexo Esportivo Jos\u00e9 Ant\u00f4nio Basso (Lago\u00e3o), e dever\u00e1 reunir entre 4 e 5 mil torcedores.<\/p>\n<p>Uma reuni\u00e3o para definir a log\u00edstica relacionada ao jogo foi realizada nesta segunda-feira (27\/02), no gabinete do prefeito Junior da Femac, e contou com a presen\u00e7a do aspirante a oficial Andrey Shevchuk, representando o 10\u00ba Batalh\u00e3o de Pol\u00edcia Militar, de Reinaldo Donizete\u00a0<em>de Andrade<\/em>, comandante da Guarda Civil Municipal (GCM), Carlos Mendes, diretor-presidente do Instituto de Desenvolvimento, Pesquisa e Planejamento de Apucarana (Idepplan), de Danylo Acioli, presidente do Apucarana Futsal, e do vereador Rodrigo Lievore.<\/p>\n<p>O prefeito Junior da Femac afirma que a dire\u00e7\u00e3o do Apucarana Futsal j\u00e1 foi contatada por pessoas de mais de 25 munic\u00edpios, do Vale do Iva\u00ed e tamb\u00e9m das regi\u00f5es de Maring\u00e1 e Londrina. \u201cA expectativa j\u00e1 era grande e ficou ainda maior depois da grande vit\u00f3ria, no \u00faltimo s\u00e1bado, sobre a equipe do Cascavel, atual campe\u00e3o da Libertadores. A reuni\u00e3o teve o objetivo para cuidar das quest\u00f5es de tr\u00e2nsito, pois haver\u00e1 um grande fluxo de ve\u00edculos e de \u00f4nibus na regi\u00e3o do Lago\u00e3o neste dia e tamb\u00e9m visando garantir a seguran\u00e7a dentro do gin\u00e1sio e tamb\u00e9m nas imedia\u00e7\u00f5es\u201d, reitera Junior da Femac.<\/p>\n<p>O presidente do Apucarana Futsal afirma que estar\u00e3o presentes em Apucarana integrantes da torcida organizada Gavi\u00f5es da Fiel. \u201cEles costumam descer do \u00f4nibus junto com a bateria, proporcionando um grande espet\u00e1culo. Esse, al\u00e9m da oportunidade de conferir o time que \u00e9 o atual campe\u00e3o da liga nacional, \u00e9 mais um atrativo para o p\u00fablico\u201d, frisa Acioli.<\/p>\n<p>Os ingressos para o jogo amistoso contra o Corinthians podem ser adquiridos com o presidente do Apucarana Futsal, Danylo Acioli, na Edu Cal\u00e7ados, Loja Esportes Camisa 10, GRG Sport, 98 FM, Parra Barbearia, Clube 28 de Janeiro e no site: www.ingressonacional.com.br. O ingresso custar\u00e1 por partida R$ 23 (R$ 20 mais R$ 3 de taxa de servi\u00e7o).<\/p>\n","protected":false},"excerpt":{"rendered":"<p>Com a expectativa de receber caravanas de torcedores de mais de 25 munic&iacute;pios da regi&atilde;o, uma das preocupa&ccedil;&otilde;es &eacute; quanto &agrave; ordena&ccedil;&atilde;o do tr&acirc;nsito e &agrave; seguran&ccedil;a&nbsp; no dia do jogo entre o Apucarana Futsal e o Corinthians. O jogo amistoso acontece na quarta-feira (01\/03), &agrave;s 20 horas, no gin&aacute;sio do Complexo Esportivo Jos&eacute; Ant&ocirc;nio [&hellip;]<\/p>\n","protected":false},"author":7,"featured_media":77701,"comment_status":"closed","ping_status":"closed","sticky":false,"template":"","format":"standard","meta":{"footnotes":""},"categories":[24],"tags":[],"class_list":["post-77700","post","type-post","status-publish","format-standard","has-post-thumbnail","hentry","category-noticias"],"acf":[],"_links":{"self":[{"href":"http:\/\/www.apucarana.pr.gov.br\/site\/wp-json\/wp\/v2\/posts\/77700","targetHints":{"allow":["GET"]}}],"collection":[{"href":"http:\/\/www.apucarana.pr.gov.br\/site\/wp-json\/wp\/v2\/posts"}],"about":[{"href":"http:\/\/www.apucarana.pr.gov.br\/site\/wp-json\/wp\/v2\/types\/post"}],"author":[{"embeddable":true,"href":"http:\/\/www.apucarana.pr.gov.br\/site\/wp-json\/wp\/v2\/users\/7"}],"replies":[{"embeddable":true,"href":"http:\/\/www.apucarana.pr.gov.br\/site\/wp-json\/wp\/v2\/comments?post=77700"}],"version-history":[{"count":2,"href":"http:\/\/www.apucarana.pr.gov.br\/site\/wp-json\/wp\/v2\/posts\/77700\/revisions"}],"predecessor-version":[{"id":77716,"href":"http:\/\/www.apucarana.pr.gov.br\/site\/wp-json\/wp\/v2\/posts\/77700\/revisions\/77716"}],"wp:featuredmedia":[{"embeddable":true,"href":"http:\/\/www.apucarana.pr.gov.br\/site\/wp-json\/wp\/v2\/media\/77701"}],"wp:attachment":[{"href":"http:\/\/www.apucarana.pr.gov.br\/site\/wp-json\/wp\/v2\/media?parent=77700"}],"wp:term":[{"taxonomy":"category","embeddable":true,"href":"http:\/\/www.apucarana.pr.gov.br\/site\/wp-json\/wp\/v2\/categories?post=77700"},{"taxonomy":"post_tag","embeddable":true,"href":"http:\/\/www.apucarana.pr.gov.br\/site\/wp-json\/wp\/v2\/tags?post=77700"}],"curies":[{"name":"wp","href":"https:\/\/api.w.org\/{rel}","templated":true}]}}