{"id":77328,"date":"2023-02-14T11:43:42","date_gmt":"2023-02-14T14:43:42","guid":{"rendered":"http:\/\/www.apucarana.pr.gov.br\/site\/?p=77328"},"modified":"2024-10-08T09:29:19","modified_gmt":"2024-10-08T12:29:19","slug":"com-mais-de-300-alunos-aulas-de-ginastica-comecam-no-lagoao","status":"publish","type":"post","link":"http:\/\/www.apucarana.pr.gov.br\/site\/com-mais-de-300-alunos-aulas-de-ginastica-comecam-no-lagoao\/","title":{"rendered":"Com mais de 300 alunos, aulas de gin\u00e1stica come\u00e7am no Lago\u00e3o"},"content":{"rendered":"\n\t\t<!-- MasterSlider -->\n\t\t<div id=\"P_MS69f562090b798\" class=\"master-slider-parent master-slider-gallery   ms-parent-id-0\" style=\"\" >\n\n\t\t\t\n\t\t\t<!-- MasterSlider Main -->\n\t\t\t<div id=\"MS69f562090b798\" class=\"master-slider ms-skin-default\" >\n\t\t\t\t \t\t\t\t \n\t\t\t<div  class=\"ms-slide\" data-delay=\"3\"    >\n\t\t\t\t\t<img decoding=\"async\" src=\"http:\/\/www.apucarana.pr.gov.br\/site\/wp-content\/plugins\/masterslider\/public\/assets\/css\/blank.gif\" alt=\"WhatsApp Image 2023-02-14 at 11.15.48\" title=\"WhatsApp Image 2023-02-14 at 11.15.48\" data-src=\"http:\/\/www.apucarana.pr.gov.br\/site\/wp-content\/uploads\/2023\/02\/WhatsApp-Image-2023-02-14-at-11.15.48-1-1024x768.jpeg\" \/>\n\t<a href=\"http:\/\/www.apucarana.pr.gov.br\/site\/wp-content\/uploads\/2023\/02\/WhatsApp-Image-2023-02-14-at-11.15.48-1-1024x768.jpeg\" target=\"_self\"    >WhatsApp Image 2023-02-14 at 11.15.48<\/a>\n\n\n\t<img decoding=\"async\" class=\"ms-thumb\" src=\"http:\/\/www.apucarana.pr.gov.br\/site\/wp-content\/uploads\/2023\/02\/WhatsApp-Image-2023-02-14-at-11.15.48-1-1024x768-140x80.jpeg\" alt=\"WhatsApp Image 2023-02-14 at 11.15.48\" \/>\n\t\t\t\t<\/div>\n\t\t\t<div  class=\"ms-slide\" data-delay=\"3\"    >\n\t\t\t\t\t<img decoding=\"async\" src=\"http:\/\/www.apucarana.pr.gov.br\/site\/wp-content\/plugins\/masterslider\/public\/assets\/css\/blank.gif\" alt=\"WhatsApp Image 2023-02-14 at 11.15.57\" title=\"WhatsApp Image 2023-02-14 at 11.15.57\" data-src=\"http:\/\/www.apucarana.pr.gov.br\/site\/wp-content\/uploads\/2023\/02\/WhatsApp-Image-2023-02-14-at-11.15.57-1024x643.jpeg\" \/>\n\t<a href=\"http:\/\/www.apucarana.pr.gov.br\/site\/wp-content\/uploads\/2023\/02\/WhatsApp-Image-2023-02-14-at-11.15.57-1024x643.jpeg\" target=\"_self\"    >WhatsApp Image 2023-02-14 at 11.15.57<\/a>\n\n\n\t<img decoding=\"async\" class=\"ms-thumb\" src=\"http:\/\/www.apucarana.pr.gov.br\/site\/wp-content\/uploads\/2023\/02\/WhatsApp-Image-2023-02-14-at-11.15.57-1024x643-140x80.jpeg\" alt=\"WhatsApp Image 2023-02-14 at 11.15.57\" \/>\n\t\t\t\t<\/div>\n\t\t\t<div  class=\"ms-slide\" data-delay=\"3\"    >\n\t\t\t\t\t<img decoding=\"async\" src=\"http:\/\/www.apucarana.pr.gov.br\/site\/wp-content\/plugins\/masterslider\/public\/assets\/css\/blank.gif\" alt=\"WhatsApp Image 2023-02-14 at 11.16.06\" title=\"WhatsApp Image 2023-02-14 at 11.16.06\" data-src=\"http:\/\/www.apucarana.pr.gov.br\/site\/wp-content\/uploads\/2023\/02\/WhatsApp-Image-2023-02-14-at-11.16.06-1024x712.jpeg\" \/>\n\t<a href=\"http:\/\/www.apucarana.pr.gov.br\/site\/wp-content\/uploads\/2023\/02\/WhatsApp-Image-2023-02-14-at-11.16.06-1024x712.jpeg\" target=\"_self\"    >WhatsApp Image 2023-02-14 at 11.16.06<\/a>\n\n\n\t<img decoding=\"async\" class=\"ms-thumb\" src=\"http:\/\/www.apucarana.pr.gov.br\/site\/wp-content\/uploads\/2023\/02\/WhatsApp-Image-2023-02-14-at-11.16.06-1024x712-140x80.jpeg\" alt=\"WhatsApp Image 2023-02-14 at 11.16.06\" \/>\n\t\t\t\t<\/div>\n\t\t\t<div  class=\"ms-slide\" data-delay=\"3\"    >\n\t\t\t\t\t<img decoding=\"async\" src=\"http:\/\/www.apucarana.pr.gov.br\/site\/wp-content\/plugins\/masterslider\/public\/assets\/css\/blank.gif\" alt=\"WhatsApp Image 2023-02-14 at 11.16.15\" title=\"WhatsApp Image 2023-02-14 at 11.16.15\" data-src=\"http:\/\/www.apucarana.pr.gov.br\/site\/wp-content\/uploads\/2023\/02\/WhatsApp-Image-2023-02-14-at-11.16.15-653x1024.jpeg\" \/>\n\t<a href=\"http:\/\/www.apucarana.pr.gov.br\/site\/wp-content\/uploads\/2023\/02\/WhatsApp-Image-2023-02-14-at-11.16.15-653x1024.jpeg\" target=\"_self\"    >WhatsApp Image 2023-02-14 at 11.16.15<\/a>\n\n\n\t<img decoding=\"async\" class=\"ms-thumb\" src=\"http:\/\/www.apucarana.pr.gov.br\/site\/wp-content\/uploads\/2023\/02\/WhatsApp-Image-2023-02-14-at-11.16.15-653x1024-140x80.jpeg\" alt=\"WhatsApp Image 2023-02-14 at 11.16.15\" \/>\n\t\t\t\t<\/div>\n\n\t\t\t<\/div>\n\t\t\t<!-- END MasterSlider Main -->\n\n\t\t\t \n\t\t<\/div>\n\t\t<!-- END MasterSlider -->\n\n\t\t<script>\n\t\t( window.MSReady = window.MSReady || [] ).push( function( $ ) {\n\n\t\t\t\"use strict\";\n\t\t\tvar masterslider_b798 = new MasterSlider();\n\n\t\t\t\/\/ slider controls\n\t\t\tmasterslider_b798.control('arrows'     ,{ autohide:true, overVideo:true  });\n\t\t\tmasterslider_b798.control('thumblist'  ,{ autohide:false, overVideo:true, dir:'h', speed:17, inset:false, arrows:false, hover:false, customClass:'', align:'bottom',type:'thumbs', margin:2, width:140, height:80, space:2, fillMode:'fill'  });\n\t\t\t\/\/ slider setup\n\t\t\tmasterslider_b798.setup(\"MS69f562090b798\", {\n\t\t\t\twidth           : 960,\n\t\t\t\theight          : 540,\n\t\t\t\tminHeight       : 0,\n\t\t\t\tspace           : 0,\n\t\t\t\tstart           : 1,\n\t\t\t\tgrabCursor      : true,\n\t\t\t\tswipe           : true,\n\t\t\t\tmouse           : true,\n\t\t\t\tkeyboard        : false,\n\t\t\t\tlayout          : \"fillwidth\",\n\t\t\t\twheel           : false,\n\t\t\t\tautoplay        : true,\n                instantStartLayers:false,\n\t\t\t\tmobileBGVideo:false,\n\t\t\t\tloop            : true,\n\t\t\t\tshuffle         : false,\n\t\t\t\tpreload         : 3,\n\t\t\t\theightLimit     : false,\n\t\t\t\tautoHeight      : false,\n\t\t\t\tsmoothHeight    : true,\n\t\t\t\tendPause        : false,\n\t\t\t\toverPause       : false,\n\t\t\t\tfillMode        : \"fill\",\n\t\t\t\tcenterControls  : true,\n\t\t\t\tstartOnAppear   : false,\n\t\t\t\tlayersMode      : \"center\",\n\t\t\t\tautofillTarget  : \"\",\n\t\t\t\thideLayers      : false,\n\t\t\t\tfullscreenMargin: 0,\n\t\t\t\tspeed           : 17,\n\t\t\t\tdir             : \"h\",\n\t\t\t\tresponsive      : true,\n\t\t\t\ttabletWidth     : 768,\n\t\t\t\ttabletHeight    : null,\n\t\t\t\tphoneWidth      : 480,\n\t\t\t\tphoneHeight    : null,\n\t\t\t\tsizingReference : window,\n\t\t\t\tparallaxMode    : 'swipe',\n\t\t\t\tview            : \"basic\"\n\t\t\t});\n\n\t\t\t\n\t\t\twindow.masterslider_instances = window.masterslider_instances || [];\n\t\t\twindow.masterslider_instances.push( masterslider_b798 );\n\t\t});\n\t\t<\/script>\n\n\n<p>Foram iniciadas nessa ter\u00e7a-feira (14\/02), no Complexo Esportivo Lago\u00e3o, as aulas de gin\u00e1stica art\u00edstica e de gin\u00e1stica r\u00edtmica (GR), promovidas pela Secretaria Municipal de Esportes da Prefeitura de Apucarana. S\u00e3o 343 alunos inscritos, com as atividades tendo o comando da professora Neusa Maria da Silva. As aulas s\u00e3o realizadas de segunda a quinta-feira e tamb\u00e9m aos s\u00e1bados.<\/p>\n<p>\u201cEstamos voltando com for\u00e7a total realizando os treinamentos com os alunos que est\u00e3o desde o ano passado e come\u00e7ando tamb\u00e9m um trabalho de inicia\u00e7\u00e3o com o objetivo de revelar novos talentos na gin\u00e1stica. Ser\u00e1 um bom ano para os atletas, pois promoveremos o nosso festival no Lago\u00e3o e disputaremos competi\u00e7\u00f5es a n\u00edvel regional e estadual\u201d, destaca a professora Neusa.<\/p>\n<p>O professor Jos\u00e9 Marcelino da Silva, o Grillo, secret\u00e1rio municipal de Esportes de Apucarana, diz que as aulas t\u00eam a participa\u00e7\u00e3o de crian\u00e7as e adolescentes na faixa et\u00e1ria de 6 a 13 anos. \u201c\u00c9 uma alegria muito grande ter a volta da gin\u00e1stica em nosso munic\u00edpio. No ano passado conseguimos bons resultados em competi\u00e7\u00f5es disputadas em Arapongas e Londrina e o nosso festival foi um sucesso no Lago\u00e3o. Nesse ano teremos o quarto festival e disputaremos campeonatos de bom n\u00edvel pelo Estado\u201d, frisa o professor Grillo.<\/p>\n<p>Em 2022, na gin\u00e1stica r\u00edtmica, as atletas apucaranenses participaram do Torneio Regional no Gin\u00e1sio de Esportes Mateus Romera, em Arapongas, e o Campeonato Paranaense de Conjuntos no Col\u00e9gio Marista, em Londrina. No Regional, as meninas de Apucarana conquistaram a primeira posi\u00e7\u00e3o na categoria pr\u00e9-infantil e no Campeonato Paranaense ganharam a medalha de bronze na prova com arco, terminando a competi\u00e7\u00e3o em quarto lugar na classifica\u00e7\u00e3o geral.<\/p>\n<p>TREINAMENTOS &#8211; Os dias e os hor\u00e1rios de treinos no Gin\u00e1sio de Esportes do Lago\u00e3o s\u00e3o os seguintes: segunda e quarta-feira, 8h30 \u00e0s 11 horas e das 13h30 \u00e0s 16 horas (treinamento); ter\u00e7a e quinta-feira, 8h40 \u00e0s 9h30, 9h40 \u00e0s 10h30, 14 \u00e0s 14h50, 15 \u00e0s 15h50, 16 \u00e0s 16h50 e das 17 \u00e0s 17h50 (inicia\u00e7\u00e3o); s\u00e1bado, 8h20 \u00e0s 9 horas (inicia\u00e7\u00e3o), 9h10 \u00e0s 9h50, das 10 \u00e0s 10h40 e das 10h50 \u00e0s 11h30 (inicia\u00e7\u00e3o avan\u00e7ada).<\/p>\n<p><strong>\u00a0<\/strong><\/p>\n","protected":false},"excerpt":{"rendered":"<p>Foram iniciadas nessa ter&ccedil;a-feira (14\/02), no Complexo Esportivo Lago&atilde;o, as aulas de gin&aacute;stica art&iacute;stica e de gin&aacute;stica r&iacute;tmica (GR), promovidas pela Secretaria Municipal de Esportes da Prefeitura de Apucarana. S&atilde;o 343 alunos inscritos, com as atividades tendo o comando da professora Neusa Maria da Silva. As aulas s&atilde;o realizadas de segunda a quinta-feira e tamb&eacute;m [&hellip;]<\/p>\n","protected":false},"author":12,"featured_media":77329,"comment_status":"closed","ping_status":"closed","sticky":false,"template":"","format":"standard","meta":{"footnotes":""},"categories":[24],"tags":[],"class_list":["post-77328","post","type-post","status-publish","format-standard","has-post-thumbnail","hentry","category-noticias"],"acf":[],"_links":{"self":[{"href":"http:\/\/www.apucarana.pr.gov.br\/site\/wp-json\/wp\/v2\/posts\/77328","targetHints":{"allow":["GET"]}}],"collection":[{"href":"http:\/\/www.apucarana.pr.gov.br\/site\/wp-json\/wp\/v2\/posts"}],"about":[{"href":"http:\/\/www.apucarana.pr.gov.br\/site\/wp-json\/wp\/v2\/types\/post"}],"author":[{"embeddable":true,"href":"http:\/\/www.apucarana.pr.gov.br\/site\/wp-json\/wp\/v2\/users\/12"}],"replies":[{"embeddable":true,"href":"http:\/\/www.apucarana.pr.gov.br\/site\/wp-json\/wp\/v2\/comments?post=77328"}],"version-history":[{"count":1,"href":"http:\/\/www.apucarana.pr.gov.br\/site\/wp-json\/wp\/v2\/posts\/77328\/revisions"}],"predecessor-version":[{"id":77334,"href":"http:\/\/www.apucarana.pr.gov.br\/site\/wp-json\/wp\/v2\/posts\/77328\/revisions\/77334"}],"wp:featuredmedia":[{"embeddable":true,"href":"http:\/\/www.apucarana.pr.gov.br\/site\/wp-json\/wp\/v2\/media\/77329"}],"wp:attachment":[{"href":"http:\/\/www.apucarana.pr.gov.br\/site\/wp-json\/wp\/v2\/media?parent=77328"}],"wp:term":[{"taxonomy":"category","embeddable":true,"href":"http:\/\/www.apucarana.pr.gov.br\/site\/wp-json\/wp\/v2\/categories?post=77328"},{"taxonomy":"post_tag","embeddable":true,"href":"http:\/\/www.apucarana.pr.gov.br\/site\/wp-json\/wp\/v2\/tags?post=77328"}],"curies":[{"name":"wp","href":"https:\/\/api.w.org\/{rel}","templated":true}]}}