{"id":77086,"date":"2023-02-06T11:26:57","date_gmt":"2023-02-06T14:26:57","guid":{"rendered":"http:\/\/www.apucarana.pr.gov.br\/site\/?p=77086"},"modified":"2024-10-08T09:29:21","modified_gmt":"2024-10-08T12:29:21","slug":"visitas-missionarias-integram-programacao-do-dia-da-padroeira","status":"publish","type":"post","link":"http:\/\/www.apucarana.pr.gov.br\/site\/visitas-missionarias-integram-programacao-do-dia-da-padroeira\/","title":{"rendered":"Visitas mission\u00e1rias integram programa\u00e7\u00e3o do Dia da Padroeira"},"content":{"rendered":"\n\t\t<!-- MasterSlider -->\n\t\t<div id=\"P_MS69f3e98edb55f\" class=\"master-slider-parent master-slider-gallery   ms-parent-id-0\" style=\"\" >\n\n\t\t\t\n\t\t\t<!-- MasterSlider Main -->\n\t\t\t<div id=\"MS69f3e98edb55f\" class=\"master-slider ms-skin-default\" >\n\t\t\t\t \t\t\t\t \n\t\t\t<div  class=\"ms-slide\" data-delay=\"3\"    >\n\t\t\t\t\t<img decoding=\"async\" src=\"http:\/\/www.apucarana.pr.gov.br\/site\/wp-content\/plugins\/masterslider\/public\/assets\/css\/blank.gif\" alt=\"VISITA (3)\" title=\"VISITA (3)\" data-src=\"http:\/\/www.apucarana.pr.gov.br\/site\/wp-content\/uploads\/2023\/02\/VISITA-3-1024x761.jpg\" \/>\n\t<a href=\"http:\/\/www.apucarana.pr.gov.br\/site\/wp-content\/uploads\/2023\/02\/VISITA-3-1024x761.jpg\" target=\"_self\"    >VISITA (3)<\/a>\n\n\n\t<img decoding=\"async\" class=\"ms-thumb\" src=\"http:\/\/www.apucarana.pr.gov.br\/site\/wp-content\/uploads\/2023\/02\/VISITA-3-1024x761-140x80.jpg\" alt=\"VISITA (3)\" \/>\n\t\t\t\t<\/div>\n\t\t\t<div  class=\"ms-slide\" data-delay=\"3\"    >\n\t\t\t\t\t<img decoding=\"async\" src=\"http:\/\/www.apucarana.pr.gov.br\/site\/wp-content\/plugins\/masterslider\/public\/assets\/css\/blank.gif\" alt=\"VISITA (6)\" title=\"VISITA (6)\" data-src=\"http:\/\/www.apucarana.pr.gov.br\/site\/wp-content\/uploads\/2023\/02\/VISITA-6-1024x683.jpg\" \/>\n\t<a href=\"http:\/\/www.apucarana.pr.gov.br\/site\/wp-content\/uploads\/2023\/02\/VISITA-6-1024x683.jpg\" target=\"_self\"    >VISITA (6)<\/a>\n\n\n\t<img decoding=\"async\" class=\"ms-thumb\" src=\"http:\/\/www.apucarana.pr.gov.br\/site\/wp-content\/uploads\/2023\/02\/VISITA-6-1024x683-140x80.jpg\" alt=\"VISITA (6)\" \/>\n\t\t\t\t<\/div>\n\t\t\t<div  class=\"ms-slide\" data-delay=\"3\"    >\n\t\t\t\t\t<img decoding=\"async\" src=\"http:\/\/www.apucarana.pr.gov.br\/site\/wp-content\/plugins\/masterslider\/public\/assets\/css\/blank.gif\" alt=\"VISITA (2)\" title=\"VISITA (2)\" data-src=\"http:\/\/www.apucarana.pr.gov.br\/site\/wp-content\/uploads\/2023\/02\/VISITA-2-1024x617.jpg\" \/>\n\t<a href=\"http:\/\/www.apucarana.pr.gov.br\/site\/wp-content\/uploads\/2023\/02\/VISITA-2-1024x617.jpg\" target=\"_self\"    >VISITA (2)<\/a>\n\n\n\t<img decoding=\"async\" class=\"ms-thumb\" src=\"http:\/\/www.apucarana.pr.gov.br\/site\/wp-content\/uploads\/2023\/02\/VISITA-2-1024x617-140x80.jpg\" alt=\"VISITA (2)\" \/>\n\t\t\t\t<\/div>\n\n\t\t\t<\/div>\n\t\t\t<!-- END MasterSlider Main -->\n\n\t\t\t \n\t\t<\/div>\n\t\t<!-- END MasterSlider -->\n\n\t\t<script>\n\t\t( window.MSReady = window.MSReady || [] ).push( function( $ ) {\n\n\t\t\t\"use strict\";\n\t\t\tvar masterslider_b55f = new MasterSlider();\n\n\t\t\t\/\/ slider controls\n\t\t\tmasterslider_b55f.control('arrows'     ,{ autohide:true, overVideo:true  });\n\t\t\tmasterslider_b55f.control('thumblist'  ,{ autohide:false, overVideo:true, dir:'h', speed:17, inset:false, arrows:false, hover:false, customClass:'', align:'bottom',type:'thumbs', margin:2, width:140, height:80, space:2, fillMode:'fill'  });\n\t\t\t\/\/ slider setup\n\t\t\tmasterslider_b55f.setup(\"MS69f3e98edb55f\", {\n\t\t\t\twidth           : 960,\n\t\t\t\theight          : 540,\n\t\t\t\tminHeight       : 0,\n\t\t\t\tspace           : 0,\n\t\t\t\tstart           : 1,\n\t\t\t\tgrabCursor      : true,\n\t\t\t\tswipe           : true,\n\t\t\t\tmouse           : true,\n\t\t\t\tkeyboard        : false,\n\t\t\t\tlayout          : \"fillwidth\",\n\t\t\t\twheel           : false,\n\t\t\t\tautoplay        : true,\n                instantStartLayers:false,\n\t\t\t\tmobileBGVideo:false,\n\t\t\t\tloop            : true,\n\t\t\t\tshuffle         : false,\n\t\t\t\tpreload         : 3,\n\t\t\t\theightLimit     : false,\n\t\t\t\tautoHeight      : false,\n\t\t\t\tsmoothHeight    : true,\n\t\t\t\tendPause        : false,\n\t\t\t\toverPause       : false,\n\t\t\t\tfillMode        : \"fill\",\n\t\t\t\tcenterControls  : true,\n\t\t\t\tstartOnAppear   : false,\n\t\t\t\tlayersMode      : \"center\",\n\t\t\t\tautofillTarget  : \"\",\n\t\t\t\thideLayers      : false,\n\t\t\t\tfullscreenMargin: 0,\n\t\t\t\tspeed           : 17,\n\t\t\t\tdir             : \"h\",\n\t\t\t\tresponsive      : true,\n\t\t\t\ttabletWidth     : 768,\n\t\t\t\ttabletHeight    : null,\n\t\t\t\tphoneWidth      : 480,\n\t\t\t\tphoneHeight    : null,\n\t\t\t\tsizingReference : window,\n\t\t\t\tparallaxMode    : 'swipe',\n\t\t\t\tview            : \"basic\"\n\t\t\t});\n\n\t\t\t\n\t\t\twindow.masterslider_instances = window.masterslider_instances || [];\n\t\t\twindow.masterslider_instances.push( masterslider_b55f );\n\t\t});\n\t\t<\/script>\n\n\n<p>De 2 a 10 de fevereiro, est\u00e3o ocorrendo visitas mission\u00e1rias em diversos locais, como com\u00e9rcio, unidades de sa\u00fade e \u00f3rg\u00e3os p\u00fablicos. As atividades, desenvolvidas pelo Semin\u00e1rio Maior Diocesano S\u00e3o Jo\u00e3o Maria Vianney, s\u00e3o preparat\u00f3rias ao Dia da Padroeira, que ser\u00e1 celebrado em 11 de fevereiro.<\/p>\n<p>Nesta segunda-feira (06\/02), um grupo de seminaristas visitou o gabinete do prefeito Junior da Femac, que esteve acompanhado do vice Paulo Vital, vereadores Luciano Molina, Jossuela Pirelli, Franciley Preto Godoi (Poim), Tiago Cordeiro, Mauro Bertoli, Luciano Facchiano e Toninho Garcia, al\u00e9m de diversos servidores municipais.<\/p>\n<p>Na sequ\u00eancia, o grupo percorreu os departamentos da Prefeitura. \u201cEsse momento \u00e9 uma visita mission\u00e1ria de Nossa Senhora de Lourdes para rezar ao Deus Nosso Pai e pedindo para que a padroeira da cidade derrame as b\u00ean\u00e7\u00e3os tamb\u00e9m sobre os departamentos p\u00fablicos\u201d, afirma o seminarista da etapa de teologia, Gabriel Fidelis da Silva.<\/p>\n<p>O seminarista lembra que no feriado de 11 de fevereiro, Dia da Padroeira, haver\u00e1 quatro missas na Catedral Nossa Senhora de Lourdes: \u00e0s 9\u00a0 horas, 12 horas, 15 horas (com b\u00ean\u00e7\u00e3o dos enfermos) e 18 horas (missa solene celebrada pelo bispo Dom Carlos, com prociss\u00e3o luminosa).<\/p>\n<p>Participaram ainda da visita mission\u00e1ria na Prefeitura os seminaristas Guilherme Passos, tamb\u00e9m da etapa de teologia, e Ruan Gabriel, Tarcizo Laurindo e Vitor Gabriel, ambos da etapa filosofia. Tamb\u00e9m acompanhou a visita a irm\u00e3 Maria da Luz, mission\u00e1ria Servidoras da Palavra.<\/p>\n<p>&nbsp;<\/p>\n","protected":false},"excerpt":{"rendered":"<p>De 2 a 10 de fevereiro, est&atilde;o ocorrendo visitas mission&aacute;rias em diversos locais, como com&eacute;rcio, unidades de sa&uacute;de e &oacute;rg&atilde;os p&uacute;blicos. As atividades, desenvolvidas pelo Semin&aacute;rio Maior Diocesano S&atilde;o Jo&atilde;o Maria Vianney, s&atilde;o preparat&oacute;rias ao Dia da Padroeira, que ser&aacute; celebrado em 11 de fevereiro. Nesta segunda-feira (06\/02), um grupo de seminaristas visitou o gabinete [&hellip;]<\/p>\n","protected":false},"author":6,"featured_media":77092,"comment_status":"closed","ping_status":"closed","sticky":false,"template":"","format":"standard","meta":{"footnotes":""},"categories":[24],"tags":[],"class_list":["post-77086","post","type-post","status-publish","format-standard","has-post-thumbnail","hentry","category-noticias"],"acf":[],"_links":{"self":[{"href":"http:\/\/www.apucarana.pr.gov.br\/site\/wp-json\/wp\/v2\/posts\/77086","targetHints":{"allow":["GET"]}}],"collection":[{"href":"http:\/\/www.apucarana.pr.gov.br\/site\/wp-json\/wp\/v2\/posts"}],"about":[{"href":"http:\/\/www.apucarana.pr.gov.br\/site\/wp-json\/wp\/v2\/types\/post"}],"author":[{"embeddable":true,"href":"http:\/\/www.apucarana.pr.gov.br\/site\/wp-json\/wp\/v2\/users\/6"}],"replies":[{"embeddable":true,"href":"http:\/\/www.apucarana.pr.gov.br\/site\/wp-json\/wp\/v2\/comments?post=77086"}],"version-history":[{"count":2,"href":"http:\/\/www.apucarana.pr.gov.br\/site\/wp-json\/wp\/v2\/posts\/77086\/revisions"}],"predecessor-version":[{"id":77130,"href":"http:\/\/www.apucarana.pr.gov.br\/site\/wp-json\/wp\/v2\/posts\/77086\/revisions\/77130"}],"wp:featuredmedia":[{"embeddable":true,"href":"http:\/\/www.apucarana.pr.gov.br\/site\/wp-json\/wp\/v2\/media\/77092"}],"wp:attachment":[{"href":"http:\/\/www.apucarana.pr.gov.br\/site\/wp-json\/wp\/v2\/media?parent=77086"}],"wp:term":[{"taxonomy":"category","embeddable":true,"href":"http:\/\/www.apucarana.pr.gov.br\/site\/wp-json\/wp\/v2\/categories?post=77086"},{"taxonomy":"post_tag","embeddable":true,"href":"http:\/\/www.apucarana.pr.gov.br\/site\/wp-json\/wp\/v2\/tags?post=77086"}],"curies":[{"name":"wp","href":"https:\/\/api.w.org\/{rel}","templated":true}]}}