{"id":77001,"date":"2023-02-01T10:17:40","date_gmt":"2023-02-01T13:17:40","guid":{"rendered":"http:\/\/www.apucarana.pr.gov.br\/site\/?p=77001"},"modified":"2024-10-08T09:29:22","modified_gmt":"2024-10-08T12:29:22","slug":"inscricoes-de-11-escolinhas-de-esporte-abrem-dia-6-de-fevereiro","status":"publish","type":"post","link":"http:\/\/www.apucarana.pr.gov.br\/site\/inscricoes-de-11-escolinhas-de-esporte-abrem-dia-6-de-fevereiro\/","title":{"rendered":"Inscri\u00e7\u00f5es para 11 escolinhas de esportes abrem dia 6 de fevereiro"},"content":{"rendered":"\n\t\t<!-- MasterSlider -->\n\t\t<div id=\"P_MS69f1e7cb8d044\" class=\"master-slider-parent master-slider-gallery   ms-parent-id-0\" style=\"\" >\n\n\t\t\t\n\t\t\t<!-- MasterSlider Main -->\n\t\t\t<div id=\"MS69f1e7cb8d044\" class=\"master-slider ms-skin-default\" >\n\t\t\t\t \t\t\t\t \n\t\t\t<div  class=\"ms-slide\" data-delay=\"3\"    >\n\t\t\t\t\t<img decoding=\"async\" src=\"http:\/\/www.apucarana.pr.gov.br\/site\/wp-content\/plugins\/masterslider\/public\/assets\/css\/blank.gif\" alt=\"WhatsApp Image 2023-02-01 at 08.55.29\" title=\"WhatsApp Image 2023-02-01 at 08.55.29\" data-src=\"http:\/\/www.apucarana.pr.gov.br\/site\/wp-content\/uploads\/2023\/02\/WhatsApp-Image-2023-02-01-at-08.55.29-1024x768.jpeg\" \/>\n\t<a href=\"http:\/\/www.apucarana.pr.gov.br\/site\/wp-content\/uploads\/2023\/02\/WhatsApp-Image-2023-02-01-at-08.55.29-1024x768.jpeg\" target=\"_self\"    >WhatsApp Image 2023-02-01 at 08.55.29<\/a>\n\n\n\t<img decoding=\"async\" class=\"ms-thumb\" src=\"http:\/\/www.apucarana.pr.gov.br\/site\/wp-content\/uploads\/2023\/02\/WhatsApp-Image-2023-02-01-at-08.55.29-1024x768-140x80.jpeg\" alt=\"WhatsApp Image 2023-02-01 at 08.55.29\" \/>\n\t\t\t\t<\/div>\n\t\t\t<div  class=\"ms-slide\" data-delay=\"3\"    >\n\t\t\t\t\t<img decoding=\"async\" src=\"http:\/\/www.apucarana.pr.gov.br\/site\/wp-content\/plugins\/masterslider\/public\/assets\/css\/blank.gif\" alt=\"WhatsApp Image 2023-02-01 at 08.49.24\" title=\"WhatsApp Image 2023-02-01 at 08.49.24\" data-src=\"http:\/\/www.apucarana.pr.gov.br\/site\/wp-content\/uploads\/2023\/02\/WhatsApp-Image-2023-02-01-at-08.49.24-1024x473.jpeg\" \/>\n\t<a href=\"http:\/\/www.apucarana.pr.gov.br\/site\/wp-content\/uploads\/2023\/02\/WhatsApp-Image-2023-02-01-at-08.49.24-1024x473.jpeg\" target=\"_self\"    >WhatsApp Image 2023-02-01 at 08.49.24<\/a>\n\n\n\t<img decoding=\"async\" class=\"ms-thumb\" src=\"http:\/\/www.apucarana.pr.gov.br\/site\/wp-content\/uploads\/2023\/02\/WhatsApp-Image-2023-02-01-at-08.49.24-1024x473-140x80.jpeg\" alt=\"WhatsApp Image 2023-02-01 at 08.49.24\" \/>\n\t\t\t\t<\/div>\n\n\t\t\t<\/div>\n\t\t\t<!-- END MasterSlider Main -->\n\n\t\t\t \n\t\t<\/div>\n\t\t<!-- END MasterSlider -->\n\n\t\t<script>\n\t\t( window.MSReady = window.MSReady || [] ).push( function( $ ) {\n\n\t\t\t\"use strict\";\n\t\t\tvar masterslider_d044 = new MasterSlider();\n\n\t\t\t\/\/ slider controls\n\t\t\tmasterslider_d044.control('arrows'     ,{ autohide:true, overVideo:true  });\n\t\t\tmasterslider_d044.control('thumblist'  ,{ autohide:false, overVideo:true, dir:'h', speed:17, inset:false, arrows:false, hover:false, customClass:'', align:'bottom',type:'thumbs', margin:2, width:140, height:80, space:2, fillMode:'fill'  });\n\t\t\t\/\/ slider setup\n\t\t\tmasterslider_d044.setup(\"MS69f1e7cb8d044\", {\n\t\t\t\twidth           : 960,\n\t\t\t\theight          : 540,\n\t\t\t\tminHeight       : 0,\n\t\t\t\tspace           : 0,\n\t\t\t\tstart           : 1,\n\t\t\t\tgrabCursor      : true,\n\t\t\t\tswipe           : true,\n\t\t\t\tmouse           : true,\n\t\t\t\tkeyboard        : false,\n\t\t\t\tlayout          : \"fillwidth\",\n\t\t\t\twheel           : false,\n\t\t\t\tautoplay        : true,\n                instantStartLayers:false,\n\t\t\t\tmobileBGVideo:false,\n\t\t\t\tloop            : true,\n\t\t\t\tshuffle         : false,\n\t\t\t\tpreload         : 3,\n\t\t\t\theightLimit     : false,\n\t\t\t\tautoHeight      : false,\n\t\t\t\tsmoothHeight    : true,\n\t\t\t\tendPause        : false,\n\t\t\t\toverPause       : false,\n\t\t\t\tfillMode        : \"fill\",\n\t\t\t\tcenterControls  : true,\n\t\t\t\tstartOnAppear   : false,\n\t\t\t\tlayersMode      : \"center\",\n\t\t\t\tautofillTarget  : \"\",\n\t\t\t\thideLayers      : false,\n\t\t\t\tfullscreenMargin: 0,\n\t\t\t\tspeed           : 17,\n\t\t\t\tdir             : \"h\",\n\t\t\t\tresponsive      : true,\n\t\t\t\ttabletWidth     : 768,\n\t\t\t\ttabletHeight    : null,\n\t\t\t\tphoneWidth      : 480,\n\t\t\t\tphoneHeight    : null,\n\t\t\t\tsizingReference : window,\n\t\t\t\tparallaxMode    : 'swipe',\n\t\t\t\tview            : \"basic\"\n\t\t\t});\n\n\t\t\t\n\t\t\twindow.masterslider_instances = window.masterslider_instances || [];\n\t\t\twindow.masterslider_instances.push( masterslider_d044 );\n\t\t});\n\t\t<\/script>\n\n\n<p>&nbsp;<\/p>\n<p>A prefeitura, por meio da Secretaria Municipal de Esportes, realiza as inscri\u00e7\u00f5es para 11 escolinhas entre os dias 6 e 8 de fevereiro. Os interessados devem comparecer ao Gin\u00e1sio Lago\u00e3o, entre 8 e 17 horas, com documento pessoal do aluno e do respons\u00e1vel, mais o comprovante de resid\u00eancia.<\/p>\n<p>As datas das matr\u00edculas e do in\u00edcio das aulas foram definidas pelo prefeito Junior da Femac, em reuni\u00e3o com o professor Jos\u00e9 Marcelino da Silva, o Grillo, secret\u00e1rio municipal de Esportes e, com os coordenadores das modalidades que ser\u00e3o realizadas em cinco pra\u00e7as esportivas do munic\u00edpio.<\/p>\n<p>De acordo com o prefeito Junior da Femac, as escolinhas funcionar\u00e3o nos complexos Lago\u00e3o, \u00c1ureo Caixote e Esta\u00e7\u00e3o Cidadania, no Centro da Juventude Alex Mazaron e na AABB. \u201cNesses locais as nossas escolinhas ser\u00e3o realizadas nas modalidades de atletismo, basquetebol, handebol, voleibol, v\u00f4lei de praia, kung fu, taekwondo, karat\u00ea, jud\u00f4, t\u00eanis de mesa e xadrez pelas categorias masculina e feminina\u201d, destacou o prefeito Junior da Femac.<\/p>\n<p>\u201cEssas modalidades, que ser\u00e3o iniciadas nesse m\u00eas, contam com todo o nosso apoio, tendo como metas principais o de revelar novos talentos, oportunizar pr\u00e1ticas esportivas as crian\u00e7as, jovens e adolescentes do nosso munic\u00edpio e o de formar bons cidad\u00e3os\u201d, frisou o prefeito Junior da Femac.<\/p>\n<p>O professor Grillo disse que no Lago\u00e3o as escolinhas ser\u00e3o desenvolvidas nas modalidades de atletismo, basquetebol, voleibol e taekwondo. \u201cNo Esta\u00e7\u00e3o Cidadania ter\u00e1 aulas de atletismo e kung fu, no Complexo \u00c1ureo Caixote acontecer\u00e1 o handebol, na AABB o v\u00f4lei de praia e no Centro da Juventude ocorrer\u00e1 as modalidades de xadrez, t\u00eanis de mesa e karat\u00ea. \u201cA primeira escolinha que ser\u00e1 iniciada \u00e9 na modalidade de taekwondo no dia 13 de fevereiro\u201d, comentou o professor Grillo.<\/p>\n<p>As inscri\u00e7\u00f5es nas modalidades de futsal e futebol ser\u00e3o realizadas em mar\u00e7o. Mais informa\u00e7\u00f5es sobre as escolinhas podem ser obtidas na Secretaria Municipal de Esportes, anexa ao Centro da Juventude Alex Mazaron, na Rua Piratininga, 464, no Jardim Diamantina, pelo telefone 3422-5184, e no Complexo Esportivo Lago\u00e3o pelo telefone 3122-0425, em hor\u00e1rio comercial.<\/p>\n<p>&nbsp;<\/p>\n<p><strong>MODALIDADES DAS ESCOLINHAS, FAIXA ET\u00c1RIA, LOCAL E PER\u00cdODO DAS AULAS<\/strong><\/p>\n<p>&nbsp;<\/p>\n<p><strong>ATLETISMO<\/strong> \u2013 De 8 a 17 anos, Lago\u00e3o e Esta\u00e7\u00e3o Cidadania, per\u00edodos matutino e vespertino<\/p>\n<p><strong>BASQUETEBOL<\/strong> \u2013 De 11 a 15 anos, Lago\u00e3o, per\u00edodo vespertino<\/p>\n<p><strong>HANDEBOL<\/strong> \u2013 De 12 a 17 anos, \u00c1ureo Caixote, per\u00edodo vespertino<\/p>\n<p><strong>KARAT\u00ca <\/strong>\u2013 De 8 a 17 anos, Centro da Juventude, per\u00edodo vespertino<\/p>\n<p><strong>KUNG FU<\/strong> \u2013 De 8 a 17 anos, Esta\u00e7\u00e3o Cidadania, per\u00edodo vespertino<\/p>\n<p><strong>TAEKWONDO<\/strong> \u2013 De 8 a 17 anos, Lago\u00e3o, per\u00edodo vespertino<\/p>\n<p><strong>T\u00caNIS DE MESA<\/strong> \u2013 De 12 a 17 anos, Centro da Juventude, per\u00edodo vespertino<\/p>\n<p><strong>VOLEIBOL<\/strong> \u2013 De 12 a 17 anos, Lago\u00e3o, per\u00edodo vespertino<\/p>\n<p><strong>V\u00d4LEI DE PRAIA<\/strong> \u2013 De 12 a 17 anos, AABB, per\u00edodos matutino e<\/p>\n<p>vespertino<\/p>\n<p><strong>XADREZ<\/strong> \u2013 De 8 a 17 anos, Centro da Juventude, per\u00edodo vespertino<\/p>\n<p><strong>JUD\u00d4<\/strong> \u2013 De 8 a 17 anos, Esta\u00e7\u00e3o Cidadania, per\u00edodo vespertino<\/p>\n","protected":false},"excerpt":{"rendered":"<p>&nbsp; A prefeitura, por meio da Secretaria Municipal de Esportes, realiza as inscri&ccedil;&otilde;es para 11 escolinhas entre os dias 6 e 8 de fevereiro. Os interessados devem comparecer ao Gin&aacute;sio Lago&atilde;o, entre 8 e 17 horas, com documento pessoal do aluno e do respons&aacute;vel, mais o comprovante de resid&ecirc;ncia. As datas das matr&iacute;culas e do [&hellip;]<\/p>\n","protected":false},"author":10,"featured_media":77004,"comment_status":"closed","ping_status":"closed","sticky":false,"template":"","format":"standard","meta":{"footnotes":""},"categories":[24],"tags":[],"class_list":["post-77001","post","type-post","status-publish","format-standard","has-post-thumbnail","hentry","category-noticias"],"acf":[],"_links":{"self":[{"href":"http:\/\/www.apucarana.pr.gov.br\/site\/wp-json\/wp\/v2\/posts\/77001","targetHints":{"allow":["GET"]}}],"collection":[{"href":"http:\/\/www.apucarana.pr.gov.br\/site\/wp-json\/wp\/v2\/posts"}],"about":[{"href":"http:\/\/www.apucarana.pr.gov.br\/site\/wp-json\/wp\/v2\/types\/post"}],"author":[{"embeddable":true,"href":"http:\/\/www.apucarana.pr.gov.br\/site\/wp-json\/wp\/v2\/users\/10"}],"replies":[{"embeddable":true,"href":"http:\/\/www.apucarana.pr.gov.br\/site\/wp-json\/wp\/v2\/comments?post=77001"}],"version-history":[{"count":3,"href":"http:\/\/www.apucarana.pr.gov.br\/site\/wp-json\/wp\/v2\/posts\/77001\/revisions"}],"predecessor-version":[{"id":77007,"href":"http:\/\/www.apucarana.pr.gov.br\/site\/wp-json\/wp\/v2\/posts\/77001\/revisions\/77007"}],"wp:featuredmedia":[{"embeddable":true,"href":"http:\/\/www.apucarana.pr.gov.br\/site\/wp-json\/wp\/v2\/media\/77004"}],"wp:attachment":[{"href":"http:\/\/www.apucarana.pr.gov.br\/site\/wp-json\/wp\/v2\/media?parent=77001"}],"wp:term":[{"taxonomy":"category","embeddable":true,"href":"http:\/\/www.apucarana.pr.gov.br\/site\/wp-json\/wp\/v2\/categories?post=77001"},{"taxonomy":"post_tag","embeddable":true,"href":"http:\/\/www.apucarana.pr.gov.br\/site\/wp-json\/wp\/v2\/tags?post=77001"}],"curies":[{"name":"wp","href":"https:\/\/api.w.org\/{rel}","templated":true}]}}