{"id":76987,"date":"2023-01-31T16:38:46","date_gmt":"2023-01-31T19:38:46","guid":{"rendered":"http:\/\/www.apucarana.pr.gov.br\/site\/?p=76987"},"modified":"2024-10-08T09:29:22","modified_gmt":"2024-10-08T12:29:22","slug":"apucarana-registra-15-casos-da-covid-19-nesta-terca-feira-2","status":"publish","type":"post","link":"http:\/\/www.apucarana.pr.gov.br\/site\/apucarana-registra-15-casos-da-covid-19-nesta-terca-feira-2\/","title":{"rendered":"Apucarana registra 15 casos da Covid-19 nesta ter\u00e7a-feira"},"content":{"rendered":"<p>A Autarquia Municipal de Sa\u00fade (AMS) confirmou 15 casos de Covid-19 hoje (31) em Apucarana. O munic\u00edpio tem o registro nesta ter\u00e7a-feira de mais um \u00f3bito pela doen\u00e7a, uma mulher, de 79 anos. O munic\u00edpio soma agora 568 mortes causadas pelo novo coronav\u00edrus<\/p>\n<p>O total moradores de Apucarana diagnosticados com Covid-19 \u00e9 de 40.698. Os novos casos confirmados hoje s\u00e3o 9 mulheres e 6 homens. Segundo boletim da AMS, o munic\u00edpio tem mais 4 suspeitas em investiga\u00e7\u00e3o.<\/p>\n<p>J\u00e1 foram testadas 121.713 pessoas, sendo 90.404 em testes r\u00e1pidos, 27.672 pelo Lacen (RT-PCR) e 3.649 por laborat\u00f3rios particulares (RT-PCR).<\/p>\n<p>O munic\u00edpio n\u00e3o tem nenhum paciente internado no Hospital da Provid\u00eancia com o diagn\u00f3stico de Covid-19.<\/p>\n","protected":false},"excerpt":{"rendered":"<p>A Autarquia Municipal de Sa&uacute;de (AMS) confirmou 15 casos de Covid-19 hoje (31) em Apucarana. O munic&iacute;pio tem o registro nesta ter&ccedil;a-feira de mais um &oacute;bito pela doen&ccedil;a, uma mulher, de 79 anos. O munic&iacute;pio soma agora 568 mortes causadas pelo novo coronav&iacute;rus O total moradores de Apucarana diagnosticados com Covid-19 &eacute; de 40.698. Os [&hellip;]<\/p>\n","protected":false},"author":10,"featured_media":62928,"comment_status":"closed","ping_status":"closed","sticky":false,"template":"","format":"standard","meta":{"footnotes":""},"categories":[34],"tags":[],"class_list":["post-76987","post","type-post","status-publish","format-standard","has-post-thumbnail","hentry","category-coronavirus"],"acf":[],"_links":{"self":[{"href":"http:\/\/www.apucarana.pr.gov.br\/site\/wp-json\/wp\/v2\/posts\/76987","targetHints":{"allow":["GET"]}}],"collection":[{"href":"http:\/\/www.apucarana.pr.gov.br\/site\/wp-json\/wp\/v2\/posts"}],"about":[{"href":"http:\/\/www.apucarana.pr.gov.br\/site\/wp-json\/wp\/v2\/types\/post"}],"author":[{"embeddable":true,"href":"http:\/\/www.apucarana.pr.gov.br\/site\/wp-json\/wp\/v2\/users\/10"}],"replies":[{"embeddable":true,"href":"http:\/\/www.apucarana.pr.gov.br\/site\/wp-json\/wp\/v2\/comments?post=76987"}],"version-history":[{"count":1,"href":"http:\/\/www.apucarana.pr.gov.br\/site\/wp-json\/wp\/v2\/posts\/76987\/revisions"}],"predecessor-version":[{"id":76989,"href":"http:\/\/www.apucarana.pr.gov.br\/site\/wp-json\/wp\/v2\/posts\/76987\/revisions\/76989"}],"wp:featuredmedia":[{"embeddable":true,"href":"http:\/\/www.apucarana.pr.gov.br\/site\/wp-json\/wp\/v2\/media\/62928"}],"wp:attachment":[{"href":"http:\/\/www.apucarana.pr.gov.br\/site\/wp-json\/wp\/v2\/media?parent=76987"}],"wp:term":[{"taxonomy":"category","embeddable":true,"href":"http:\/\/www.apucarana.pr.gov.br\/site\/wp-json\/wp\/v2\/categories?post=76987"},{"taxonomy":"post_tag","embeddable":true,"href":"http:\/\/www.apucarana.pr.gov.br\/site\/wp-json\/wp\/v2\/tags?post=76987"}],"curies":[{"name":"wp","href":"https:\/\/api.w.org\/{rel}","templated":true}]}}