{"id":76866,"date":"2023-01-30T12:37:02","date_gmt":"2023-01-30T15:37:02","guid":{"rendered":"http:\/\/www.apucarana.pr.gov.br\/site\/?p=76866"},"modified":"2024-10-08T09:29:23","modified_gmt":"2024-10-08T12:29:23","slug":"pre-temporada-do-apucarana-futsal-tera-jogos-contra-corinthians-e-cascavel","status":"publish","type":"post","link":"http:\/\/www.apucarana.pr.gov.br\/site\/pre-temporada-do-apucarana-futsal-tera-jogos-contra-corinthians-e-cascavel\/","title":{"rendered":"Pr\u00e9-temporada do Apucarana Futsal  ter\u00e1 jogos contra Corinthians e Cascavel"},"content":{"rendered":"\n\t\t<!-- MasterSlider -->\n\t\t<div id=\"P_MS69f52b498eac2\" class=\"master-slider-parent master-slider-gallery   ms-parent-id-0\" style=\"\" >\n\n\t\t\t\n\t\t\t<!-- MasterSlider Main -->\n\t\t\t<div id=\"MS69f52b498eac2\" class=\"master-slider ms-skin-default\" >\n\t\t\t\t \t\t\t\t \n\t\t\t<div  class=\"ms-slide\" data-delay=\"3\"    >\n\t\t\t\t\t<img decoding=\"async\" src=\"http:\/\/www.apucarana.pr.gov.br\/site\/wp-content\/plugins\/masterslider\/public\/assets\/css\/blank.gif\" alt=\"IMG_0990\" title=\"IMG_0990\" data-src=\"http:\/\/www.apucarana.pr.gov.br\/site\/wp-content\/uploads\/2023\/01\/IMG_0990-1024x683.jpg\" \/>\n\t<a href=\"http:\/\/www.apucarana.pr.gov.br\/site\/wp-content\/uploads\/2023\/01\/IMG_0990-1024x683.jpg\" target=\"_self\"    >IMG_0990<\/a>\n\n\n\t<img decoding=\"async\" class=\"ms-thumb\" src=\"http:\/\/www.apucarana.pr.gov.br\/site\/wp-content\/uploads\/2023\/01\/IMG_0990-1024x683-140x80.jpg\" alt=\"IMG_0990\" \/>\n\t\t\t\t<\/div>\n\n\t\t\t<\/div>\n\t\t\t<!-- END MasterSlider Main -->\n\n\t\t\t \n\t\t<\/div>\n\t\t<!-- END MasterSlider -->\n\n\t\t<script>\n\t\t( window.MSReady = window.MSReady || [] ).push( function( $ ) {\n\n\t\t\t\"use strict\";\n\t\t\tvar masterslider_eac2 = new MasterSlider();\n\n\t\t\t\/\/ slider controls\n\t\t\tmasterslider_eac2.control('arrows'     ,{ autohide:true, overVideo:true  });\n\t\t\tmasterslider_eac2.control('thumblist'  ,{ autohide:false, overVideo:true, dir:'h', speed:17, inset:false, arrows:false, hover:false, customClass:'', align:'bottom',type:'thumbs', margin:2, width:140, height:80, space:2, fillMode:'fill'  });\n\t\t\t\/\/ slider setup\n\t\t\tmasterslider_eac2.setup(\"MS69f52b498eac2\", {\n\t\t\t\twidth           : 960,\n\t\t\t\theight          : 540,\n\t\t\t\tminHeight       : 0,\n\t\t\t\tspace           : 0,\n\t\t\t\tstart           : 1,\n\t\t\t\tgrabCursor      : true,\n\t\t\t\tswipe           : true,\n\t\t\t\tmouse           : true,\n\t\t\t\tkeyboard        : false,\n\t\t\t\tlayout          : \"fillwidth\",\n\t\t\t\twheel           : false,\n\t\t\t\tautoplay        : true,\n                instantStartLayers:false,\n\t\t\t\tmobileBGVideo:false,\n\t\t\t\tloop            : true,\n\t\t\t\tshuffle         : false,\n\t\t\t\tpreload         : 3,\n\t\t\t\theightLimit     : false,\n\t\t\t\tautoHeight      : false,\n\t\t\t\tsmoothHeight    : true,\n\t\t\t\tendPause        : false,\n\t\t\t\toverPause       : false,\n\t\t\t\tfillMode        : \"fill\",\n\t\t\t\tcenterControls  : true,\n\t\t\t\tstartOnAppear   : false,\n\t\t\t\tlayersMode      : \"center\",\n\t\t\t\tautofillTarget  : \"\",\n\t\t\t\thideLayers      : false,\n\t\t\t\tfullscreenMargin: 0,\n\t\t\t\tspeed           : 17,\n\t\t\t\tdir             : \"h\",\n\t\t\t\tresponsive      : true,\n\t\t\t\ttabletWidth     : 768,\n\t\t\t\ttabletHeight    : null,\n\t\t\t\tphoneWidth      : 480,\n\t\t\t\tphoneHeight    : null,\n\t\t\t\tsizingReference : window,\n\t\t\t\tparallaxMode    : 'swipe',\n\t\t\t\tview            : \"basic\"\n\t\t\t});\n\n\t\t\t\n\t\t\twindow.masterslider_instances = window.masterslider_instances || [];\n\t\t\twindow.masterslider_instances.push( masterslider_eac2 );\n\t\t});\n\t\t<\/script>\n\n\n<p>Os dois maiores times do futsal brasileiro,\u00a0 o Corinthians (atual campe\u00e3o da Liga Nacional) e o Cascavel (atual campe\u00e3o da Libertadores de Futsal) jogar\u00e3o em Apucarana. Os jogos ser\u00e3o contra o Apucarana Futsal e acontecer\u00e3o nos dias 25 de fevereiro e 1 de mar\u00e7o, no gin\u00e1sio do Lago\u00e3o. Al\u00e9m de um espet\u00e1culo para os torcedores, as partidas fazem parte da pr\u00e9-temporada da equipe apucaranense visando a disputa da S\u00e9rie Prata do Paranaense de Futsal.<\/p>\n<p>O an\u00fancio foi feito pelo prefeito Junior da Femac e pelo vice Paulo Vital nesta segunda-feira (30\/01), ap\u00f3s reuni\u00e3o com Danylo Acioli, presidente do Apucarana Futsal, que esteve acompanhado do empres\u00e1rio e grande incentivador do esporte apucaranense, Luiz Hirose. Tamb\u00e9m estiveram presentes os vereadores Rodrigo Lievore e Jossuela Pirelli; e o diretor esportivo do Apucarana Futsal, Emerson Garcia.<\/p>\n<p>O prefeito Junior da Femac afirma que os dois jogos ser\u00e3o um presente para os torcedores, que ter\u00e3o a oportunidade de ver os dois maiores times do futsal brasileiro. \u201cEstudo da Federa\u00e7\u00e3o Paranaense de Futsal apontou que o Apucarana Futsal foi o que teve a maior m\u00e9dia de p\u00fablico no ano passado, n\u00e3o somente na S\u00e9rie Prata mas tamb\u00e9m considerando as s\u00e9ries Ouro e Bronze. O torcedor de Apucarana \u00e9 apaixonado, com presen\u00e7a marcante nos gin\u00e1sios e tenho certeza que lotar\u00e1 o gin\u00e1sio do Lago\u00e3o nestes dois jogos\u201d, comenta Junior da Femac.<\/p>\n<p>O jogo contra o Cascavel ser\u00e1 no dia 25 de fevereiro (um s\u00e1bado), com hor\u00e1rio previsto para as 19h30. J\u00e1 a partida contra o Corinthians ser\u00e1 no dia 1 de mar\u00e7o (quarta-feira), a partir das 20 horas. \u201cVamos em breve comunicar o valor dos ingressos e como funcionar\u00e1 o esquema para a venda de ingressos\u201d, informa o presidente do Apucarana Futsal.<\/p>\n<p>Acioli afirma que a pr\u00e9-temporada do Apucarana Futsal iniciar\u00e1 no dia 10 de fevereiro, com testes f\u00edsicos, avalia\u00e7\u00f5es de sa\u00fade e posteriormente os treinamentos. \u201cO nosso elenco \u00e9 composto por 14 atletas, muitos com experi\u00eancia nas s\u00e9ries Ouro e Prata\u201d, observa Acioli, acrescentando que o Apucarana ir\u00e1 estrear na Chave Prata no dia 4 de mar\u00e7o.<\/p>\n<p>O vice-prefeito, Paulo Vital, refor\u00e7a que a Prefeitura dar\u00e1 o apoio ao Apucarana Futsal, cedendo o gin\u00e1sio do Lago\u00e3o para os jogos e outras pra\u00e7as esportivas para treinamento, como os gin\u00e1sios \u00c1ureo Caixote e Esta\u00e7\u00e3o Cidadania. \u201cOuvimos da dire\u00e7\u00e3o do Apucarana Futsal que o Munic\u00edpio possui uma das melhores estruturas esportivas do Estado e isso ficar\u00e1 \u00e0 disposi\u00e7\u00e3o dos atletas, al\u00e9m do suporte da ambul\u00e2ncia e da Guarda Municipal nos jogos no Lago\u00e3o e do apoio no transporte quando os jogos forem fora de casa\u201d, pontua Vital.<\/p>\n<p>O empres\u00e1rio Luiz Hirose reafirmou que Apucarana \u00e9 reconhecida pela receptividade. \u201cSempre recebemos bem quem vem jogar aqui, seja em competi\u00e7\u00f5es ou em jogos amistosos. Os jogos contra o Corinthians e o Cascavel tamb\u00e9m servir\u00e3o, al\u00e9m da prepara\u00e7\u00e3o da equipe, de est\u00edmulo e inspira\u00e7\u00e3o para os jovens. Estamos ajudando a mobilizar os empres\u00e1rios para garantir o apoio necess\u00e1rio para que o Apucarana Futsal consiga o objetivo, que \u00e9 o acesso \u00e0 S\u00e9rie Ouro\u201d, refor\u00e7a Hirose.<\/p>\n","protected":false},"excerpt":{"rendered":"<p>Os dois maiores times do futsal brasileiro,&nbsp; o Corinthians (atual campe&atilde;o da Liga Nacional) e o Cascavel (atual campe&atilde;o da Libertadores de Futsal) jogar&atilde;o em Apucarana. Os jogos ser&atilde;o contra o Apucarana Futsal e acontecer&atilde;o nos dias 25 de fevereiro e 1 de mar&ccedil;o, no gin&aacute;sio do Lago&atilde;o. Al&eacute;m de um espet&aacute;culo para os torcedores, [&hellip;]<\/p>\n","protected":false},"author":6,"featured_media":76868,"comment_status":"closed","ping_status":"closed","sticky":false,"template":"","format":"standard","meta":{"footnotes":""},"categories":[24],"tags":[],"class_list":["post-76866","post","type-post","status-publish","format-standard","has-post-thumbnail","hentry","category-noticias"],"acf":[],"_links":{"self":[{"href":"http:\/\/www.apucarana.pr.gov.br\/site\/wp-json\/wp\/v2\/posts\/76866","targetHints":{"allow":["GET"]}}],"collection":[{"href":"http:\/\/www.apucarana.pr.gov.br\/site\/wp-json\/wp\/v2\/posts"}],"about":[{"href":"http:\/\/www.apucarana.pr.gov.br\/site\/wp-json\/wp\/v2\/types\/post"}],"author":[{"embeddable":true,"href":"http:\/\/www.apucarana.pr.gov.br\/site\/wp-json\/wp\/v2\/users\/6"}],"replies":[{"embeddable":true,"href":"http:\/\/www.apucarana.pr.gov.br\/site\/wp-json\/wp\/v2\/comments?post=76866"}],"version-history":[{"count":5,"href":"http:\/\/www.apucarana.pr.gov.br\/site\/wp-json\/wp\/v2\/posts\/76866\/revisions"}],"predecessor-version":[{"id":77134,"href":"http:\/\/www.apucarana.pr.gov.br\/site\/wp-json\/wp\/v2\/posts\/76866\/revisions\/77134"}],"wp:featuredmedia":[{"embeddable":true,"href":"http:\/\/www.apucarana.pr.gov.br\/site\/wp-json\/wp\/v2\/media\/76868"}],"wp:attachment":[{"href":"http:\/\/www.apucarana.pr.gov.br\/site\/wp-json\/wp\/v2\/media?parent=76866"}],"wp:term":[{"taxonomy":"category","embeddable":true,"href":"http:\/\/www.apucarana.pr.gov.br\/site\/wp-json\/wp\/v2\/categories?post=76866"},{"taxonomy":"post_tag","embeddable":true,"href":"http:\/\/www.apucarana.pr.gov.br\/site\/wp-json\/wp\/v2\/tags?post=76866"}],"curies":[{"name":"wp","href":"https:\/\/api.w.org\/{rel}","templated":true}]}}